{"id":2214,"date":"2023-03-28T13:34:24","date_gmt":"2023-03-28T11:34:24","guid":{"rendered":"https:\/\/agora.xtec.cat\/escolatorrelameu\/?p=2214"},"modified":"2023-05-09T13:54:03","modified_gmt":"2023-05-09T11:54:03","slug":"bachata-per-entrar","status":"publish","type":"post","link":"https:\/\/agora.xtec.cat\/escolatorrelameu\/general\/bachata-per-entrar\/","title":{"rendered":"&#8220;Bachata&#8221; per entrar"},"content":{"rendered":"<p><a href=\"https:\/\/agora.xtec.cat\/escolatorrelameu\/wp-content\/uploads\/usu2232\/2023\/03\/bachata.jpg\"><img loading=\"lazy\" decoding=\"async\" class=\"wp-image-2217 aligncenter\" src=\"https:\/\/agora.xtec.cat\/escolatorrelameu\/wp-content\/uploads\/usu2232\/2023\/03\/bachata.jpg\" alt=\"\" width=\"414\" height=\"233\" srcset=\"https:\/\/agora.xtec.cat\/escolatorrelameu\/wp-content\/uploads\/usu2232\/2023\/03\/bachata.jpg 1280w, https:\/\/agora.xtec.cat\/escolatorrelameu\/wp-content\/uploads\/usu2232\/2023\/03\/bachata-300x169.jpg 300w, https:\/\/agora.xtec.cat\/escolatorrelameu\/wp-content\/uploads\/usu2232\/2023\/03\/bachata-1024x576.jpg 1024w, https:\/\/agora.xtec.cat\/escolatorrelameu\/wp-content\/uploads\/usu2232\/2023\/03\/bachata-768x432.jpg 768w\" sizes=\"auto, (max-width: 414px) 100vw, 414px\" \/><\/a><\/p>\n<p>Va n\u00e9ixer a Santo Domingo en la d\u00e8cada dels 50 del segle passat; el seu m\u00e0xim representant \u00e9s el cantant dominic\u00e0 V\u00edctor V\u00edctor, encara que Juan Luis Guerra l&#8217;hagi exportat amb \u00e8xit amb temes com &#8220;Burbujas de amor&#8221; o &#8220;Bachata rosa.&#8221;<\/p>\n<p>Tradicionalment es balla a quatre passos amb una elevaci\u00f3 de maluc caracter\u00edstica i fora de la Rep\u00fablica Dominicana s&#8217;acostuma a ballar com un bolero ja que, r\u00edtmicament, \u00e9s molt semblant.<\/p>\n<p>Declarada patrimoni immaterial de la humanitat l&#8217;any 2019.<\/p>\n<p>&nbsp;<\/p>\n","protected":false},"excerpt":{"rendered":"<p><a href=\"https:\/\/agora.xtec.cat\/escolatorrelameu\/wp-content\/uploads\/usu2232\/2023\/03\/bachata.jpg\"><\/a><br \/>\nVa n\u00e9ixer a Santo Domingo en la d\u00e8cada dels 50 del segle passat; el seu m\u00e0xim representant \u00e9s el cantant dominic\u00e0 V\u00edctor V\u00edctor, encara que Juan Luis Guerra l&#8217;hagi exportat amb \u00e8xit amb temes com &#8220;Burbujas de amor&#8221; o &#8220;Bachata rosa.&#8221;<br \/>\nTradicionalment es balla a&hellip;  <a href=\"https:\/\/agora.xtec.cat\/escolatorrelameu\/general\/bachata-per-entrar\/\" title=\"Read &#8220;Bachata&#8221; per entrar\">Llegeix m\u00e9s\u00bb<\/a><\/p>\n","protected":false},"author":14,"featured_media":0,"comment_status":"open","ping_status":"closed","sticky":false,"template":"","format":"standard","meta":{"_bbp_topic_count":0,"_bbp_reply_count":0,"_bbp_total_topic_count":0,"_bbp_total_reply_count":0,"_bbp_voice_count":0,"_bbp_anonymous_reply_count":0,"_bbp_topic_count_hidden":0,"_bbp_reply_count_hidden":0,"_bbp_forum_subforum_count":0,"footnotes":""},"categories":[1],"tags":[],"class_list":["post-2214","post","type-post","status-publish","format-standard","hentry","category-general"],"post_mailing_queue_ids":[],"_links":{"self":[{"href":"https:\/\/agora.xtec.cat\/escolatorrelameu\/wp-json\/wp\/v2\/posts\/2214","targetHints":{"allow":["GET"]}}],"collection":[{"href":"https:\/\/agora.xtec.cat\/escolatorrelameu\/wp-json\/wp\/v2\/posts"}],"about":[{"href":"https:\/\/agora.xtec.cat\/escolatorrelameu\/wp-json\/wp\/v2\/types\/post"}],"author":[{"embeddable":true,"href":"https:\/\/agora.xtec.cat\/escolatorrelameu\/wp-json\/wp\/v2\/users\/14"}],"replies":[{"embeddable":true,"href":"https:\/\/agora.xtec.cat\/escolatorrelameu\/wp-json\/wp\/v2\/comments?post=2214"}],"version-history":[{"count":3,"href":"https:\/\/agora.xtec.cat\/escolatorrelameu\/wp-json\/wp\/v2\/posts\/2214\/revisions"}],"predecessor-version":[{"id":2354,"href":"https:\/\/agora.xtec.cat\/escolatorrelameu\/wp-json\/wp\/v2\/posts\/2214\/revisions\/2354"}],"wp:attachment":[{"href":"https:\/\/agora.xtec.cat\/escolatorrelameu\/wp-json\/wp\/v2\/media?parent=2214"}],"wp:term":[{"taxonomy":"category","embeddable":true,"href":"https:\/\/agora.xtec.cat\/escolatorrelameu\/wp-json\/wp\/v2\/categories?post=2214"},{"taxonomy":"post_tag","embeddable":true,"href":"https:\/\/agora.xtec.cat\/escolatorrelameu\/wp-json\/wp\/v2\/tags?post=2214"}],"curies":[{"name":"wp","href":"https:\/\/api.w.org\/{rel}","templated":true}]}}