{"id":2117,"date":"2023-02-27T17:48:13","date_gmt":"2023-02-27T16:48:13","guid":{"rendered":"https:\/\/agora.xtec.cat\/escolatorrelameu\/?p=2117"},"modified":"2023-02-28T13:42:12","modified_gmt":"2023-02-28T12:42:12","slug":"el-marro-i-els-colors-de-la-pell","status":"publish","type":"post","link":"https:\/\/agora.xtec.cat\/escolatorrelameu\/general\/el-marro-i-els-colors-de-la-pell\/","title":{"rendered":"El marr\u00f3 i els colors de la pell"},"content":{"rendered":"<p dir=\"auto\" style=\"text-align: justify;\"><em>Si barregem una mica de roig, groc i negre ens apareix el marr\u00f3.<\/em><\/p>\n<p dir=\"auto\" style=\"text-align: justify;\"><em>Si barregem blau, groc i roig ens apareix el marr\u00f3.<\/em><\/p>\n<p dir=\"auto\" style=\"text-align: justify;\"><em>Si barregem roig, verd i taronja ens apareix el marr\u00f3.<\/em><\/p>\n<p dir=\"auto\" style=\"text-align: justify;\"><em>Si barregem negre, verd i roig ens apareix el marro.<\/em><\/p>\n<p dir=\"auto\" style=\"text-align: justify;\">Aix\u00ed que per aconseguir el marr\u00f3, un color secundari molt present en el nostre entorn passem per diferents combinacions que ens porten a aconseguir una infinitat de tonalitats marronoses: beix, marr\u00f3 fosc, ocre, marr\u00f3 vermellenc, xocolata, caoba, bronze, siena, caf\u00e8, coure, s\u00e8pia, terracota, bru&#8230;<\/p>\n<p dir=\"auto\" style=\"text-align: justify;\">El marr\u00f3 \u00e9s un color predominant mirem on mirem: \u00e9s el color de la terra, del color dels ulls, la pell i dels cabells de la majoria dels humans, del pelatge dels animals, dels aliments de la cuina, de materials naturals,&#8230; \u00c9s el color de la tardor, de la calidesa, la saviesa&#8230; \u00c9s un color robust. Per\u00f2 tot i aix\u00f2, el marr\u00f3 t\u00e9 unes estranyes connotacions negatives i es relaciona amb la caca i la brut\u00edcia.<\/p>\n<p dir=\"auto\" style=\"text-align: justify;\">Per altra banda, hi ha una real f\u00f3rmula social per evitar dir que totes les pells s\u00f3n de color marr\u00f3. Inculcats equ\u00edvocament durant anys que alguns tenen la pell de color carn i altres la tenen negra, o, darrerament, marr\u00f3 fosc. Per\u00f2 quin \u00e9s el color carn? Analitzant aquest color, realment ning\u00fa t\u00e9 aquesta tonalitat de rosa fluix al seu cos.<\/p>\n<p dir=\"auto\"><a href=\"https:\/\/agora.xtec.cat\/escolatorrelameu\/wp-content\/uploads\/usu2232\/2023\/02\/IMG20230227095521_01-e1677498438290.jpg\"><img loading=\"lazy\" decoding=\"async\" class=\"aligncenter wp-image-2133 size-full\" src=\"https:\/\/agora.xtec.cat\/escolatorrelameu\/wp-content\/uploads\/usu2232\/2023\/02\/IMG20230227095521_01-e1677498438290.jpg\" alt=\"\" width=\"500\" height=\"375\" \/><\/a>Tota aquesta fonamentaci\u00f3, a l&#8217;escola de Torrelameu, la desmuntem oferint materials pl\u00e0stics per pintar diferents colors de la pell a les creacions de les nostres figures humanes, tamb\u00e9 explicant contes i fent activitats que facin evident la difer\u00e8ncia de tonalitats de la pell i la seva plasmaci\u00f3 en un paper.<\/p>\n<p dir=\"auto\"><a href=\"https:\/\/agora.xtec.cat\/escolatorrelameu\/wp-content\/uploads\/usu2232\/2023\/02\/IMG20230222160653.jpg\"><img loading=\"lazy\" decoding=\"async\" class=\"alignleft wp-image-2132\" src=\"https:\/\/agora.xtec.cat\/escolatorrelameu\/wp-content\/uploads\/usu2232\/2023\/02\/IMG20230222160653.jpg\" alt=\"\" width=\"500\" height=\"375\" srcset=\"https:\/\/agora.xtec.cat\/escolatorrelameu\/wp-content\/uploads\/usu2232\/2023\/02\/IMG20230222160653.jpg 1024w, https:\/\/agora.xtec.cat\/escolatorrelameu\/wp-content\/uploads\/usu2232\/2023\/02\/IMG20230222160653-300x225.jpg 300w, https:\/\/agora.xtec.cat\/escolatorrelameu\/wp-content\/uploads\/usu2232\/2023\/02\/IMG20230222160653-768x576.jpg 768w, https:\/\/agora.xtec.cat\/escolatorrelameu\/wp-content\/uploads\/usu2232\/2023\/02\/IMG20230222160653-200x150.jpg 200w\" sizes=\"auto, (max-width: 500px) 100vw, 500px\" \/><\/a><a href=\"https:\/\/agora.xtec.cat\/escolatorrelameu\/wp-content\/uploads\/usu2232\/2023\/02\/IMG20230227102401.jpg\"><img loading=\"lazy\" decoding=\"async\" class=\"alignright wp-image-2135\" src=\"https:\/\/agora.xtec.cat\/escolatorrelameu\/wp-content\/uploads\/usu2232\/2023\/02\/IMG20230227102401.jpg\" alt=\"\" width=\"375\" height=\"500\" srcset=\"https:\/\/agora.xtec.cat\/escolatorrelameu\/wp-content\/uploads\/usu2232\/2023\/02\/IMG20230227102401.jpg 768w, https:\/\/agora.xtec.cat\/escolatorrelameu\/wp-content\/uploads\/usu2232\/2023\/02\/IMG20230227102401-225x300.jpg 225w\" sizes=\"auto, (max-width: 375px) 100vw, 375px\" \/><\/a><\/p>\n","protected":false},"excerpt":{"rendered":"<p>Si barregem una mica de roig, groc i negre ens apareix el marr\u00f3.<br \/>\nSi barregem blau, groc i roig ens apareix el marr\u00f3.<br \/>\nSi barregem roig, verd i taronja ens apareix el marr\u00f3.<br \/>\nSi barregem negre, verd i roig ens apareix el marro.<br \/>\nAix\u00ed que per aconseguir el marr\u00f3,&hellip;  <a href=\"https:\/\/agora.xtec.cat\/escolatorrelameu\/general\/el-marro-i-els-colors-de-la-pell\/\" title=\"Read El marr\u00f3 i els colors de la pell\">Llegeix m\u00e9s\u00bb<\/a><\/p>\n","protected":false},"author":14,"featured_media":2133,"comment_status":"open","ping_status":"closed","sticky":false,"template":"","format":"standard","meta":{"_bbp_topic_count":0,"_bbp_reply_count":0,"_bbp_total_topic_count":0,"_bbp_total_reply_count":0,"_bbp_voice_count":0,"_bbp_anonymous_reply_count":0,"_bbp_topic_count_hidden":0,"_bbp_reply_count_hidden":0,"_bbp_forum_subforum_count":0,"footnotes":""},"categories":[1],"tags":[],"class_list":["post-2117","post","type-post","status-publish","format-standard","has-post-thumbnail","hentry","category-general"],"post_mailing_queue_ids":[],"_links":{"self":[{"href":"https:\/\/agora.xtec.cat\/escolatorrelameu\/wp-json\/wp\/v2\/posts\/2117","targetHints":{"allow":["GET"]}}],"collection":[{"href":"https:\/\/agora.xtec.cat\/escolatorrelameu\/wp-json\/wp\/v2\/posts"}],"about":[{"href":"https:\/\/agora.xtec.cat\/escolatorrelameu\/wp-json\/wp\/v2\/types\/post"}],"author":[{"embeddable":true,"href":"https:\/\/agora.xtec.cat\/escolatorrelameu\/wp-json\/wp\/v2\/users\/14"}],"replies":[{"embeddable":true,"href":"https:\/\/agora.xtec.cat\/escolatorrelameu\/wp-json\/wp\/v2\/comments?post=2117"}],"version-history":[{"count":3,"href":"https:\/\/agora.xtec.cat\/escolatorrelameu\/wp-json\/wp\/v2\/posts\/2117\/revisions"}],"predecessor-version":[{"id":2137,"href":"https:\/\/agora.xtec.cat\/escolatorrelameu\/wp-json\/wp\/v2\/posts\/2117\/revisions\/2137"}],"wp:featuredmedia":[{"embeddable":true,"href":"https:\/\/agora.xtec.cat\/escolatorrelameu\/wp-json\/wp\/v2\/media\/2133"}],"wp:attachment":[{"href":"https:\/\/agora.xtec.cat\/escolatorrelameu\/wp-json\/wp\/v2\/media?parent=2117"}],"wp:term":[{"taxonomy":"category","embeddable":true,"href":"https:\/\/agora.xtec.cat\/escolatorrelameu\/wp-json\/wp\/v2\/categories?post=2117"},{"taxonomy":"post_tag","embeddable":true,"href":"https:\/\/agora.xtec.cat\/escolatorrelameu\/wp-json\/wp\/v2\/tags?post=2117"}],"curies":[{"name":"wp","href":"https:\/\/api.w.org\/{rel}","templated":true}]}}