{"id":1975,"date":"2023-02-03T10:46:01","date_gmt":"2023-02-03T09:46:01","guid":{"rendered":"https:\/\/agora.xtec.cat\/escolatorrelameu\/?p=1975"},"modified":"2023-02-03T18:22:56","modified_gmt":"2023-02-03T17:22:56","slug":"us-posem-al-dia-del-que-hem-fet-a-petits-cinema-en-curs","status":"publish","type":"post","link":"https:\/\/agora.xtec.cat\/escolatorrelameu\/general\/us-posem-al-dia-del-que-hem-fet-a-petits-cinema-en-curs\/","title":{"rendered":"Us posem al dia del que hem fet a &#8220;Petit Cinema en Curs&#8221;"},"content":{"rendered":"<p>Descobrint els inicis de la fotografia, amb la construcci\u00f3 d&#8217;una cambra fosca, l&#8217;an\u00e0lisi de les primeres fotografies.\u00a0 Ens adonem que han passat moltes coses pel cam\u00ed fins arribar a la fotografia actual.<\/p>\n<p><strong><a href=\"https:\/\/www.cinemaencurs.org\/ca\/post-diari\/la-imatge-passa-un-forat\">La imatge passa per un forat!!!<\/a>\u00a0<\/strong>construcci\u00f3\u00a0 i experimentaci\u00f3 amb la cambra fosca<a href=\"https:\/\/www.cinemaencurs.org\/ca\/post-diari\/la-imatge-passa-un-forat\"><img loading=\"lazy\" decoding=\"async\" class=\"aligncenter size-full wp-image-1980\" src=\"https:\/\/agora.xtec.cat\/escolatorrelameu\/wp-content\/uploads\/usu2232\/2023\/02\/foto-cambra-fosca.jpg\" alt=\"\" width=\"2419\" height=\"1733\" srcset=\"https:\/\/agora.xtec.cat\/escolatorrelameu\/wp-content\/uploads\/usu2232\/2023\/02\/foto-cambra-fosca.jpg 2419w, https:\/\/agora.xtec.cat\/escolatorrelameu\/wp-content\/uploads\/usu2232\/2023\/02\/foto-cambra-fosca-300x215.jpg 300w, https:\/\/agora.xtec.cat\/escolatorrelameu\/wp-content\/uploads\/usu2232\/2023\/02\/foto-cambra-fosca-1024x734.jpg 1024w, https:\/\/agora.xtec.cat\/escolatorrelameu\/wp-content\/uploads\/usu2232\/2023\/02\/foto-cambra-fosca-768x550.jpg 768w, https:\/\/agora.xtec.cat\/escolatorrelameu\/wp-content\/uploads\/usu2232\/2023\/02\/foto-cambra-fosca-1536x1100.jpg 1536w, https:\/\/agora.xtec.cat\/escolatorrelameu\/wp-content\/uploads\/usu2232\/2023\/02\/foto-cambra-fosca-2048x1467.jpg 2048w\" sizes=\"auto, (max-width: 2419px) 100vw, 2419px\" \/><\/a><\/p>\n<p><strong><a href=\"https:\/\/www.cinemaencurs.org\/ca\/post-diari\/analisi-dels-origens-de-la-fotografia\">An\u00e0lisi dels or\u00edgens de la fotografia<\/a>.<\/strong> Observar la qualitat, el tipus de fotografia, el temps d&#8217;exposici\u00f3, el moviment&#8230;.<\/p>\n<p><a href=\"https:\/\/www.cinemaencurs.org\/ca\/post-diari\/explorant-la-fotografia-de-jordi-bernado\"><strong>Explorant la fotografia de JORDI BERNAD\u00d3 <\/strong><\/a><\/p>\n<p>En Jordi Bernad\u00f3, concep la fotografia com una forma de coneixement i una manera d&#8217;aproximar-se a la ciutat, l&#8217;arquitectura i el paisatge urb\u00e0.<\/p>\n<p><a href=\"https:\/\/agora.xtec.cat\/escolatorrelameu\/wp-content\/uploads\/usu2232\/2023\/02\/Fortuna-WE-32.1-jordi.jpg\">Fortuna .Jordi Bernad\u00f3<img loading=\"lazy\" decoding=\"async\" class=\"wp-image-1984 alignleft\" src=\"https:\/\/agora.xtec.cat\/escolatorrelameu\/wp-content\/uploads\/usu2232\/2023\/02\/Fortuna-WE-32.1-jordi.jpg\" alt=\"\" width=\"142\" height=\"110\" srcset=\"https:\/\/agora.xtec.cat\/escolatorrelameu\/wp-content\/uploads\/usu2232\/2023\/02\/Fortuna-WE-32.1-jordi.jpg 1200w, https:\/\/agora.xtec.cat\/escolatorrelameu\/wp-content\/uploads\/usu2232\/2023\/02\/Fortuna-WE-32.1-jordi-300x232.jpg 300w, https:\/\/agora.xtec.cat\/escolatorrelameu\/wp-content\/uploads\/usu2232\/2023\/02\/Fortuna-WE-32.1-jordi-1024x793.jpg 1024w, https:\/\/agora.xtec.cat\/escolatorrelameu\/wp-content\/uploads\/usu2232\/2023\/02\/Fortuna-WE-32.1-jordi-768x595.jpg 768w\" sizes=\"auto, (max-width: 142px) 100vw, 142px\" \/><\/a><\/p>\n<p>Hem aprofitat la seva imatge<strong> Fortuna<\/strong>, per complementar el treball de l\u00ednies i geometria que estem treballant a l&#8217;aula i al\u00a0 mateix temps endinsar-nos al\u00a0 m\u00f3n creatiu de la fotografia: enquadrar, enfocar, buscar la sensaci\u00f3 de buidor en els espais&#8230; aconseguir que la foto comuniqui all\u00f2 que busquem no \u00e9s gens f\u00e0cil.<\/p>\n\n\t\t<style type=\"text\/css\">\n\t\t\t#gallery-1 {\n\t\t\t\tmargin: auto;\n\t\t\t}\n\t\t\t#gallery-1 .gallery-item {\n\t\t\t\tfloat: left;\n\t\t\t\tmargin-top: 10px;\n\t\t\t\ttext-align: center;\n\t\t\t\twidth: 33%;\n\t\t\t}\n\t\t\t#gallery-1 img {\n\t\t\t\tborder: 2px solid #cfcfcf;\n\t\t\t}\n\t\t\t#gallery-1 .gallery-caption {\n\t\t\t\tmargin-left: 0;\n\t\t\t}\n\t\t\t\/* see gallery_shortcode() in wp-includes\/media.php *\/\n\t\t<\/style>\n\t\t<div id='gallery-1' class='gallery galleryid-1975 gallery-columns-3 gallery-size-medium'><dl class='gallery-item'>\n\t\t\t<dt class='gallery-icon portrait'>\n\t\t\t\t<a href='https:\/\/agora.xtec.cat\/escolatorrelameu\/general\/us-posem-al-dia-del-que-hem-fet-a-petits-cinema-en-curs\/attachment\/img_4559\/'><img loading=\"lazy\" decoding=\"async\" width=\"242\" height=\"300\" src=\"https:\/\/agora.xtec.cat\/escolatorrelameu\/wp-content\/uploads\/usu2232\/2023\/02\/IMG_4559-242x300.jpg\" class=\"attachment-medium size-medium\" alt=\"\" srcset=\"https:\/\/agora.xtec.cat\/escolatorrelameu\/wp-content\/uploads\/usu2232\/2023\/02\/IMG_4559-242x300.jpg 242w, https:\/\/agora.xtec.cat\/escolatorrelameu\/wp-content\/uploads\/usu2232\/2023\/02\/IMG_4559-825x1024.jpg 825w, https:\/\/agora.xtec.cat\/escolatorrelameu\/wp-content\/uploads\/usu2232\/2023\/02\/IMG_4559-768x953.jpg 768w, https:\/\/agora.xtec.cat\/escolatorrelameu\/wp-content\/uploads\/usu2232\/2023\/02\/IMG_4559-1238x1536.jpg 1238w, https:\/\/agora.xtec.cat\/escolatorrelameu\/wp-content\/uploads\/usu2232\/2023\/02\/IMG_4559.jpg 1479w\" sizes=\"auto, (max-width: 242px) 100vw, 242px\" \/><\/a>\n\t\t\t<\/dt><\/dl><dl class='gallery-item'>\n\t\t\t<dt class='gallery-icon portrait'>\n\t\t\t\t<a href='https:\/\/agora.xtec.cat\/escolatorrelameu\/general\/us-posem-al-dia-del-que-hem-fet-a-petits-cinema-en-curs\/attachment\/img_4560\/'><img loading=\"lazy\" decoding=\"async\" width=\"238\" height=\"300\" src=\"https:\/\/agora.xtec.cat\/escolatorrelameu\/wp-content\/uploads\/usu2232\/2023\/02\/IMG_4560-238x300.jpg\" class=\"attachment-medium size-medium\" alt=\"\" srcset=\"https:\/\/agora.xtec.cat\/escolatorrelameu\/wp-content\/uploads\/usu2232\/2023\/02\/IMG_4560-238x300.jpg 238w, https:\/\/agora.xtec.cat\/escolatorrelameu\/wp-content\/uploads\/usu2232\/2023\/02\/IMG_4560-811x1024.jpg 811w, https:\/\/agora.xtec.cat\/escolatorrelameu\/wp-content\/uploads\/usu2232\/2023\/02\/IMG_4560-768x969.jpg 768w, https:\/\/agora.xtec.cat\/escolatorrelameu\/wp-content\/uploads\/usu2232\/2023\/02\/IMG_4560-1217x1536.jpg 1217w, https:\/\/agora.xtec.cat\/escolatorrelameu\/wp-content\/uploads\/usu2232\/2023\/02\/IMG_4560-1623x2048.jpg 1623w, https:\/\/agora.xtec.cat\/escolatorrelameu\/wp-content\/uploads\/usu2232\/2023\/02\/IMG_4560.jpg 1875w\" sizes=\"auto, (max-width: 238px) 100vw, 238px\" \/><\/a>\n\t\t\t<\/dt><\/dl><dl class='gallery-item'>\n\t\t\t<dt class='gallery-icon portrait'>\n\t\t\t\t<a href='https:\/\/agora.xtec.cat\/escolatorrelameu\/general\/us-posem-al-dia-del-que-hem-fet-a-petits-cinema-en-curs\/attachment\/img_4561\/'><img loading=\"lazy\" decoding=\"async\" width=\"238\" height=\"300\" src=\"https:\/\/agora.xtec.cat\/escolatorrelameu\/wp-content\/uploads\/usu2232\/2023\/02\/IMG_4561-238x300.jpg\" class=\"attachment-medium size-medium\" alt=\"\" srcset=\"https:\/\/agora.xtec.cat\/escolatorrelameu\/wp-content\/uploads\/usu2232\/2023\/02\/IMG_4561-238x300.jpg 238w, https:\/\/agora.xtec.cat\/escolatorrelameu\/wp-content\/uploads\/usu2232\/2023\/02\/IMG_4561-812x1024.jpg 812w, https:\/\/agora.xtec.cat\/escolatorrelameu\/wp-content\/uploads\/usu2232\/2023\/02\/IMG_4561-768x968.jpg 768w, https:\/\/agora.xtec.cat\/escolatorrelameu\/wp-content\/uploads\/usu2232\/2023\/02\/IMG_4561-1219x1536.jpg 1219w, https:\/\/agora.xtec.cat\/escolatorrelameu\/wp-content\/uploads\/usu2232\/2023\/02\/IMG_4561-1625x2048.jpg 1625w, https:\/\/agora.xtec.cat\/escolatorrelameu\/wp-content\/uploads\/usu2232\/2023\/02\/IMG_4561.jpg 1862w\" sizes=\"auto, (max-width: 238px) 100vw, 238px\" \/><\/a>\n\t\t\t<\/dt><\/dl><br style=\"clear: both\" \/><dl class='gallery-item'>\n\t\t\t<dt class='gallery-icon portrait'>\n\t\t\t\t<a href='https:\/\/agora.xtec.cat\/escolatorrelameu\/general\/us-posem-al-dia-del-que-hem-fet-a-petits-cinema-en-curs\/attachment\/img_4562\/'><img loading=\"lazy\" decoding=\"async\" width=\"243\" height=\"300\" src=\"https:\/\/agora.xtec.cat\/escolatorrelameu\/wp-content\/uploads\/usu2232\/2023\/02\/IMG_4562-243x300.jpg\" class=\"attachment-medium size-medium\" alt=\"\" srcset=\"https:\/\/agora.xtec.cat\/escolatorrelameu\/wp-content\/uploads\/usu2232\/2023\/02\/IMG_4562-243x300.jpg 243w, https:\/\/agora.xtec.cat\/escolatorrelameu\/wp-content\/uploads\/usu2232\/2023\/02\/IMG_4562-830x1024.jpg 830w, https:\/\/agora.xtec.cat\/escolatorrelameu\/wp-content\/uploads\/usu2232\/2023\/02\/IMG_4562-768x948.jpg 768w, https:\/\/agora.xtec.cat\/escolatorrelameu\/wp-content\/uploads\/usu2232\/2023\/02\/IMG_4562-1244x1536.jpg 1244w, https:\/\/agora.xtec.cat\/escolatorrelameu\/wp-content\/uploads\/usu2232\/2023\/02\/IMG_4562-1659x2048.jpg 1659w\" sizes=\"auto, (max-width: 243px) 100vw, 243px\" \/><\/a>\n\t\t\t<\/dt><\/dl><dl class='gallery-item'>\n\t\t\t<dt class='gallery-icon portrait'>\n\t\t\t\t<a href='https:\/\/agora.xtec.cat\/escolatorrelameu\/general\/us-posem-al-dia-del-que-hem-fet-a-petits-cinema-en-curs\/attachment\/img_4564\/'><img loading=\"lazy\" decoding=\"async\" width=\"246\" height=\"300\" src=\"https:\/\/agora.xtec.cat\/escolatorrelameu\/wp-content\/uploads\/usu2232\/2023\/02\/IMG_4564-246x300.jpg\" class=\"attachment-medium size-medium\" alt=\"\" srcset=\"https:\/\/agora.xtec.cat\/escolatorrelameu\/wp-content\/uploads\/usu2232\/2023\/02\/IMG_4564-246x300.jpg 246w, https:\/\/agora.xtec.cat\/escolatorrelameu\/wp-content\/uploads\/usu2232\/2023\/02\/IMG_4564-839x1024.jpg 839w, https:\/\/agora.xtec.cat\/escolatorrelameu\/wp-content\/uploads\/usu2232\/2023\/02\/IMG_4564-768x938.jpg 768w, https:\/\/agora.xtec.cat\/escolatorrelameu\/wp-content\/uploads\/usu2232\/2023\/02\/IMG_4564-1258x1536.jpg 1258w, https:\/\/agora.xtec.cat\/escolatorrelameu\/wp-content\/uploads\/usu2232\/2023\/02\/IMG_4564-1677x2048.jpg 1677w, https:\/\/agora.xtec.cat\/escolatorrelameu\/wp-content\/uploads\/usu2232\/2023\/02\/IMG_4564.jpg 1933w\" sizes=\"auto, (max-width: 246px) 100vw, 246px\" \/><\/a>\n\t\t\t<\/dt><\/dl><dl class='gallery-item'>\n\t\t\t<dt class='gallery-icon portrait'>\n\t\t\t\t<a href='https:\/\/agora.xtec.cat\/escolatorrelameu\/general\/us-posem-al-dia-del-que-hem-fet-a-petits-cinema-en-curs\/attachment\/img_4565\/'><img loading=\"lazy\" decoding=\"async\" width=\"233\" height=\"300\" src=\"https:\/\/agora.xtec.cat\/escolatorrelameu\/wp-content\/uploads\/usu2232\/2023\/02\/IMG_4565-233x300.jpg\" class=\"attachment-medium size-medium\" alt=\"\" srcset=\"https:\/\/agora.xtec.cat\/escolatorrelameu\/wp-content\/uploads\/usu2232\/2023\/02\/IMG_4565-233x300.jpg 233w, https:\/\/agora.xtec.cat\/escolatorrelameu\/wp-content\/uploads\/usu2232\/2023\/02\/IMG_4565-794x1024.jpg 794w, https:\/\/agora.xtec.cat\/escolatorrelameu\/wp-content\/uploads\/usu2232\/2023\/02\/IMG_4565-768x990.jpg 768w, https:\/\/agora.xtec.cat\/escolatorrelameu\/wp-content\/uploads\/usu2232\/2023\/02\/IMG_4565-1192x1536.jpg 1192w, https:\/\/agora.xtec.cat\/escolatorrelameu\/wp-content\/uploads\/usu2232\/2023\/02\/IMG_4565-1589x2048.jpg 1589w, https:\/\/agora.xtec.cat\/escolatorrelameu\/wp-content\/uploads\/usu2232\/2023\/02\/IMG_4565-scaled.jpg 1986w\" sizes=\"auto, (max-width: 233px) 100vw, 233px\" \/><\/a>\n\t\t\t<\/dt><\/dl><br style=\"clear: both\" \/><dl class='gallery-item'>\n\t\t\t<dt class='gallery-icon portrait'>\n\t\t\t\t<a href='https:\/\/agora.xtec.cat\/escolatorrelameu\/general\/us-posem-al-dia-del-que-hem-fet-a-petits-cinema-en-curs\/attachment\/img_4566\/'><img loading=\"lazy\" decoding=\"async\" width=\"234\" height=\"300\" src=\"https:\/\/agora.xtec.cat\/escolatorrelameu\/wp-content\/uploads\/usu2232\/2023\/02\/IMG_4566-234x300.jpg\" class=\"attachment-medium size-medium\" alt=\"\" srcset=\"https:\/\/agora.xtec.cat\/escolatorrelameu\/wp-content\/uploads\/usu2232\/2023\/02\/IMG_4566-234x300.jpg 234w, https:\/\/agora.xtec.cat\/escolatorrelameu\/wp-content\/uploads\/usu2232\/2023\/02\/IMG_4566-800x1024.jpg 800w, https:\/\/agora.xtec.cat\/escolatorrelameu\/wp-content\/uploads\/usu2232\/2023\/02\/IMG_4566-768x983.jpg 768w, https:\/\/agora.xtec.cat\/escolatorrelameu\/wp-content\/uploads\/usu2232\/2023\/02\/IMG_4566-1201x1536.jpg 1201w, https:\/\/agora.xtec.cat\/escolatorrelameu\/wp-content\/uploads\/usu2232\/2023\/02\/IMG_4566-1601x2048.jpg 1601w, https:\/\/agora.xtec.cat\/escolatorrelameu\/wp-content\/uploads\/usu2232\/2023\/02\/IMG_4566-scaled.jpg 2001w\" sizes=\"auto, (max-width: 234px) 100vw, 234px\" \/><\/a>\n\t\t\t<\/dt><\/dl><dl class='gallery-item'>\n\t\t\t<dt class='gallery-icon portrait'>\n\t\t\t\t<a href='https:\/\/agora.xtec.cat\/escolatorrelameu\/general\/us-posem-al-dia-del-que-hem-fet-a-petits-cinema-en-curs\/attachment\/img_4567\/'><img loading=\"lazy\" decoding=\"async\" width=\"251\" height=\"300\" src=\"https:\/\/agora.xtec.cat\/escolatorrelameu\/wp-content\/uploads\/usu2232\/2023\/02\/IMG_4567-251x300.jpg\" class=\"attachment-medium size-medium\" alt=\"\" srcset=\"https:\/\/agora.xtec.cat\/escolatorrelameu\/wp-content\/uploads\/usu2232\/2023\/02\/IMG_4567-251x300.jpg 251w, https:\/\/agora.xtec.cat\/escolatorrelameu\/wp-content\/uploads\/usu2232\/2023\/02\/IMG_4567-856x1024.jpg 856w, https:\/\/agora.xtec.cat\/escolatorrelameu\/wp-content\/uploads\/usu2232\/2023\/02\/IMG_4567-768x918.jpg 768w, https:\/\/agora.xtec.cat\/escolatorrelameu\/wp-content\/uploads\/usu2232\/2023\/02\/IMG_4567-1284x1536.jpg 1284w, https:\/\/agora.xtec.cat\/escolatorrelameu\/wp-content\/uploads\/usu2232\/2023\/02\/IMG_4567-1712x2048.jpg 1712w\" sizes=\"auto, (max-width: 251px) 100vw, 251px\" \/><\/a>\n\t\t\t<\/dt><\/dl>\n\t\t\t<br style='clear: both' \/>\n\t\t<\/div>\n\n<p>&nbsp;<\/p>\n<p>&nbsp;<\/p>\n","protected":false},"excerpt":{"rendered":"<p>Descobrint els inicis de la fotografia, amb la construcci\u00f3 d&#8217;una cambra fosca, l&#8217;an\u00e0lisi de les primeres fotografies.\u00a0 Ens adonem que han passat moltes coses pel cam\u00ed fins arribar a la fotografia actual.<br \/>\n<a href=\"https:\/\/www.cinemaencurs.org\/ca\/post-diari\/la-imatge-passa-un-forat\">La imatge passa per un forat!!!<\/a>\u00a0construcci\u00f3\u00a0 i experimentaci\u00f3 amb la cambra fosca<a href=\"https:\/\/www.cinemaencurs.org\/ca\/post-diari\/la-imatge-passa-un-forat\"><\/a><br \/>\n<a&hellip;  <a href=\"https:\/\/agora.xtec.cat\/escolatorrelameu\/general\/us-posem-al-dia-del-que-hem-fet-a-petits-cinema-en-curs\/\" title=\"Read Us posem al dia del que hem fet a &#8220;Petit Cinema en Curs&#8221;\">Llegeix m\u00e9s\u00bb<\/a><\/p>\n","protected":false},"author":14,"featured_media":0,"comment_status":"open","ping_status":"closed","sticky":false,"template":"","format":"standard","meta":{"_bbp_topic_count":0,"_bbp_reply_count":0,"_bbp_total_topic_count":0,"_bbp_total_reply_count":0,"_bbp_voice_count":0,"_bbp_anonymous_reply_count":0,"_bbp_topic_count_hidden":0,"_bbp_reply_count_hidden":0,"_bbp_forum_subforum_count":0,"footnotes":""},"categories":[1,62,5],"tags":[],"class_list":["post-1975","post","type-post","status-publish","format-standard","hentry","category-general","category-mitjans","category-primaria"],"post_mailing_queue_ids":[],"_links":{"self":[{"href":"https:\/\/agora.xtec.cat\/escolatorrelameu\/wp-json\/wp\/v2\/posts\/1975","targetHints":{"allow":["GET"]}}],"collection":[{"href":"https:\/\/agora.xtec.cat\/escolatorrelameu\/wp-json\/wp\/v2\/posts"}],"about":[{"href":"https:\/\/agora.xtec.cat\/escolatorrelameu\/wp-json\/wp\/v2\/types\/post"}],"author":[{"embeddable":true,"href":"https:\/\/agora.xtec.cat\/escolatorrelameu\/wp-json\/wp\/v2\/users\/14"}],"replies":[{"embeddable":true,"href":"https:\/\/agora.xtec.cat\/escolatorrelameu\/wp-json\/wp\/v2\/comments?post=1975"}],"version-history":[{"count":3,"href":"https:\/\/agora.xtec.cat\/escolatorrelameu\/wp-json\/wp\/v2\/posts\/1975\/revisions"}],"predecessor-version":[{"id":1997,"href":"https:\/\/agora.xtec.cat\/escolatorrelameu\/wp-json\/wp\/v2\/posts\/1975\/revisions\/1997"}],"wp:attachment":[{"href":"https:\/\/agora.xtec.cat\/escolatorrelameu\/wp-json\/wp\/v2\/media?parent=1975"}],"wp:term":[{"taxonomy":"category","embeddable":true,"href":"https:\/\/agora.xtec.cat\/escolatorrelameu\/wp-json\/wp\/v2\/categories?post=1975"},{"taxonomy":"post_tag","embeddable":true,"href":"https:\/\/agora.xtec.cat\/escolatorrelameu\/wp-json\/wp\/v2\/tags?post=1975"}],"curies":[{"name":"wp","href":"https:\/\/api.w.org\/{rel}","templated":true}]}}