{"id":1950,"date":"2023-01-27T13:35:29","date_gmt":"2023-01-27T12:35:29","guid":{"rendered":"https:\/\/agora.xtec.cat\/escolatorrelameu\/?p=1950"},"modified":"2023-01-28T09:30:13","modified_gmt":"2023-01-28T08:30:13","slug":"camins-sonors","status":"publish","type":"post","link":"https:\/\/agora.xtec.cat\/escolatorrelameu\/general\/camins-sonors\/","title":{"rendered":"Camins sonors"},"content":{"rendered":"<p>La m\u00fasica i la humanitat van lligades. Des dels inicis, quan els nostres avantpassats pintaven a les coves, ja es fabricaven instruments per gaudir dels sons, les repeticions i les melodies&#8230;<\/p>\n<p><a href=\"https:\/\/agora.xtec.cat\/escolatorrelameu\/wp-content\/uploads\/usu2232\/2023\/01\/musica.jpg\"><img loading=\"lazy\" decoding=\"async\" class=\"aligncenter size-full wp-image-1951\" src=\"https:\/\/agora.xtec.cat\/escolatorrelameu\/wp-content\/uploads\/usu2232\/2023\/01\/musica.jpg\" alt=\"\" width=\"1600\" height=\"1066\" srcset=\"https:\/\/agora.xtec.cat\/escolatorrelameu\/wp-content\/uploads\/usu2232\/2023\/01\/musica.jpg 1600w, https:\/\/agora.xtec.cat\/escolatorrelameu\/wp-content\/uploads\/usu2232\/2023\/01\/musica-300x200.jpg 300w, https:\/\/agora.xtec.cat\/escolatorrelameu\/wp-content\/uploads\/usu2232\/2023\/01\/musica-1024x682.jpg 1024w, https:\/\/agora.xtec.cat\/escolatorrelameu\/wp-content\/uploads\/usu2232\/2023\/01\/musica-768x512.jpg 768w, https:\/\/agora.xtec.cat\/escolatorrelameu\/wp-content\/uploads\/usu2232\/2023\/01\/musica-1536x1023.jpg 1536w\" sizes=\"auto, (max-width: 1600px) 100vw, 1600px\" \/><\/a><\/p>\n<p>La m\u00fasica ens estimula en molts sentits i a trav\u00e9s de tots els sentits, \u00e9s per aix\u00f2 que \u00e9s present a totes les cultures d&#8217;arreu del m\u00f3n i des del seu inici. Acaben posant paraules a les nostres emocions&#8230; Ens recorden els nostres somnis i ens reafirmen els desitjos&#8230; Ens consolen i ens encoratgen&#8230; Ens alegren i ens fiquen nervioses&#8230; Ens calmen i ens desperten la creativitat&#8230;<\/p>\n<p>Viure la m\u00fasica, sentir-la a trav\u00e9s de tots els porus del cos, entendre i acollir les lletres,&#8230; s\u00f3n la base del treball que fem a les aules de l&#8217;escola. Cada dia entrem i sortim amb m\u00fasica, i aix\u00f2 ens proporciona calma, benestar, comoditat,&#8230;<\/p>\n<p>Al bloc, al tauler d&#8217;anuncis i en propostes pedag\u00f2giques&#8230; us anirem informant de quina \u00e9s la m\u00fasica que ara estem escoltant i treballant&#8230; En direm camins sonors.<\/p>\n","protected":false},"excerpt":{"rendered":"<p>La m\u00fasica i la humanitat van lligades. Des dels inicis, quan els nostres avantpassats pintaven a les coves, ja es fabricaven instruments per gaudir dels sons, les repeticions i les melodies&#8230;<br \/>\n<a href=\"https:\/\/agora.xtec.cat\/escolatorrelameu\/wp-content\/uploads\/usu2232\/2023\/01\/musica.jpg\"><\/a><br \/>\nLa m\u00fasica ens estimula en molts sentits i a trav\u00e9s de tots els sentits,&hellip;  <a href=\"https:\/\/agora.xtec.cat\/escolatorrelameu\/general\/camins-sonors\/\" title=\"Read Camins sonors\">Llegeix m\u00e9s\u00bb<\/a><\/p>\n","protected":false},"author":14,"featured_media":1951,"comment_status":"open","ping_status":"closed","sticky":false,"template":"","format":"standard","meta":{"_bbp_topic_count":0,"_bbp_reply_count":0,"_bbp_total_topic_count":0,"_bbp_total_reply_count":0,"_bbp_voice_count":0,"_bbp_anonymous_reply_count":0,"_bbp_topic_count_hidden":0,"_bbp_reply_count_hidden":0,"_bbp_forum_subforum_count":0,"footnotes":""},"categories":[1],"tags":[],"class_list":["post-1950","post","type-post","status-publish","format-standard","has-post-thumbnail","hentry","category-general"],"post_mailing_queue_ids":[],"_links":{"self":[{"href":"https:\/\/agora.xtec.cat\/escolatorrelameu\/wp-json\/wp\/v2\/posts\/1950","targetHints":{"allow":["GET"]}}],"collection":[{"href":"https:\/\/agora.xtec.cat\/escolatorrelameu\/wp-json\/wp\/v2\/posts"}],"about":[{"href":"https:\/\/agora.xtec.cat\/escolatorrelameu\/wp-json\/wp\/v2\/types\/post"}],"author":[{"embeddable":true,"href":"https:\/\/agora.xtec.cat\/escolatorrelameu\/wp-json\/wp\/v2\/users\/14"}],"replies":[{"embeddable":true,"href":"https:\/\/agora.xtec.cat\/escolatorrelameu\/wp-json\/wp\/v2\/comments?post=1950"}],"version-history":[{"count":1,"href":"https:\/\/agora.xtec.cat\/escolatorrelameu\/wp-json\/wp\/v2\/posts\/1950\/revisions"}],"predecessor-version":[{"id":1952,"href":"https:\/\/agora.xtec.cat\/escolatorrelameu\/wp-json\/wp\/v2\/posts\/1950\/revisions\/1952"}],"wp:featuredmedia":[{"embeddable":true,"href":"https:\/\/agora.xtec.cat\/escolatorrelameu\/wp-json\/wp\/v2\/media\/1951"}],"wp:attachment":[{"href":"https:\/\/agora.xtec.cat\/escolatorrelameu\/wp-json\/wp\/v2\/media?parent=1950"}],"wp:term":[{"taxonomy":"category","embeddable":true,"href":"https:\/\/agora.xtec.cat\/escolatorrelameu\/wp-json\/wp\/v2\/categories?post=1950"},{"taxonomy":"post_tag","embeddable":true,"href":"https:\/\/agora.xtec.cat\/escolatorrelameu\/wp-json\/wp\/v2\/tags?post=1950"}],"curies":[{"name":"wp","href":"https:\/\/api.w.org\/{rel}","templated":true}]}}