{"id":1942,"date":"2023-01-24T13:55:11","date_gmt":"2023-01-24T12:55:11","guid":{"rendered":"https:\/\/agora.xtec.cat\/escolatorrelameu\/?p=1942"},"modified":"2023-01-24T13:56:04","modified_gmt":"2023-01-24T12:56:04","slug":"dominants-relacions-i-punts-de-color","status":"publish","type":"post","link":"https:\/\/agora.xtec.cat\/escolatorrelameu\/general\/dominants-relacions-i-punts-de-color\/","title":{"rendered":"Dominants, relacions i punts de color"},"content":{"rendered":"<p><em>Qu\u00e8 s\u00f3n els dominants o les monocromies?<\/em> La monocromia descriu les pintures, dibuixos, dissenys o fotografies en un color o en tons d&#8217;un sol color.<\/p>\n<p><em>I les relacions de color?<\/em> S\u00f3n les connexions que s&#8217;estableixen entre els colors de determinades captures, seq\u00fc\u00e8ncies o imatges.<\/p>\n<p><em>I la darrera pregunta, i els punts de color?<\/em> Diem punt de color en una imatge hi ha alguna taca, punt o franja que crea una tend\u00e8ncia, dinamisme, atenci\u00f3&#8230; diferent a la resta de la fotografia, disseny, composici\u00f3&#8230;<\/p>\n<p><a href=\"https:\/\/agora.xtec.cat\/escolatorrelameu\/wp-content\/uploads\/usu2232\/2023\/01\/IMG20230123121607_01.jpg\"><img loading=\"lazy\" decoding=\"async\" class=\"aligncenter wp-image-1943 size-full\" src=\"https:\/\/agora.xtec.cat\/escolatorrelameu\/wp-content\/uploads\/usu2232\/2023\/01\/IMG20230123121607_01-e1674564809977.jpg\" alt=\"\" width=\"1052\" height=\"1068\" srcset=\"https:\/\/agora.xtec.cat\/escolatorrelameu\/wp-content\/uploads\/usu2232\/2023\/01\/IMG20230123121607_01-e1674564809977.jpg 1052w, https:\/\/agora.xtec.cat\/escolatorrelameu\/wp-content\/uploads\/usu2232\/2023\/01\/IMG20230123121607_01-e1674564809977-296x300.jpg 296w, https:\/\/agora.xtec.cat\/escolatorrelameu\/wp-content\/uploads\/usu2232\/2023\/01\/IMG20230123121607_01-e1674564809977-1009x1024.jpg 1009w, https:\/\/agora.xtec.cat\/escolatorrelameu\/wp-content\/uploads\/usu2232\/2023\/01\/IMG20230123121607_01-e1674564809977-768x780.jpg 768w\" sizes=\"auto, (max-width: 1052px) 100vw, 1052px\" \/><\/a> <a href=\"https:\/\/agora.xtec.cat\/escolatorrelameu\/wp-content\/uploads\/usu2232\/2023\/01\/IMG20230123120235_01.jpg\"><img loading=\"lazy\" decoding=\"async\" class=\"aligncenter size-full wp-image-1945\" src=\"https:\/\/agora.xtec.cat\/escolatorrelameu\/wp-content\/uploads\/usu2232\/2023\/01\/IMG20230123120235_01.jpg\" alt=\"\" width=\"1600\" height=\"1200\" srcset=\"https:\/\/agora.xtec.cat\/escolatorrelameu\/wp-content\/uploads\/usu2232\/2023\/01\/IMG20230123120235_01.jpg 1600w, https:\/\/agora.xtec.cat\/escolatorrelameu\/wp-content\/uploads\/usu2232\/2023\/01\/IMG20230123120235_01-300x225.jpg 300w, https:\/\/agora.xtec.cat\/escolatorrelameu\/wp-content\/uploads\/usu2232\/2023\/01\/IMG20230123120235_01-1024x768.jpg 1024w, https:\/\/agora.xtec.cat\/escolatorrelameu\/wp-content\/uploads\/usu2232\/2023\/01\/IMG20230123120235_01-768x576.jpg 768w, https:\/\/agora.xtec.cat\/escolatorrelameu\/wp-content\/uploads\/usu2232\/2023\/01\/IMG20230123120235_01-1536x1152.jpg 1536w, https:\/\/agora.xtec.cat\/escolatorrelameu\/wp-content\/uploads\/usu2232\/2023\/01\/IMG20230123120235_01-200x150.jpg 200w\" sizes=\"auto, (max-width: 1600px) 100vw, 1600px\" \/><\/a> <a href=\"https:\/\/agora.xtec.cat\/escolatorrelameu\/wp-content\/uploads\/usu2232\/2023\/01\/IMG20230123121837_01.jpg\"><img loading=\"lazy\" decoding=\"async\" class=\"aligncenter size-full wp-image-1944\" src=\"https:\/\/agora.xtec.cat\/escolatorrelameu\/wp-content\/uploads\/usu2232\/2023\/01\/IMG20230123121837_01.jpg\" alt=\"\" width=\"1600\" height=\"1200\" srcset=\"https:\/\/agora.xtec.cat\/escolatorrelameu\/wp-content\/uploads\/usu2232\/2023\/01\/IMG20230123121837_01.jpg 1600w, https:\/\/agora.xtec.cat\/escolatorrelameu\/wp-content\/uploads\/usu2232\/2023\/01\/IMG20230123121837_01-300x225.jpg 300w, https:\/\/agora.xtec.cat\/escolatorrelameu\/wp-content\/uploads\/usu2232\/2023\/01\/IMG20230123121837_01-1024x768.jpg 1024w, https:\/\/agora.xtec.cat\/escolatorrelameu\/wp-content\/uploads\/usu2232\/2023\/01\/IMG20230123121837_01-768x576.jpg 768w, https:\/\/agora.xtec.cat\/escolatorrelameu\/wp-content\/uploads\/usu2232\/2023\/01\/IMG20230123121837_01-1536x1152.jpg 1536w, https:\/\/agora.xtec.cat\/escolatorrelameu\/wp-content\/uploads\/usu2232\/2023\/01\/IMG20230123121837_01-200x150.jpg 200w\" sizes=\"auto, (max-width: 1600px) 100vw, 1600px\" \/><\/a>Aquests s\u00f3n alguns dels conceptes que hem comen\u00e7at a treballar a Petits a trav\u00e9s dels visionats de fotografies que ens han passat des de Petit Cinema en curs.<\/p>\n<p>Podeu veure l&#8217;article publicat al bloc de Petit Cinema en curs, <a href=\"https:\/\/www.cinemaencurs.org\/ca\/post-diari\/dominants-relacions-i-punts-de-color\">aqu\u00ed<\/a>.<\/p>\n","protected":false},"excerpt":{"rendered":"<p>Qu\u00e8 s\u00f3n els dominants o les monocromies? La monocromia descriu les pintures, dibuixos, dissenys o fotografies en un color o en tons d&#8217;un sol color.<br \/>\nI les relacions de color? S\u00f3n les connexions que s&#8217;estableixen entre els colors de determinades captures, seq\u00fc\u00e8ncies o imatges.<br \/>\nI la darrera&hellip;  <a href=\"https:\/\/agora.xtec.cat\/escolatorrelameu\/general\/dominants-relacions-i-punts-de-color\/\" title=\"Read Dominants, relacions i punts de color\">Llegeix m\u00e9s\u00bb<\/a><\/p>\n","protected":false},"author":14,"featured_media":1943,"comment_status":"open","ping_status":"closed","sticky":false,"template":"","format":"standard","meta":{"_bbp_topic_count":0,"_bbp_reply_count":0,"_bbp_total_topic_count":0,"_bbp_total_reply_count":0,"_bbp_voice_count":0,"_bbp_anonymous_reply_count":0,"_bbp_topic_count_hidden":0,"_bbp_reply_count_hidden":0,"_bbp_forum_subforum_count":0,"footnotes":""},"categories":[1],"tags":[],"class_list":["post-1942","post","type-post","status-publish","format-standard","has-post-thumbnail","hentry","category-general"],"post_mailing_queue_ids":[],"_links":{"self":[{"href":"https:\/\/agora.xtec.cat\/escolatorrelameu\/wp-json\/wp\/v2\/posts\/1942","targetHints":{"allow":["GET"]}}],"collection":[{"href":"https:\/\/agora.xtec.cat\/escolatorrelameu\/wp-json\/wp\/v2\/posts"}],"about":[{"href":"https:\/\/agora.xtec.cat\/escolatorrelameu\/wp-json\/wp\/v2\/types\/post"}],"author":[{"embeddable":true,"href":"https:\/\/agora.xtec.cat\/escolatorrelameu\/wp-json\/wp\/v2\/users\/14"}],"replies":[{"embeddable":true,"href":"https:\/\/agora.xtec.cat\/escolatorrelameu\/wp-json\/wp\/v2\/comments?post=1942"}],"version-history":[{"count":4,"href":"https:\/\/agora.xtec.cat\/escolatorrelameu\/wp-json\/wp\/v2\/posts\/1942\/revisions"}],"predecessor-version":[{"id":1949,"href":"https:\/\/agora.xtec.cat\/escolatorrelameu\/wp-json\/wp\/v2\/posts\/1942\/revisions\/1949"}],"wp:featuredmedia":[{"embeddable":true,"href":"https:\/\/agora.xtec.cat\/escolatorrelameu\/wp-json\/wp\/v2\/media\/1943"}],"wp:attachment":[{"href":"https:\/\/agora.xtec.cat\/escolatorrelameu\/wp-json\/wp\/v2\/media?parent=1942"}],"wp:term":[{"taxonomy":"category","embeddable":true,"href":"https:\/\/agora.xtec.cat\/escolatorrelameu\/wp-json\/wp\/v2\/categories?post=1942"},{"taxonomy":"post_tag","embeddable":true,"href":"https:\/\/agora.xtec.cat\/escolatorrelameu\/wp-json\/wp\/v2\/tags?post=1942"}],"curies":[{"name":"wp","href":"https:\/\/api.w.org\/{rel}","templated":true}]}}