{"id":1939,"date":"2023-01-22T10:25:52","date_gmt":"2023-01-22T09:25:52","guid":{"rendered":"https:\/\/agora.xtec.cat\/escolatorrelameu\/?p=1939"},"modified":"2023-01-22T10:25:52","modified_gmt":"2023-01-22T09:25:52","slug":"la-cocallesca","status":"publish","type":"post","link":"https:\/\/agora.xtec.cat\/escolatorrelameu\/general\/la-cocallesca\/","title":{"rendered":"La cocallesca"},"content":{"rendered":"<p>La cocallesca? Quina recepta \u00e9s aquesta?<\/p>\n<p>Doncs la revista el Tatano, el Cavall Fort dels petits, ens ha inspirat aquesta vegada per fer quelcom ben diferent. \u00c9s ben senzilla de fer, l&#8217;hem trobat bon\u00edssima i fomenta la creativitat aliment\u00e0ria. La base: una llesca de pa. L&#8217;acompanyament: el que es vulgui, per\u00f2 amanit amb oli, herbes i sal.<\/p>\n<p>Us atreviu?<\/p>\n<p><a href=\"https:\/\/agora.xtec.cat\/escolatorrelameu\/wp-content\/uploads\/usu2232\/2023\/01\/La-cocallesca.jpg\"><img loading=\"lazy\" decoding=\"async\" class=\"aligncenter size-full wp-image-1940\" src=\"https:\/\/agora.xtec.cat\/escolatorrelameu\/wp-content\/uploads\/usu2232\/2023\/01\/La-cocallesca.jpg\" alt=\"\" width=\"1080\" height=\"1080\" srcset=\"https:\/\/agora.xtec.cat\/escolatorrelameu\/wp-content\/uploads\/usu2232\/2023\/01\/La-cocallesca.jpg 1080w, https:\/\/agora.xtec.cat\/escolatorrelameu\/wp-content\/uploads\/usu2232\/2023\/01\/La-cocallesca-300x300.jpg 300w, https:\/\/agora.xtec.cat\/escolatorrelameu\/wp-content\/uploads\/usu2232\/2023\/01\/La-cocallesca-1024x1024.jpg 1024w, https:\/\/agora.xtec.cat\/escolatorrelameu\/wp-content\/uploads\/usu2232\/2023\/01\/La-cocallesca-150x150.jpg 150w, https:\/\/agora.xtec.cat\/escolatorrelameu\/wp-content\/uploads\/usu2232\/2023\/01\/La-cocallesca-768x768.jpg 768w\" sizes=\"auto, (max-width: 1080px) 100vw, 1080px\" \/><\/a><\/p>\n","protected":false},"excerpt":{"rendered":"<p>La cocallesca? Quina recepta \u00e9s aquesta?<br \/>\nDoncs la revista el Tatano, el Cavall Fort dels petits, ens ha inspirat aquesta vegada per fer quelcom ben diferent. \u00c9s ben senzilla de fer, l&#8217;hem trobat bon\u00edssima i fomenta la creativitat aliment\u00e0ria. La base: una llesca de pa. L&#8217;acompanyament:&hellip;  <a href=\"https:\/\/agora.xtec.cat\/escolatorrelameu\/general\/la-cocallesca\/\" title=\"Read La cocallesca\">Llegeix m\u00e9s\u00bb<\/a><\/p>\n","protected":false},"author":14,"featured_media":0,"comment_status":"open","ping_status":"closed","sticky":false,"template":"","format":"standard","meta":{"_bbp_topic_count":0,"_bbp_reply_count":0,"_bbp_total_topic_count":0,"_bbp_total_reply_count":0,"_bbp_voice_count":0,"_bbp_anonymous_reply_count":0,"_bbp_topic_count_hidden":0,"_bbp_reply_count_hidden":0,"_bbp_forum_subforum_count":0,"footnotes":""},"categories":[1],"tags":[],"class_list":["post-1939","post","type-post","status-publish","format-standard","hentry","category-general"],"post_mailing_queue_ids":[],"_links":{"self":[{"href":"https:\/\/agora.xtec.cat\/escolatorrelameu\/wp-json\/wp\/v2\/posts\/1939","targetHints":{"allow":["GET"]}}],"collection":[{"href":"https:\/\/agora.xtec.cat\/escolatorrelameu\/wp-json\/wp\/v2\/posts"}],"about":[{"href":"https:\/\/agora.xtec.cat\/escolatorrelameu\/wp-json\/wp\/v2\/types\/post"}],"author":[{"embeddable":true,"href":"https:\/\/agora.xtec.cat\/escolatorrelameu\/wp-json\/wp\/v2\/users\/14"}],"replies":[{"embeddable":true,"href":"https:\/\/agora.xtec.cat\/escolatorrelameu\/wp-json\/wp\/v2\/comments?post=1939"}],"version-history":[{"count":1,"href":"https:\/\/agora.xtec.cat\/escolatorrelameu\/wp-json\/wp\/v2\/posts\/1939\/revisions"}],"predecessor-version":[{"id":1941,"href":"https:\/\/agora.xtec.cat\/escolatorrelameu\/wp-json\/wp\/v2\/posts\/1939\/revisions\/1941"}],"wp:attachment":[{"href":"https:\/\/agora.xtec.cat\/escolatorrelameu\/wp-json\/wp\/v2\/media?parent=1939"}],"wp:term":[{"taxonomy":"category","embeddable":true,"href":"https:\/\/agora.xtec.cat\/escolatorrelameu\/wp-json\/wp\/v2\/categories?post=1939"},{"taxonomy":"post_tag","embeddable":true,"href":"https:\/\/agora.xtec.cat\/escolatorrelameu\/wp-json\/wp\/v2\/tags?post=1939"}],"curies":[{"name":"wp","href":"https:\/\/api.w.org\/{rel}","templated":true}]}}