{"id":1902,"date":"2022-12-23T09:17:06","date_gmt":"2022-12-23T08:17:06","guid":{"rendered":"https:\/\/agora.xtec.cat\/escolatorrelameu\/?p=1902"},"modified":"2022-12-23T09:17:06","modified_gmt":"2022-12-23T08:17:06","slug":"canvi-dedifici","status":"publish","type":"post","link":"https:\/\/agora.xtec.cat\/escolatorrelameu\/general\/canvi-dedifici\/","title":{"rendered":"Canvi d&#8217;edifici"},"content":{"rendered":"<p>Amb catal\u00e0 hi ha moltes maneres d&#8217;acomiadar-se:<\/p>\n<h3 style=\"text-align: center;\"><em><strong>ad\u00e9u o ad\u00e9u-siau,<\/strong><\/em><\/h3>\n<h3 style=\"text-align: center;\"><em><strong>fins aviat,<\/strong><\/em><\/h3>\n<h3 style=\"text-align: center;\"><em><strong>a reveure,<\/strong><\/em><\/h3>\n<h3 style=\"text-align: center;\"><em><strong>bon vent,<\/strong><\/em><\/h3>\n<h3 style=\"text-align: center;\"><em><strong>salut,&#8230;<\/strong><\/em><\/h3>\n<p>&nbsp;<\/p>\n<p>Un altre dels passos importants que hem fet aquest final de trimestre, \u00e9s marxar de manera simb\u00f2lica de l&#8217;edifici que ens ha estat acollint durant 4 cursos a Petits.<\/p>\n<p><a href=\"https:\/\/agora.xtec.cat\/escolatorrelameu\/wp-content\/uploads\/usu2232\/2022\/12\/FotoJet.jpg\"><img loading=\"lazy\" decoding=\"async\" class=\"aligncenter size-full wp-image-1916\" src=\"https:\/\/agora.xtec.cat\/escolatorrelameu\/wp-content\/uploads\/usu2232\/2022\/12\/FotoJet.jpg\" alt=\"\" width=\"1200\" height=\"1200\" srcset=\"https:\/\/agora.xtec.cat\/escolatorrelameu\/wp-content\/uploads\/usu2232\/2022\/12\/FotoJet.jpg 1200w, https:\/\/agora.xtec.cat\/escolatorrelameu\/wp-content\/uploads\/usu2232\/2022\/12\/FotoJet-300x300.jpg 300w, https:\/\/agora.xtec.cat\/escolatorrelameu\/wp-content\/uploads\/usu2232\/2022\/12\/FotoJet-1024x1024.jpg 1024w, https:\/\/agora.xtec.cat\/escolatorrelameu\/wp-content\/uploads\/usu2232\/2022\/12\/FotoJet-150x150.jpg 150w, https:\/\/agora.xtec.cat\/escolatorrelameu\/wp-content\/uploads\/usu2232\/2022\/12\/FotoJet-768x768.jpg 768w\" sizes=\"auto, (max-width: 1200px) 100vw, 1200px\" \/><\/a><\/p>\n<p>\u00c9s evident que no \u00e9s un comiat definitiu,<\/p>\n<p style=\"text-align: right;\">&#8230; que hi tornarem almenys dues vegades per setmana,<\/p>\n<p style=\"text-align: right;\">&#8230; que Tim\u00f3 continuar\u00e0 albergant el rialles i aprenentatges,<\/p>\n<p style=\"text-align: right;\">&#8230; que hi tenim relacions amb persones que hem de deixar al costat del cam\u00ed, com s\u00f3n la Sofia, la Karme i tots els nens m\u00e9s xics del poble&#8230; per\u00f2 que ens agradar\u00e0 tornar a veure i mantenir-hi algun contacte.<\/p>\n<p>Per\u00f2 tamb\u00e9 \u00e9s evident que hi ha coses que han canviat i que canviaran. Aquests tres dies a Esp\u00edgol hem tornat a viure una adaptaci\u00f3, hem hagut de trobar una mica d&#8217;espai vital per nosaltres, hem hagut de preguntar aspectes de funcionament i d&#8217;organitzaci\u00f3,&#8230; hem viscut moments de con\u00e8ixer i fer-nos nostre un espai no tan habitat&#8230; I nom\u00e9s ha estat un tastet, al tornar de vacances estrenarem edifici nou i Petits serem all\u00ed. Ens caldr\u00e0 paci\u00e8ncia, confian\u00e7a i retrobada amb un espai i una organitzaci\u00f3 diferent.<\/p>\n<h3 dir=\"auto\"><strong>Molts \u00e0nims!<\/strong><\/h3>\n","protected":false},"excerpt":{"rendered":"<p>Amb catal\u00e0 hi ha moltes maneres d&#8217;acomiadar-se:<br \/>\nad\u00e9u o ad\u00e9u-siau,<br \/>\nfins aviat,<br \/>\na reveure,<br \/>\nbon vent,<br \/>\nsalut,&#8230;<br \/>\n&nbsp;<br \/>\nUn altre dels passos importants que hem fet aquest final de trimestre, \u00e9s marxar de manera simb\u00f2lica de l&#8217;edifici que ens ha estat acollint durant 4 cursos a Petits.<br \/>\n<a href=\"https:\/\/agora.xtec.cat\/escolatorrelameu\/wp-content\/uploads\/usu2232\/2022\/12\/FotoJet.jpg\"><\/a><br \/>\n\u00c9s evident que no \u00e9s&hellip;  <a href=\"https:\/\/agora.xtec.cat\/escolatorrelameu\/general\/canvi-dedifici\/\" title=\"Read Canvi d&#8217;edifici\">Llegeix m\u00e9s\u00bb<\/a><\/p>\n","protected":false},"author":14,"featured_media":0,"comment_status":"open","ping_status":"closed","sticky":false,"template":"","format":"standard","meta":{"_bbp_topic_count":0,"_bbp_reply_count":0,"_bbp_total_topic_count":0,"_bbp_total_reply_count":0,"_bbp_voice_count":0,"_bbp_anonymous_reply_count":0,"_bbp_topic_count_hidden":0,"_bbp_reply_count_hidden":0,"_bbp_forum_subforum_count":0,"footnotes":""},"categories":[1],"tags":[],"class_list":["post-1902","post","type-post","status-publish","format-standard","hentry","category-general"],"post_mailing_queue_ids":[],"_links":{"self":[{"href":"https:\/\/agora.xtec.cat\/escolatorrelameu\/wp-json\/wp\/v2\/posts\/1902","targetHints":{"allow":["GET"]}}],"collection":[{"href":"https:\/\/agora.xtec.cat\/escolatorrelameu\/wp-json\/wp\/v2\/posts"}],"about":[{"href":"https:\/\/agora.xtec.cat\/escolatorrelameu\/wp-json\/wp\/v2\/types\/post"}],"author":[{"embeddable":true,"href":"https:\/\/agora.xtec.cat\/escolatorrelameu\/wp-json\/wp\/v2\/users\/14"}],"replies":[{"embeddable":true,"href":"https:\/\/agora.xtec.cat\/escolatorrelameu\/wp-json\/wp\/v2\/comments?post=1902"}],"version-history":[{"count":3,"href":"https:\/\/agora.xtec.cat\/escolatorrelameu\/wp-json\/wp\/v2\/posts\/1902\/revisions"}],"predecessor-version":[{"id":1917,"href":"https:\/\/agora.xtec.cat\/escolatorrelameu\/wp-json\/wp\/v2\/posts\/1902\/revisions\/1917"}],"wp:attachment":[{"href":"https:\/\/agora.xtec.cat\/escolatorrelameu\/wp-json\/wp\/v2\/media?parent=1902"}],"wp:term":[{"taxonomy":"category","embeddable":true,"href":"https:\/\/agora.xtec.cat\/escolatorrelameu\/wp-json\/wp\/v2\/categories?post=1902"},{"taxonomy":"post_tag","embeddable":true,"href":"https:\/\/agora.xtec.cat\/escolatorrelameu\/wp-json\/wp\/v2\/tags?post=1902"}],"curies":[{"name":"wp","href":"https:\/\/api.w.org\/{rel}","templated":true}]}}