{"id":1880,"date":"2022-12-13T17:44:14","date_gmt":"2022-12-13T16:44:14","guid":{"rendered":"https:\/\/agora.xtec.cat\/escolatorrelameu\/?p=1880"},"modified":"2022-12-13T17:44:32","modified_gmt":"2022-12-13T16:44:32","slug":"la-salut","status":"publish","type":"post","link":"https:\/\/agora.xtec.cat\/escolatorrelameu\/general\/la-salut\/","title":{"rendered":"La salut"},"content":{"rendered":"<p>Una de les esquerdes dels calendaris d&#8217;aquest curs \u00e9s la salut: garantir una vida sana i promoure el benestar per a totes les persones de totes les edats.<\/p>\n<p>A Petits, n&#8217;hem fet:<\/p>\n<ul>\n<li>Joc simb\u00f2lic de l&#8217;hospital dins l&#8217;ambient de casa.<\/li>\n<li>Coneixement de diferents estris i parts del cos.<\/li>\n<\/ul>\n<p><a href=\"https:\/\/agora.xtec.cat\/escolatorrelameu\/wp-content\/uploads\/usu2232\/2022\/12\/Joc-amb-estris.jpg\"><img loading=\"lazy\" decoding=\"async\" class=\"aligncenter wp-image-1881 size-full\" src=\"https:\/\/agora.xtec.cat\/escolatorrelameu\/wp-content\/uploads\/usu2232\/2022\/12\/Joc-amb-estris.jpg\" alt=\"\" width=\"1200\" height=\"900\" srcset=\"https:\/\/agora.xtec.cat\/escolatorrelameu\/wp-content\/uploads\/usu2232\/2022\/12\/Joc-amb-estris.jpg 1200w, https:\/\/agora.xtec.cat\/escolatorrelameu\/wp-content\/uploads\/usu2232\/2022\/12\/Joc-amb-estris-300x225.jpg 300w, https:\/\/agora.xtec.cat\/escolatorrelameu\/wp-content\/uploads\/usu2232\/2022\/12\/Joc-amb-estris-1024x768.jpg 1024w, https:\/\/agora.xtec.cat\/escolatorrelameu\/wp-content\/uploads\/usu2232\/2022\/12\/Joc-amb-estris-768x576.jpg 768w, https:\/\/agora.xtec.cat\/escolatorrelameu\/wp-content\/uploads\/usu2232\/2022\/12\/Joc-amb-estris-200x150.jpg 200w\" sizes=\"auto, (max-width: 1200px) 100vw, 1200px\" \/><\/a><\/p>\n<ul>\n<li>Visita al consultori m\u00e8dic de Torrelameu. La doctora S\u00edlvia i la infermera Elisenda ens han acollit molt b\u00e9, ens han explicat alguns dels estris que utilitzen: oxipulsiometre, fonendoescopi, tensi\u00f2metre, balan\u00e7a, camilla, tubs d&#8217;anal\u00edtiques, ordinador&#8230; Ens han explicat que van amb bata i que porten una targeta identificadora. Estem molt agraides que ens hagin mostrat una mica del seu espai de treball, la paci\u00e8ncia que han demostrat i el coneixement que ens han brindat deixant-nos tocar i veure aquests estris que poden mesurar variables del nostre cos.<\/li>\n<\/ul>\n<p><a href=\"https:\/\/agora.xtec.cat\/escolatorrelameu\/wp-content\/uploads\/usu2232\/2022\/12\/Consultori-medic.jpg\"><img loading=\"lazy\" decoding=\"async\" class=\"aligncenter size-full wp-image-1882\" src=\"https:\/\/agora.xtec.cat\/escolatorrelameu\/wp-content\/uploads\/usu2232\/2022\/12\/Consultori-medic.jpg\" alt=\"\" width=\"1200\" height=\"900\" srcset=\"https:\/\/agora.xtec.cat\/escolatorrelameu\/wp-content\/uploads\/usu2232\/2022\/12\/Consultori-medic.jpg 1200w, https:\/\/agora.xtec.cat\/escolatorrelameu\/wp-content\/uploads\/usu2232\/2022\/12\/Consultori-medic-300x225.jpg 300w, https:\/\/agora.xtec.cat\/escolatorrelameu\/wp-content\/uploads\/usu2232\/2022\/12\/Consultori-medic-1024x768.jpg 1024w, https:\/\/agora.xtec.cat\/escolatorrelameu\/wp-content\/uploads\/usu2232\/2022\/12\/Consultori-medic-768x576.jpg 768w, https:\/\/agora.xtec.cat\/escolatorrelameu\/wp-content\/uploads\/usu2232\/2022\/12\/Consultori-medic-200x150.jpg 200w\" sizes=\"auto, (max-width: 1200px) 100vw, 1200px\" \/><\/a><\/p>\n<ul>\n<li>Visita a la farm\u00e0cia Elena Urp\u00ed de Torrelameu. Quan els pacients van al metge, els acostumen a donar receptes de medicament per tal que vagin a la farm\u00e0cia a comprar-los. L&#8217;Elena i el Salva ens han mostrat que tamb\u00e9 van amb bata i ens han ensenyat els calaixos impressionants que tenen per posar tots els medicaments endre\u00e7ats. Tamb\u00e9 hem pogut observar altres objectes que tenen a la farm\u00e0cia, com els xumets, el xamp\u00fa pels polls, el suero&#8230; Tamb\u00e9 estem molt agra\u00efdes amb ells per ensenyar-nos el seu lloc de treball i explicar-nos el funcionament d&#8217;una farm\u00e0cia, des de l&#8217;arribada dels medicaments a la compra per recepta&#8230;<\/li>\n<\/ul>\n<p><a href=\"https:\/\/agora.xtec.cat\/escolatorrelameu\/wp-content\/uploads\/usu2232\/2022\/12\/Farmacia.jpg\"><img loading=\"lazy\" decoding=\"async\" class=\"aligncenter size-full wp-image-1883\" src=\"https:\/\/agora.xtec.cat\/escolatorrelameu\/wp-content\/uploads\/usu2232\/2022\/12\/Farmacia.jpg\" alt=\"\" width=\"1200\" height=\"900\" srcset=\"https:\/\/agora.xtec.cat\/escolatorrelameu\/wp-content\/uploads\/usu2232\/2022\/12\/Farmacia.jpg 1200w, https:\/\/agora.xtec.cat\/escolatorrelameu\/wp-content\/uploads\/usu2232\/2022\/12\/Farmacia-300x225.jpg 300w, https:\/\/agora.xtec.cat\/escolatorrelameu\/wp-content\/uploads\/usu2232\/2022\/12\/Farmacia-1024x768.jpg 1024w, https:\/\/agora.xtec.cat\/escolatorrelameu\/wp-content\/uploads\/usu2232\/2022\/12\/Farmacia-768x576.jpg 768w, https:\/\/agora.xtec.cat\/escolatorrelameu\/wp-content\/uploads\/usu2232\/2022\/12\/Farmacia-200x150.jpg 200w\" sizes=\"auto, (max-width: 1200px) 100vw, 1200px\" \/><\/a><\/p>\n<p>Des de l&#8217;escola valorem molt que les diferents persones del poble ens puguin oferir coneixement, perqu\u00e8 creiem que fora, al carrer, als camps, a les botigues, a l&#8217;ajuntament, al consultori,&#8230; hi ha realment molt per aprendre i saber m\u00e9s. Com que entenem aquest com un valor indiscutible, agraim molt\u00edssim a les persones que obren les portes dels llocs de treball o que s&#8217;atreveixen a explicar-nos coses. I recordem:<\/p>\n<h2 style=\"text-align: center;\">Per educar un infant cal tota la tribu.<\/h2>\n","protected":false},"excerpt":{"rendered":"<p>Una de les esquerdes dels calendaris d&#8217;aquest curs \u00e9s la salut: garantir una vida sana i promoure el benestar per a totes les persones de totes les edats.<br \/>\nA Petits, n&#8217;hem fet:<\/p>\n<ul>\n<li>Joc simb\u00f2lic de l&#8217;hospital dins l&#8217;ambient de casa.<\/li>\n<li>Coneixement de diferents estris i parts del cos.<\/li>\n<\/ul>\n<p><a&hellip;  <a href=\"https:\/\/agora.xtec.cat\/escolatorrelameu\/general\/la-salut\/\" title=\"Read La salut\">Llegeix m\u00e9s\u00bb<\/a><\/p>\n","protected":false},"author":14,"featured_media":0,"comment_status":"open","ping_status":"closed","sticky":false,"template":"","format":"standard","meta":{"_bbp_topic_count":0,"_bbp_reply_count":0,"_bbp_total_topic_count":0,"_bbp_total_reply_count":0,"_bbp_voice_count":0,"_bbp_anonymous_reply_count":0,"_bbp_topic_count_hidden":0,"_bbp_reply_count_hidden":0,"_bbp_forum_subforum_count":0,"footnotes":""},"categories":[1],"tags":[],"class_list":["post-1880","post","type-post","status-publish","format-standard","hentry","category-general"],"post_mailing_queue_ids":[],"_links":{"self":[{"href":"https:\/\/agora.xtec.cat\/escolatorrelameu\/wp-json\/wp\/v2\/posts\/1880","targetHints":{"allow":["GET"]}}],"collection":[{"href":"https:\/\/agora.xtec.cat\/escolatorrelameu\/wp-json\/wp\/v2\/posts"}],"about":[{"href":"https:\/\/agora.xtec.cat\/escolatorrelameu\/wp-json\/wp\/v2\/types\/post"}],"author":[{"embeddable":true,"href":"https:\/\/agora.xtec.cat\/escolatorrelameu\/wp-json\/wp\/v2\/users\/14"}],"replies":[{"embeddable":true,"href":"https:\/\/agora.xtec.cat\/escolatorrelameu\/wp-json\/wp\/v2\/comments?post=1880"}],"version-history":[{"count":1,"href":"https:\/\/agora.xtec.cat\/escolatorrelameu\/wp-json\/wp\/v2\/posts\/1880\/revisions"}],"predecessor-version":[{"id":1884,"href":"https:\/\/agora.xtec.cat\/escolatorrelameu\/wp-json\/wp\/v2\/posts\/1880\/revisions\/1884"}],"wp:attachment":[{"href":"https:\/\/agora.xtec.cat\/escolatorrelameu\/wp-json\/wp\/v2\/media?parent=1880"}],"wp:term":[{"taxonomy":"category","embeddable":true,"href":"https:\/\/agora.xtec.cat\/escolatorrelameu\/wp-json\/wp\/v2\/categories?post=1880"},{"taxonomy":"post_tag","embeddable":true,"href":"https:\/\/agora.xtec.cat\/escolatorrelameu\/wp-json\/wp\/v2\/tags?post=1880"}],"curies":[{"name":"wp","href":"https:\/\/api.w.org\/{rel}","templated":true}]}}