{"id":1862,"date":"2022-12-06T23:05:42","date_gmt":"2022-12-06T22:05:42","guid":{"rendered":"https:\/\/agora.xtec.cat\/escolatorrelameu\/?p=1862"},"modified":"2022-12-06T23:05:54","modified_gmt":"2022-12-06T22:05:54","slug":"on-farem-la-foto-per-presentar-nos","status":"publish","type":"post","link":"https:\/\/agora.xtec.cat\/escolatorrelameu\/general\/on-farem-la-foto-per-presentar-nos\/","title":{"rendered":"On farem la foto per presentar-nos?"},"content":{"rendered":"<p>Petit Cinema en Curs va arrancar dimecres passat a l&#8217;aula de Creixents. Primer vam conversar sobre qu\u00e8 en sabien del projecte que fan els Grans i despr\u00e9s vam explicar que nosaltres tamb\u00e9 hi participar\u00edem, per\u00f2 des de la vessant de la fotografia.<\/p>\n<p>Vam entrar al web de Cinema en curs (<a href=\"https:\/\/www.cinemaencurs.org\">https:\/\/www.cinemaencurs.org<\/a>) per familiaritzar-nos-hi i vam descobrir que les escoles o els grups que hi participen es presenten. Vam estar mirant diverses presentacions (les de l&#8217;escola tamb\u00e9!) i vam decidir que hi vol\u00edem posar una foto de grup. Quina? La que vam fer a la N\u00f2ria a l&#8217;estiu? La vam observar, vam veure com ens vam posar&#8230; i llavors vam decidir que en far\u00edem una de nova. Per\u00f2 on? Conversant, van sortir idees: a la font, al mural nou, a l&#8217;esgl\u00e9sia&#8230; I vam sortir a fer les proves. Hi hav\u00edem de caber tots. De m\u00e9s lluny, de m\u00e9s a prop&#8230; El lloc ja l&#8217;hem triat ara cal que hi siguem tots per fer-la!<\/p>\n<p><a href=\"https:\/\/agora.xtec.cat\/escolatorrelameu\/wp-content\/uploads\/usu2232\/2022\/12\/Afegeix-una-capcalera-1.png\"><img loading=\"lazy\" decoding=\"async\" class=\"aligncenter size-full wp-image-1865\" src=\"https:\/\/agora.xtec.cat\/escolatorrelameu\/wp-content\/uploads\/usu2232\/2022\/12\/Afegeix-una-capcalera-1.png\" alt=\"\" width=\"707\" height=\"1000\" srcset=\"https:\/\/agora.xtec.cat\/escolatorrelameu\/wp-content\/uploads\/usu2232\/2022\/12\/Afegeix-una-capcalera-1.png 707w, https:\/\/agora.xtec.cat\/escolatorrelameu\/wp-content\/uploads\/usu2232\/2022\/12\/Afegeix-una-capcalera-1-212x300.png 212w\" sizes=\"auto, (max-width: 707px) 100vw, 707px\" \/><\/a><\/p>\n","protected":false},"excerpt":{"rendered":"<p>Petit Cinema en Curs va arrancar dimecres passat a l&#8217;aula de Creixents. Primer vam conversar sobre qu\u00e8 en sabien del projecte que fan els Grans i despr\u00e9s vam explicar que nosaltres tamb\u00e9 hi participar\u00edem, per\u00f2 des de la vessant de la fotografia.<br \/>\nVam entrar al web&hellip;  <a href=\"https:\/\/agora.xtec.cat\/escolatorrelameu\/general\/on-farem-la-foto-per-presentar-nos\/\" title=\"Read On farem la foto per presentar-nos?\">Llegeix m\u00e9s\u00bb<\/a><\/p>\n","protected":false},"author":14,"featured_media":0,"comment_status":"open","ping_status":"closed","sticky":false,"template":"","format":"standard","meta":{"_bbp_topic_count":0,"_bbp_reply_count":0,"_bbp_total_topic_count":0,"_bbp_total_reply_count":0,"_bbp_voice_count":0,"_bbp_anonymous_reply_count":0,"_bbp_topic_count_hidden":0,"_bbp_reply_count_hidden":0,"_bbp_forum_subforum_count":0,"footnotes":""},"categories":[1],"tags":[98,113],"class_list":["post-1862","post","type-post","status-publish","format-standard","hentry","category-general","tag-creixents","tag-petitcinemaencurs"],"post_mailing_queue_ids":[],"_links":{"self":[{"href":"https:\/\/agora.xtec.cat\/escolatorrelameu\/wp-json\/wp\/v2\/posts\/1862","targetHints":{"allow":["GET"]}}],"collection":[{"href":"https:\/\/agora.xtec.cat\/escolatorrelameu\/wp-json\/wp\/v2\/posts"}],"about":[{"href":"https:\/\/agora.xtec.cat\/escolatorrelameu\/wp-json\/wp\/v2\/types\/post"}],"author":[{"embeddable":true,"href":"https:\/\/agora.xtec.cat\/escolatorrelameu\/wp-json\/wp\/v2\/users\/14"}],"replies":[{"embeddable":true,"href":"https:\/\/agora.xtec.cat\/escolatorrelameu\/wp-json\/wp\/v2\/comments?post=1862"}],"version-history":[{"count":1,"href":"https:\/\/agora.xtec.cat\/escolatorrelameu\/wp-json\/wp\/v2\/posts\/1862\/revisions"}],"predecessor-version":[{"id":1866,"href":"https:\/\/agora.xtec.cat\/escolatorrelameu\/wp-json\/wp\/v2\/posts\/1862\/revisions\/1866"}],"wp:attachment":[{"href":"https:\/\/agora.xtec.cat\/escolatorrelameu\/wp-json\/wp\/v2\/media?parent=1862"}],"wp:term":[{"taxonomy":"category","embeddable":true,"href":"https:\/\/agora.xtec.cat\/escolatorrelameu\/wp-json\/wp\/v2\/categories?post=1862"},{"taxonomy":"post_tag","embeddable":true,"href":"https:\/\/agora.xtec.cat\/escolatorrelameu\/wp-json\/wp\/v2\/tags?post=1862"}],"curies":[{"name":"wp","href":"https:\/\/api.w.org\/{rel}","templated":true}]}}