{"id":1814,"date":"2022-11-29T12:47:56","date_gmt":"2022-11-29T11:47:56","guid":{"rendered":"https:\/\/agora.xtec.cat\/escolatorrelameu\/?p=1814"},"modified":"2022-11-29T11:51:56","modified_gmt":"2022-11-29T10:51:56","slug":"petit-cinema-en-curs","status":"publish","type":"post","link":"https:\/\/agora.xtec.cat\/escolatorrelameu\/general\/petit-cinema-en-curs\/","title":{"rendered":"Petit Cinema en curs"},"content":{"rendered":"<p class=\"_04xlpA direction-ltr align-justify para-style-body\"><span class=\"JsGRdQ\">&#8220;Petit Cinema en curs&#8221; \u00e9s un projecte que inicia els m\u00e9s petits en la descoberta de la fotografia i el cinema, a partir de connectar les disciplines art\u00edstiques amb l&#8217;entorn m\u00e9s immediat.<\/span><\/p>\n<p class=\"_04xlpA direction-ltr align-justify para-style-body\"><span class=\"JsGRdQ\">Les persones adultes de l&#8217;escola s\u00f3n les que preparen i apliquen els tallers amb intervencions puntuals dels cineastes.<\/span><\/p>\n<p class=\"_04xlpA direction-ltr align-justify para-style-body\"><span class=\"JsGRdQ\">Una de les l\u00ednies de treball \u00e9s el visionat de grans cineastes seleccionats per despertar l&#8217;inter\u00e8s i la creativitat de la canalla. Les pr\u00e0ctiques creatives combinen l\u2019experimentaci\u00f3 cinematogr\u00e0fica amb l\u2019exploraci\u00f3 de l\u2019entorn. Es vinculen tamb\u00e9 a la creaci\u00f3 i lectura de textos molt diversos, amb especial atenci\u00f3 a la poesia.<\/span><\/p>\n<p class=\"_04xlpA direction-ltr align-justify para-style-body\"><span class=\"JsGRdQ\">Els tallers culminen amb exposicions fotogr\u00e0fiques i amb peces audiovisuals composades a partir de fotografies o plans acompanyats per sons, petites creacions textuals i poemes.<\/span><\/p>\n<p class=\"_04xlpA direction-ltr align-justify para-style-body\">Us anirem informant dels visionats que veiem i dels processos creatius\u00a0<span class=\"JsGRdQ\">que anem fent&#8230;<\/span><\/p>\n<p class=\"_04xlpA direction-ltr align-justify para-style-body\" style=\"text-align: left;\"><strong><span class=\"JsGRdQ\">Preparades!<\/span><\/strong><\/p>\n<p class=\"_04xlpA direction-ltr align-justify para-style-body\" style=\"text-align: left;\"><strong><span class=\"JsGRdQ\">Lluiiiiiiiiis!<\/span><\/strong><\/p>\n<p>Tamb\u00e9 podeu anar fent el seguiment a la p\u00e0gina de <a href=\"https:\/\/www.cinemaencurs.org\/ca\">Cinema en curs<\/a>.<\/p>\n<p>De moment us deixem amb la <a href=\"https:\/\/www.cinemaencurs.org\/ca\/post-diari\/ens-presentem-torrelameu-petit\">presentaci\u00f3 de Petits<\/a>.<\/p>\n","protected":false},"excerpt":{"rendered":"<p>&#8220;Petit Cinema en curs&#8221; \u00e9s un projecte que inicia els m\u00e9s petits en la descoberta de la fotografia i el cinema, a partir de connectar les disciplines art\u00edstiques amb l&#8217;entorn m\u00e9s immediat.<br \/>\nLes persones adultes de l&#8217;escola s\u00f3n les que preparen i apliquen els tallers amb&hellip;  <a href=\"https:\/\/agora.xtec.cat\/escolatorrelameu\/general\/petit-cinema-en-curs\/\" title=\"Read Petit Cinema en curs\">Llegeix m\u00e9s\u00bb<\/a><\/p>\n","protected":false},"author":14,"featured_media":0,"comment_status":"open","ping_status":"closed","sticky":false,"template":"","format":"standard","meta":{"_bbp_topic_count":0,"_bbp_reply_count":0,"_bbp_total_topic_count":0,"_bbp_total_reply_count":0,"_bbp_voice_count":0,"_bbp_anonymous_reply_count":0,"_bbp_topic_count_hidden":0,"_bbp_reply_count_hidden":0,"_bbp_forum_subforum_count":0,"footnotes":""},"categories":[1],"tags":[],"class_list":["post-1814","post","type-post","status-publish","format-standard","hentry","category-general"],"post_mailing_queue_ids":[],"_links":{"self":[{"href":"https:\/\/agora.xtec.cat\/escolatorrelameu\/wp-json\/wp\/v2\/posts\/1814","targetHints":{"allow":["GET"]}}],"collection":[{"href":"https:\/\/agora.xtec.cat\/escolatorrelameu\/wp-json\/wp\/v2\/posts"}],"about":[{"href":"https:\/\/agora.xtec.cat\/escolatorrelameu\/wp-json\/wp\/v2\/types\/post"}],"author":[{"embeddable":true,"href":"https:\/\/agora.xtec.cat\/escolatorrelameu\/wp-json\/wp\/v2\/users\/14"}],"replies":[{"embeddable":true,"href":"https:\/\/agora.xtec.cat\/escolatorrelameu\/wp-json\/wp\/v2\/comments?post=1814"}],"version-history":[{"count":2,"href":"https:\/\/agora.xtec.cat\/escolatorrelameu\/wp-json\/wp\/v2\/posts\/1814\/revisions"}],"predecessor-version":[{"id":1816,"href":"https:\/\/agora.xtec.cat\/escolatorrelameu\/wp-json\/wp\/v2\/posts\/1814\/revisions\/1816"}],"wp:attachment":[{"href":"https:\/\/agora.xtec.cat\/escolatorrelameu\/wp-json\/wp\/v2\/media?parent=1814"}],"wp:term":[{"taxonomy":"category","embeddable":true,"href":"https:\/\/agora.xtec.cat\/escolatorrelameu\/wp-json\/wp\/v2\/categories?post=1814"},{"taxonomy":"post_tag","embeddable":true,"href":"https:\/\/agora.xtec.cat\/escolatorrelameu\/wp-json\/wp\/v2\/tags?post=1814"}],"curies":[{"name":"wp","href":"https:\/\/api.w.org\/{rel}","templated":true}]}}