{"id":1771,"date":"2022-11-23T08:45:04","date_gmt":"2022-11-23T07:45:04","guid":{"rendered":"https:\/\/agora.xtec.cat\/escolatorrelameu\/?p=1771"},"modified":"2022-11-30T17:14:51","modified_gmt":"2022-11-30T16:14:51","slug":"dia-de-la-musica","status":"publish","type":"post","link":"https:\/\/agora.xtec.cat\/escolatorrelameu\/general\/dia-de-la-musica\/","title":{"rendered":"Dia de la m\u00fasica"},"content":{"rendered":"<p>La m\u00fasica, sigui a trav\u00e9s de les seves sonoritats o a trav\u00e9s de les seves lletres o llenguatges ens anima, ens protegeix, ens entristeix, ens compensa, &#8230; En definitiva, ens emociona.<\/p>\n<div dir=\"auto\">Avui un dia ben especial.<\/div>\n<div dir=\"auto\"><a href=\"https:\/\/agora.xtec.cat\/escolatorrelameu\/wp-content\/uploads\/usu2232\/2022\/11\/Dia-de-la-musica.jpg\"><img loading=\"lazy\" decoding=\"async\" class=\"aligncenter wp-image-1770 size-full\" src=\"https:\/\/agora.xtec.cat\/escolatorrelameu\/wp-content\/uploads\/usu2232\/2022\/11\/Dia-de-la-musica.jpg\" alt=\"\" width=\"768\" height=\"768\" srcset=\"https:\/\/agora.xtec.cat\/escolatorrelameu\/wp-content\/uploads\/usu2232\/2022\/11\/Dia-de-la-musica.jpg 768w, https:\/\/agora.xtec.cat\/escolatorrelameu\/wp-content\/uploads\/usu2232\/2022\/11\/Dia-de-la-musica-300x300.jpg 300w, https:\/\/agora.xtec.cat\/escolatorrelameu\/wp-content\/uploads\/usu2232\/2022\/11\/Dia-de-la-musica-150x150.jpg 150w\" sizes=\"auto, (max-width: 768px) 100vw, 768px\" \/><\/a><\/div>\n<div dir=\"auto\"><a href=\"https:\/\/agora.xtec.cat\/escolatorrelameu\/wp-content\/uploads\/usu2232\/2022\/11\/20221123_084559-COLLAGE-scaled.jpg\"><img loading=\"lazy\" decoding=\"async\" class=\"aligncenter wp-image-1773 size-large\" src=\"https:\/\/agora.xtec.cat\/escolatorrelameu\/wp-content\/uploads\/usu2232\/2022\/11\/20221123_084559-COLLAGE-576x1024.jpg\" alt=\"\" width=\"576\" height=\"1024\" srcset=\"https:\/\/agora.xtec.cat\/escolatorrelameu\/wp-content\/uploads\/usu2232\/2022\/11\/20221123_084559-COLLAGE-576x1024.jpg 576w, https:\/\/agora.xtec.cat\/escolatorrelameu\/wp-content\/uploads\/usu2232\/2022\/11\/20221123_084559-COLLAGE-169x300.jpg 169w, https:\/\/agora.xtec.cat\/escolatorrelameu\/wp-content\/uploads\/usu2232\/2022\/11\/20221123_084559-COLLAGE-768x1365.jpg 768w, https:\/\/agora.xtec.cat\/escolatorrelameu\/wp-content\/uploads\/usu2232\/2022\/11\/20221123_084559-COLLAGE-864x1536.jpg 864w, https:\/\/agora.xtec.cat\/escolatorrelameu\/wp-content\/uploads\/usu2232\/2022\/11\/20221123_084559-COLLAGE-1152x2048.jpg 1152w, https:\/\/agora.xtec.cat\/escolatorrelameu\/wp-content\/uploads\/usu2232\/2022\/11\/20221123_084559-COLLAGE-scaled.jpg 1440w\" sizes=\"auto, (max-width: 576px) 100vw, 576px\" \/><\/a><\/div>\n","protected":false},"excerpt":{"rendered":"<p>La m\u00fasica, sigui a trav\u00e9s de les seves sonoritats o a trav\u00e9s de les seves lletres o llenguatges ens anima, ens protegeix, ens entristeix, ens compensa, &#8230; En definitiva, ens emociona.<br \/>\nAvui un dia ben especial.<br \/>\n<a href=\"https:\/\/agora.xtec.cat\/escolatorrelameu\/wp-content\/uploads\/usu2232\/2022\/11\/Dia-de-la-musica.jpg\"><\/a><br \/>\n<a href=\"https:\/\/agora.xtec.cat\/escolatorrelameu\/wp-content\/uploads\/usu2232\/2022\/11\/20221123_084559-COLLAGE-scaled.jpg\"><\/a><\/p>\n","protected":false},"author":14,"featured_media":0,"comment_status":"open","ping_status":"closed","sticky":false,"template":"","format":"standard","meta":{"_bbp_topic_count":0,"_bbp_reply_count":0,"_bbp_total_topic_count":0,"_bbp_total_reply_count":0,"_bbp_voice_count":0,"_bbp_anonymous_reply_count":0,"_bbp_topic_count_hidden":0,"_bbp_reply_count_hidden":0,"_bbp_forum_subforum_count":0,"footnotes":""},"categories":[1],"tags":[],"class_list":["post-1771","post","type-post","status-publish","format-standard","hentry","category-general"],"post_mailing_queue_ids":[],"_links":{"self":[{"href":"https:\/\/agora.xtec.cat\/escolatorrelameu\/wp-json\/wp\/v2\/posts\/1771","targetHints":{"allow":["GET"]}}],"collection":[{"href":"https:\/\/agora.xtec.cat\/escolatorrelameu\/wp-json\/wp\/v2\/posts"}],"about":[{"href":"https:\/\/agora.xtec.cat\/escolatorrelameu\/wp-json\/wp\/v2\/types\/post"}],"author":[{"embeddable":true,"href":"https:\/\/agora.xtec.cat\/escolatorrelameu\/wp-json\/wp\/v2\/users\/14"}],"replies":[{"embeddable":true,"href":"https:\/\/agora.xtec.cat\/escolatorrelameu\/wp-json\/wp\/v2\/comments?post=1771"}],"version-history":[{"count":2,"href":"https:\/\/agora.xtec.cat\/escolatorrelameu\/wp-json\/wp\/v2\/posts\/1771\/revisions"}],"predecessor-version":[{"id":1774,"href":"https:\/\/agora.xtec.cat\/escolatorrelameu\/wp-json\/wp\/v2\/posts\/1771\/revisions\/1774"}],"wp:attachment":[{"href":"https:\/\/agora.xtec.cat\/escolatorrelameu\/wp-json\/wp\/v2\/media?parent=1771"}],"wp:term":[{"taxonomy":"category","embeddable":true,"href":"https:\/\/agora.xtec.cat\/escolatorrelameu\/wp-json\/wp\/v2\/categories?post=1771"},{"taxonomy":"post_tag","embeddable":true,"href":"https:\/\/agora.xtec.cat\/escolatorrelameu\/wp-json\/wp\/v2\/tags?post=1771"}],"curies":[{"name":"wp","href":"https:\/\/api.w.org\/{rel}","templated":true}]}}