{"id":1628,"date":"2022-10-26T23:21:59","date_gmt":"2022-10-26T21:21:59","guid":{"rendered":"https:\/\/agora.xtec.cat\/escolatorrelameu\/?p=1628"},"modified":"2022-10-26T23:21:59","modified_gmt":"2022-10-26T21:21:59","slug":"visites-al-cementiri","status":"publish","type":"post","link":"https:\/\/agora.xtec.cat\/escolatorrelameu\/general\/visites-al-cementiri\/","title":{"rendered":"Visites al cementiri"},"content":{"rendered":"<p><a href=\"https:\/\/photos.app.goo.gl\/nCRQCZDSW4qUrssN6\"><img loading=\"lazy\" decoding=\"async\" class=\"wp-image-1629 aligncenter\" src=\"https:\/\/agora.xtec.cat\/escolatorrelameu\/wp-content\/uploads\/usu2232\/2022\/10\/IMG-20220916-WA0002-769x1024.jpg\" alt=\"\" width=\"185\" height=\"246\" srcset=\"https:\/\/agora.xtec.cat\/escolatorrelameu\/wp-content\/uploads\/usu2232\/2022\/10\/IMG-20220916-WA0002-769x1024.jpg 769w, https:\/\/agora.xtec.cat\/escolatorrelameu\/wp-content\/uploads\/usu2232\/2022\/10\/IMG-20220916-WA0002-225x300.jpg 225w, https:\/\/agora.xtec.cat\/escolatorrelameu\/wp-content\/uploads\/usu2232\/2022\/10\/IMG-20220916-WA0002-768x1023.jpg 768w, https:\/\/agora.xtec.cat\/escolatorrelameu\/wp-content\/uploads\/usu2232\/2022\/10\/IMG-20220916-WA0002-1153x1536.jpg 1153w, https:\/\/agora.xtec.cat\/escolatorrelameu\/wp-content\/uploads\/usu2232\/2022\/10\/IMG-20220916-WA0002.jpg 1537w\" sizes=\"auto, (max-width: 185px) 100vw, 185px\" \/><\/a><\/p>\n<p>Des de ben inici de curs, els Creixents hem anat unes quantes vegades a visitar el cementiri nou.<\/p>\n<p>La primera vegada, cadasc\u00fa havia de fixar-se per on pass\u00e0vem perqu\u00e8 despr\u00e9s, a l&#8217;aula, n&#8217;havien de fer un mapa. Quan vam ser all\u00e0, els infants hi van accedir amb respectes i ens vam dedicar a llegir les l\u00e0pides. L&#8217;objectiu era buscar noms que comencessin amb la nostra inicial. Vam fer lectura, vam imaginar hist\u00f2ries, vam buscar coincid\u00e8ncies, vam veure moltes dates&#8230; ens vam adonar que hi tornar\u00edem a anar.<\/p>\n<p><img loading=\"lazy\" decoding=\"async\" class=\"wp-image-1633 aligncenter\" style=\"border: none; color: #2795b6;\" src=\"https:\/\/agora.xtec.cat\/escolatorrelameu\/wp-content\/uploads\/usu2232\/2022\/10\/IMG_20220916_103720-Copy.jpg\" alt=\"\" width=\"330\" height=\"440\" srcset=\"https:\/\/agora.xtec.cat\/escolatorrelameu\/wp-content\/uploads\/usu2232\/2022\/10\/IMG_20220916_103720-Copy.jpg 768w, https:\/\/agora.xtec.cat\/escolatorrelameu\/wp-content\/uploads\/usu2232\/2022\/10\/IMG_20220916_103720-Copy-225x300.jpg 225w\" sizes=\"auto, (max-width: 330px) 100vw, 330px\" \/><\/p>\n<p>I ens hem esperat fins se<span style=\"font-family: inherit; font-size: 1em;\">r als voltants de Tot Sants. Hi hem anat amb dos tasques a fer. La primera era una tasca d&#8217;orientaci\u00f3. Damunt del mapa en imatge del cementiri havien de seleccionar dos llocs des dels quals havien de fer du<\/span>es fotos. Na ha estat f\u00e0cil. Hi ha hagut conversa sobre com s\u00f3n els m<span style=\"font-family: inherit; font-size: 1em;\">apes, s<\/span><span style=\"font-family: inherit; font-size: 1em;\">i s\u00f3n tots des de dalt, del perqu\u00e8&#8230;<\/span><\/p>\n<p>Per\u00f2 tamb\u00e9 havien de buscar la persona m\u00e9s gran que hi ha enterrada i la m\u00e9s jove. Hem hagut de fer, amb ajuda, si ha calgut, restes portant per calcular les edats de la mort&#8230; Hem descobert que, en general, les dones viuen m\u00e9s anys que els homes. Hem parlat sobre el concepte de la mort, de com ens enterrem, d&#8217;on ho fem, de si hi ha cementiris a cada poble, de per qu\u00e8 n&#8217;hi ha, de moments en qu\u00e8 la gent no s&#8217;ha enterrat a cap cementiri, com a les guerres&#8230;<img loading=\"lazy\" decoding=\"async\" class=\"wp-image-1635 aligncenter\" style=\"border: none; color: #2795b6; font-size: 16px;\" src=\"https:\/\/agora.xtec.cat\/escolatorrelameu\/wp-content\/uploads\/usu2232\/2022\/10\/IMG_20221024_111801-Copy.jpg\" alt=\"\" width=\"314\" height=\"418\" srcset=\"https:\/\/agora.xtec.cat\/escolatorrelameu\/wp-content\/uploads\/usu2232\/2022\/10\/IMG_20221024_111801-Copy.jpg 768w, https:\/\/agora.xtec.cat\/escolatorrelameu\/wp-content\/uploads\/usu2232\/2022\/10\/IMG_20221024_111801-Copy-225x300.jpg 225w\" sizes=\"auto, (max-width: 314px) 100vw, 314px\" \/><\/p>\n<p><a href=\"https:\/\/agora.xtec.cat\/escolatorrelameu\/wp-content\/uploads\/usu2232\/2022\/10\/IMG_20221024_111622-Copy.jpg\"><img loading=\"lazy\" decoding=\"async\" class=\"wp-image-1655 alignleft\" src=\"https:\/\/agora.xtec.cat\/escolatorrelameu\/wp-content\/uploads\/usu2232\/2022\/10\/IMG_20221024_111622-Copy.jpg\" alt=\"\" width=\"236\" height=\"177\" srcset=\"https:\/\/agora.xtec.cat\/escolatorrelameu\/wp-content\/uploads\/usu2232\/2022\/10\/IMG_20221024_111622-Copy.jpg 1024w, https:\/\/agora.xtec.cat\/escolatorrelameu\/wp-content\/uploads\/usu2232\/2022\/10\/IMG_20221024_111622-Copy-300x225.jpg 300w, https:\/\/agora.xtec.cat\/escolatorrelameu\/wp-content\/uploads\/usu2232\/2022\/10\/IMG_20221024_111622-Copy-768x576.jpg 768w, https:\/\/agora.xtec.cat\/escolatorrelameu\/wp-content\/uploads\/usu2232\/2022\/10\/IMG_20221024_111622-Copy-200x150.jpg 200w\" sizes=\"auto, (max-width: 236px) 100vw, 236px\" \/><\/a><a href=\"https:\/\/agora.xtec.cat\/escolatorrelameu\/wp-content\/uploads\/usu2232\/2022\/10\/DSC01031-Copy.jpg\"><img loading=\"lazy\" decoding=\"async\" class=\"wp-image-1631 alignnone\" src=\"https:\/\/agora.xtec.cat\/escolatorrelameu\/wp-content\/uploads\/usu2232\/2022\/10\/DSC01031-Copy.jpg\" alt=\"\" width=\"239\" height=\"179\" srcset=\"https:\/\/agora.xtec.cat\/escolatorrelameu\/wp-content\/uploads\/usu2232\/2022\/10\/DSC01031-Copy.jpg 1024w, https:\/\/agora.xtec.cat\/escolatorrelameu\/wp-content\/uploads\/usu2232\/2022\/10\/DSC01031-Copy-300x225.jpg 300w, https:\/\/agora.xtec.cat\/escolatorrelameu\/wp-content\/uploads\/usu2232\/2022\/10\/DSC01031-Copy-768x576.jpg 768w, https:\/\/agora.xtec.cat\/escolatorrelameu\/wp-content\/uploads\/usu2232\/2022\/10\/DSC01031-Copy-200x150.jpg 200w\" sizes=\"auto, (max-width: 239px) 100vw, 239px\" \/><\/a><a href=\"https:\/\/agora.xtec.cat\/escolatorrelameu\/wp-content\/uploads\/usu2232\/2022\/10\/DSC01016-Copy.jpg\"><img loading=\"lazy\" decoding=\"async\" class=\"wp-image-1630 alignleft\" src=\"https:\/\/agora.xtec.cat\/escolatorrelameu\/wp-content\/uploads\/usu2232\/2022\/10\/DSC01016-Copy.jpg\" alt=\"\" width=\"235\" height=\"176\" srcset=\"https:\/\/agora.xtec.cat\/escolatorrelameu\/wp-content\/uploads\/usu2232\/2022\/10\/DSC01016-Copy.jpg 1024w, https:\/\/agora.xtec.cat\/escolatorrelameu\/wp-content\/uploads\/usu2232\/2022\/10\/DSC01016-Copy-300x225.jpg 300w, https:\/\/agora.xtec.cat\/escolatorrelameu\/wp-content\/uploads\/usu2232\/2022\/10\/DSC01016-Copy-768x576.jpg 768w, https:\/\/agora.xtec.cat\/escolatorrelameu\/wp-content\/uploads\/usu2232\/2022\/10\/DSC01016-Copy-200x150.jpg 200w\" sizes=\"auto, (max-width: 235px) 100vw, 235px\" \/><\/a><\/p>\n<p>Ens queda pendent una altra visita. La que farem passat Tots Sants, amb una intenci\u00f3 clara: veure quins canvis hi ha hagut des que vam fer les fotos.<\/p>\n","protected":false},"excerpt":{"rendered":"<p><a href=\"https:\/\/photos.app.goo.gl\/nCRQCZDSW4qUrssN6\"><\/a><br \/>\nDes de ben inici de curs, els Creixents hem anat unes quantes vegades a visitar el cementiri nou.<br \/>\nLa primera vegada, cadasc\u00fa havia de fixar-se per on pass\u00e0vem perqu\u00e8 despr\u00e9s, a l&#8217;aula, n&#8217;havien de fer un mapa. Quan vam ser all\u00e0, els infants hi van&hellip;  <a href=\"https:\/\/agora.xtec.cat\/escolatorrelameu\/general\/visites-al-cementiri\/\" title=\"Read Visites al cementiri\">Llegeix m\u00e9s\u00bb<\/a><\/p>\n","protected":false},"author":14,"featured_media":0,"comment_status":"open","ping_status":"closed","sticky":false,"template":"","format":"standard","meta":{"_bbp_topic_count":0,"_bbp_reply_count":0,"_bbp_total_topic_count":0,"_bbp_total_reply_count":0,"_bbp_voice_count":0,"_bbp_anonymous_reply_count":0,"_bbp_topic_count_hidden":0,"_bbp_reply_count_hidden":0,"_bbp_forum_subforum_count":0,"footnotes":""},"categories":[1],"tags":[],"class_list":["post-1628","post","type-post","status-publish","format-standard","hentry","category-general"],"post_mailing_queue_ids":[],"_links":{"self":[{"href":"https:\/\/agora.xtec.cat\/escolatorrelameu\/wp-json\/wp\/v2\/posts\/1628","targetHints":{"allow":["GET"]}}],"collection":[{"href":"https:\/\/agora.xtec.cat\/escolatorrelameu\/wp-json\/wp\/v2\/posts"}],"about":[{"href":"https:\/\/agora.xtec.cat\/escolatorrelameu\/wp-json\/wp\/v2\/types\/post"}],"author":[{"embeddable":true,"href":"https:\/\/agora.xtec.cat\/escolatorrelameu\/wp-json\/wp\/v2\/users\/14"}],"replies":[{"embeddable":true,"href":"https:\/\/agora.xtec.cat\/escolatorrelameu\/wp-json\/wp\/v2\/comments?post=1628"}],"version-history":[{"count":3,"href":"https:\/\/agora.xtec.cat\/escolatorrelameu\/wp-json\/wp\/v2\/posts\/1628\/revisions"}],"predecessor-version":[{"id":1660,"href":"https:\/\/agora.xtec.cat\/escolatorrelameu\/wp-json\/wp\/v2\/posts\/1628\/revisions\/1660"}],"wp:attachment":[{"href":"https:\/\/agora.xtec.cat\/escolatorrelameu\/wp-json\/wp\/v2\/media?parent=1628"}],"wp:term":[{"taxonomy":"category","embeddable":true,"href":"https:\/\/agora.xtec.cat\/escolatorrelameu\/wp-json\/wp\/v2\/categories?post=1628"},{"taxonomy":"post_tag","embeddable":true,"href":"https:\/\/agora.xtec.cat\/escolatorrelameu\/wp-json\/wp\/v2\/tags?post=1628"}],"curies":[{"name":"wp","href":"https:\/\/api.w.org\/{rel}","templated":true}]}}