{"id":1617,"date":"2022-10-25T12:25:39","date_gmt":"2022-10-25T10:25:39","guid":{"rendered":"https:\/\/agora.xtec.cat\/escolatorrelameu\/?p=1617"},"modified":"2022-10-25T12:27:47","modified_gmt":"2022-10-25T10:27:47","slug":"eclipsi-parcial-de-sol","status":"publish","type":"post","link":"https:\/\/agora.xtec.cat\/escolatorrelameu\/general\/eclipsi-parcial-de-sol\/","title":{"rendered":"Eclipsi parcial de Sol"},"content":{"rendered":"<p><b>\u00a0Avui dimarts dia 25 d\u2019octubre<\/b>, la Terra, la Lluna i el Sol s\u2019han alineat de tal manera que ens han perm\u00e8s veure un<b> eclipsi parcial de Sol<\/b>. L\u2019eclipsi parcial de Sol nom\u00e9s mostra una part del Sol tapada per la Lluna. Sembla que el Sol estigui \u201cmossegat\u201d<\/p>\n<p>\u00c9s molt important observar els eclipsis amb una bona protecci\u00f3 dels ulls: encara que la llum ambiental s\u2019esmorteeixi, la intensitat a la part del disc solar continua sent prou forta.<\/p>\n<p>A l\u2019agost del 2026 es podr\u00e0 veure un eclipsi total de Sol des de la pen\u00ednsula Ib\u00e8rica.<\/p>\n<p><a href=\"https:\/\/agora.xtec.cat\/escolatorrelameu\/wp-content\/uploads\/usu2232\/2022\/10\/IMG_3553-1.jpg\"><img loading=\"lazy\" decoding=\"async\" class=\"alignnone size-full wp-image-1619\" src=\"https:\/\/agora.xtec.cat\/escolatorrelameu\/wp-content\/uploads\/usu2232\/2022\/10\/IMG_3553-1.jpg\" alt=\"\" width=\"320\" height=\"240\" srcset=\"https:\/\/agora.xtec.cat\/escolatorrelameu\/wp-content\/uploads\/usu2232\/2022\/10\/IMG_3553-1.jpg 320w, https:\/\/agora.xtec.cat\/escolatorrelameu\/wp-content\/uploads\/usu2232\/2022\/10\/IMG_3553-1-300x225.jpg 300w, https:\/\/agora.xtec.cat\/escolatorrelameu\/wp-content\/uploads\/usu2232\/2022\/10\/IMG_3553-1-200x150.jpg 200w\" sizes=\"auto, (max-width: 320px) 100vw, 320px\" \/><\/a> <a href=\"https:\/\/agora.xtec.cat\/escolatorrelameu\/wp-content\/uploads\/usu2232\/2022\/10\/IMG_3551.jpg\"><img loading=\"lazy\" decoding=\"async\" class=\"alignnone size-large wp-image-1620\" src=\"https:\/\/agora.xtec.cat\/escolatorrelameu\/wp-content\/uploads\/usu2232\/2022\/10\/IMG_3551.jpg\" alt=\"\" width=\"320\" height=\"240\" srcset=\"https:\/\/agora.xtec.cat\/escolatorrelameu\/wp-content\/uploads\/usu2232\/2022\/10\/IMG_3551.jpg 320w, https:\/\/agora.xtec.cat\/escolatorrelameu\/wp-content\/uploads\/usu2232\/2022\/10\/IMG_3551-300x225.jpg 300w, https:\/\/agora.xtec.cat\/escolatorrelameu\/wp-content\/uploads\/usu2232\/2022\/10\/IMG_3551-200x150.jpg 200w\" sizes=\"auto, (max-width: 320px) 100vw, 320px\" \/><\/a> <a href=\"https:\/\/agora.xtec.cat\/escolatorrelameu\/wp-content\/uploads\/usu2232\/2022\/10\/IMG_3548-1.jpg\"><img loading=\"lazy\" decoding=\"async\" class=\"alignnone size-large wp-image-1621\" src=\"https:\/\/agora.xtec.cat\/escolatorrelameu\/wp-content\/uploads\/usu2232\/2022\/10\/IMG_3548-1.jpg\" alt=\"\" width=\"320\" height=\"240\" srcset=\"https:\/\/agora.xtec.cat\/escolatorrelameu\/wp-content\/uploads\/usu2232\/2022\/10\/IMG_3548-1.jpg 320w, https:\/\/agora.xtec.cat\/escolatorrelameu\/wp-content\/uploads\/usu2232\/2022\/10\/IMG_3548-1-300x225.jpg 300w, https:\/\/agora.xtec.cat\/escolatorrelameu\/wp-content\/uploads\/usu2232\/2022\/10\/IMG_3548-1-200x150.jpg 200w\" sizes=\"auto, (max-width: 320px) 100vw, 320px\" \/><\/a><\/p>\n","protected":false},"excerpt":{"rendered":"<p>\u00a0Avui dimarts dia 25 d\u2019octubre, la Terra, la Lluna i el Sol s\u2019han alineat de tal manera que ens han perm\u00e8s veure un eclipsi parcial de Sol. L\u2019eclipsi parcial de Sol nom\u00e9s mostra una part del Sol tapada per la Lluna. Sembla que el Sol&hellip;  <a href=\"https:\/\/agora.xtec.cat\/escolatorrelameu\/general\/eclipsi-parcial-de-sol\/\" title=\"Read Eclipsi parcial de Sol\">Llegeix m\u00e9s\u00bb<\/a><\/p>\n","protected":false},"author":14,"featured_media":0,"comment_status":"open","ping_status":"closed","sticky":false,"template":"","format":"standard","meta":{"_bbp_topic_count":0,"_bbp_reply_count":0,"_bbp_total_topic_count":0,"_bbp_total_reply_count":0,"_bbp_voice_count":0,"_bbp_anonymous_reply_count":0,"_bbp_topic_count_hidden":0,"_bbp_reply_count_hidden":0,"_bbp_forum_subforum_count":0,"footnotes":""},"categories":[1,4,5],"tags":[],"class_list":["post-1617","post","type-post","status-publish","format-standard","hentry","category-general","category-portada","category-primaria"],"post_mailing_queue_ids":[],"_links":{"self":[{"href":"https:\/\/agora.xtec.cat\/escolatorrelameu\/wp-json\/wp\/v2\/posts\/1617","targetHints":{"allow":["GET"]}}],"collection":[{"href":"https:\/\/agora.xtec.cat\/escolatorrelameu\/wp-json\/wp\/v2\/posts"}],"about":[{"href":"https:\/\/agora.xtec.cat\/escolatorrelameu\/wp-json\/wp\/v2\/types\/post"}],"author":[{"embeddable":true,"href":"https:\/\/agora.xtec.cat\/escolatorrelameu\/wp-json\/wp\/v2\/users\/14"}],"replies":[{"embeddable":true,"href":"https:\/\/agora.xtec.cat\/escolatorrelameu\/wp-json\/wp\/v2\/comments?post=1617"}],"version-history":[{"count":2,"href":"https:\/\/agora.xtec.cat\/escolatorrelameu\/wp-json\/wp\/v2\/posts\/1617\/revisions"}],"predecessor-version":[{"id":1624,"href":"https:\/\/agora.xtec.cat\/escolatorrelameu\/wp-json\/wp\/v2\/posts\/1617\/revisions\/1624"}],"wp:attachment":[{"href":"https:\/\/agora.xtec.cat\/escolatorrelameu\/wp-json\/wp\/v2\/media?parent=1617"}],"wp:term":[{"taxonomy":"category","embeddable":true,"href":"https:\/\/agora.xtec.cat\/escolatorrelameu\/wp-json\/wp\/v2\/categories?post=1617"},{"taxonomy":"post_tag","embeddable":true,"href":"https:\/\/agora.xtec.cat\/escolatorrelameu\/wp-json\/wp\/v2\/tags?post=1617"}],"curies":[{"name":"wp","href":"https:\/\/api.w.org\/{rel}","templated":true}]}}