{"id":1560,"date":"2022-10-20T06:57:51","date_gmt":"2022-10-20T04:57:51","guid":{"rendered":"https:\/\/agora.xtec.cat\/escolatorrelameu\/?p=1560"},"modified":"2022-10-22T23:28:16","modified_gmt":"2022-10-22T21:28:16","slug":"esmorzar-un-proces-dautogestio","status":"publish","type":"post","link":"https:\/\/agora.xtec.cat\/escolatorrelameu\/general\/esmorzar-un-proces-dautogestio\/","title":{"rendered":"Esmorzar: un proc\u00e9s d&#8217;autogesti\u00f3."},"content":{"rendered":"<p><a href=\"https:\/\/agora.xtec.cat\/escolatorrelameu\/wp-content\/uploads\/usu2232\/2022\/10\/IMG20220909101407.jpg\"><img loading=\"lazy\" decoding=\"async\" class=\"alignnone wp-image-1595 size-full\" src=\"https:\/\/agora.xtec.cat\/escolatorrelameu\/wp-content\/uploads\/usu2232\/2022\/10\/IMG20220909101407-e1666242351282.jpg\" alt=\"\" width=\"1024\" height=\"363\" srcset=\"https:\/\/agora.xtec.cat\/escolatorrelameu\/wp-content\/uploads\/usu2232\/2022\/10\/IMG20220909101407-e1666242351282.jpg 1024w, https:\/\/agora.xtec.cat\/escolatorrelameu\/wp-content\/uploads\/usu2232\/2022\/10\/IMG20220909101407-e1666242351282-300x106.jpg 300w, https:\/\/agora.xtec.cat\/escolatorrelameu\/wp-content\/uploads\/usu2232\/2022\/10\/IMG20220909101407-e1666242351282-768x272.jpg 768w\" sizes=\"auto, (max-width: 1024px) 100vw, 1024px\" \/><\/a><\/p>\n<p><span style=\"font-weight: 400;\">Des de sempre, l\u2019aliment ha estat una de les necessitats i plaers de totes les persones. Els nostres avantpassats eren ca\u00e7adors i recol.lectors. Amb la descoberta del foc va canviar la manera de cuinar i preparar els aliments, cosa que va repercutir en una evoluci\u00f3 important en la masticaci\u00f3, l\u2019aprofitament dels nutrients, l\u2019eliminaci\u00f3 de toxines, millorar el gust i allargar la vida dels aliments. Amb el desenvolupament de l\u2019agricultura i la ramaderia, tamb\u00e9 va haver un canvi notable en l\u2019adquisici\u00f3 de l\u2019aliment. El naixement de les civilitzacions ens va permetre crear diferents dietes. Amb la Revoluci\u00f3 Industrial comencen a cr\u00e9ixer els aliments processats i envasats, tamb\u00e9 desapareixen la inseguretat aliment\u00e0ria i problemes estesos com la malnutrici\u00f3. Al llarg del segle XX, la societat es va fent conscient de la necessitat d\u2019una bona dieta i la relaci\u00f3 que hi ha entre salut i dieta.<\/span><\/p>\n<p><span style=\"font-weight: 400;\">I s\u00ed, hi ha molt cam\u00ed fet\u2026 Per\u00f2 no ens hem d\u2019aturar, ara hi ha altres trastorns que deriven de la ingesta d\u2019aliments. Cal lluitar perqu\u00e8 siguin cada vegada m\u00e9s tractables i curables.<\/span><\/p>\n<p>&nbsp;<\/p>\n<p><span style=\"font-weight: 400;\">Tot aquesta contextualitzaci\u00f3 \u00e9s per entendre on som i qu\u00e8 volem. A l&#8217;escola som conscients de l&#8217;evoluci\u00f3 aliment\u00e0ria i de la import\u00e0ncia d&#8217;una alimentaci\u00f3 saludable concretada en els seus \u00e0pats.<\/span><\/p>\n<p><span style=\"font-weight: 400;\">Aix\u00ed l&#8217;esmorzar \u00e9s un \u00e0pat cuidat. Els Grans s&#8217;encarreguen de la gesti\u00f3 de la fruita (revisen el que hi ha, truquen a la prove\u00efdora, compren, calculen\u2026).<\/span><\/p>\n<figure class=\"figure wp-caption alignleft\"><a href=\"https:\/\/agora.xtec.cat\/escolatorrelameu\/wp-content\/uploads\/usu2232\/2022\/10\/IMG_20221017_105048651_HDR.jpg\"><img loading=\"lazy\" decoding=\"async\" class=\"wp-image-1594 size-medium\" src=\"https:\/\/agora.xtec.cat\/escolatorrelameu\/wp-content\/uploads\/usu2232\/2022\/10\/IMG_20221017_105048651_HDR-300x225.jpg\" alt=\"\" width=\"300\" height=\"225\" srcset=\"https:\/\/agora.xtec.cat\/escolatorrelameu\/wp-content\/uploads\/usu2232\/2022\/10\/IMG_20221017_105048651_HDR-300x225.jpg 300w, https:\/\/agora.xtec.cat\/escolatorrelameu\/wp-content\/uploads\/usu2232\/2022\/10\/IMG_20221017_105048651_HDR-768x576.jpg 768w, https:\/\/agora.xtec.cat\/escolatorrelameu\/wp-content\/uploads\/usu2232\/2022\/10\/IMG_20221017_105048651_HDR-200x150.jpg 200w, https:\/\/agora.xtec.cat\/escolatorrelameu\/wp-content\/uploads\/usu2232\/2022\/10\/IMG_20221017_105048651_HDR.jpg 1024w\" sizes=\"auto, (max-width: 300px) 100vw, 300px\" \/><\/a><figcaption class=\"wp-caption-text\">Llibreta per enregistrar l&#8217;activitat setmanal.<\/figcaption><\/figure>\n<figure class=\"figure wp-caption alignright\"><a href=\"https:\/\/agora.xtec.cat\/escolatorrelameu\/wp-content\/uploads\/usu2232\/2022\/10\/IMG_20221017_105032514_HDR-rotated.jpg\"><img loading=\"lazy\" decoding=\"async\" class=\"wp-image-1597 size-medium\" src=\"https:\/\/agora.xtec.cat\/escolatorrelameu\/wp-content\/uploads\/usu2232\/2022\/10\/IMG_20221017_105032514_HDR-300x225.jpg\" alt=\"\" width=\"300\" height=\"225\" srcset=\"https:\/\/agora.xtec.cat\/escolatorrelameu\/wp-content\/uploads\/usu2232\/2022\/10\/IMG_20221017_105032514_HDR-300x225.jpg 300w, https:\/\/agora.xtec.cat\/escolatorrelameu\/wp-content\/uploads\/usu2232\/2022\/10\/IMG_20221017_105032514_HDR-768x576.jpg 768w, https:\/\/agora.xtec.cat\/escolatorrelameu\/wp-content\/uploads\/usu2232\/2022\/10\/IMG_20221017_105032514_HDR-200x150.jpg 200w, https:\/\/agora.xtec.cat\/escolatorrelameu\/wp-content\/uploads\/usu2232\/2022\/10\/IMG_20221017_105032514_HDR-rotated.jpg 1024w\" sizes=\"auto, (max-width: 300px) 100vw, 300px\" \/><\/a><figcaption class=\"wp-caption-text\">Un altre registre dels comptes i del gastat i el que cal comprar.<\/figcaption><\/figure>\n<figure class=\"figure wp-caption alignleft\"><a href=\"https:\/\/agora.xtec.cat\/escolatorrelameu\/wp-content\/uploads\/usu2232\/2022\/10\/IMG_20221017_104932958_HDR.jpg\"><img loading=\"lazy\" decoding=\"async\" class=\"wp-image-1592 size-medium\" src=\"https:\/\/agora.xtec.cat\/escolatorrelameu\/wp-content\/uploads\/usu2232\/2022\/10\/IMG_20221017_104932958_HDR-300x225.jpg\" alt=\"\" width=\"300\" height=\"225\" srcset=\"https:\/\/agora.xtec.cat\/escolatorrelameu\/wp-content\/uploads\/usu2232\/2022\/10\/IMG_20221017_104932958_HDR-300x225.jpg 300w, https:\/\/agora.xtec.cat\/escolatorrelameu\/wp-content\/uploads\/usu2232\/2022\/10\/IMG_20221017_104932958_HDR-768x576.jpg 768w, https:\/\/agora.xtec.cat\/escolatorrelameu\/wp-content\/uploads\/usu2232\/2022\/10\/IMG_20221017_104932958_HDR-200x150.jpg 200w, https:\/\/agora.xtec.cat\/escolatorrelameu\/wp-content\/uploads\/usu2232\/2022\/10\/IMG_20221017_104932958_HDR.jpg 1024w\" sizes=\"auto, (max-width: 300px) 100vw, 300px\" \/><\/a><figcaption class=\"wp-caption-text\">Apuntant&#8230;<\/figcaption><\/figure>\n<figure class=\"figure wp-caption alignright\"><a href=\"https:\/\/agora.xtec.cat\/escolatorrelameu\/wp-content\/uploads\/usu2232\/2022\/10\/IMG_20221017_104512219_HDR.jpg\"><img loading=\"lazy\" decoding=\"async\" class=\"wp-image-1591 size-medium\" src=\"https:\/\/agora.xtec.cat\/escolatorrelameu\/wp-content\/uploads\/usu2232\/2022\/10\/IMG_20221017_104512219_HDR-300x225.jpg\" alt=\"\" width=\"300\" height=\"225\" srcset=\"https:\/\/agora.xtec.cat\/escolatorrelameu\/wp-content\/uploads\/usu2232\/2022\/10\/IMG_20221017_104512219_HDR-300x225.jpg 300w, https:\/\/agora.xtec.cat\/escolatorrelameu\/wp-content\/uploads\/usu2232\/2022\/10\/IMG_20221017_104512219_HDR-768x576.jpg 768w, https:\/\/agora.xtec.cat\/escolatorrelameu\/wp-content\/uploads\/usu2232\/2022\/10\/IMG_20221017_104512219_HDR-200x150.jpg 200w, https:\/\/agora.xtec.cat\/escolatorrelameu\/wp-content\/uploads\/usu2232\/2022\/10\/IMG_20221017_104512219_HDR.jpg 1024w\" sizes=\"auto, (max-width: 300px) 100vw, 300px\" \/><\/a><figcaption class=\"wp-caption-text\">Trucant a la verduleria.<\/figcaption><\/figure>\n<p>&nbsp;<\/p>\n<p>&nbsp;<\/p>\n<p>&nbsp;<\/p>\n<p>&nbsp;<\/p>\n<p>&nbsp;<\/p>\n<p>&nbsp;<\/p>\n<p><span style=\"font-weight: 400;\">La preparaci\u00f3 \u00e9s a c\u00e0rrec de tots els infants, o per grups o realitzant receptes amb aliments de temporada.<\/span><\/p>\n<p><span style=\"font-weight: 400;\">Parar la taula, rentar els estris, endre\u00e7ar-los, ficar l&#8217;\u00e0pat bonic i ben presentat, estona calmada, flexible i conjunta\u2026 \u00e9s feina de tots, compartida i col\u00b7laborativa.<\/span><\/p>\n<p><a href=\"https:\/\/agora.xtec.cat\/escolatorrelameu\/wp-content\/uploads\/usu2232\/2022\/10\/IMG20221013095305_01.jpg\"><img loading=\"lazy\" decoding=\"async\" class=\"alignleft wp-image-1590 size-medium\" src=\"https:\/\/agora.xtec.cat\/escolatorrelameu\/wp-content\/uploads\/usu2232\/2022\/10\/IMG20221013095305_01-300x225.jpg\" alt=\"\" width=\"300\" height=\"225\" srcset=\"https:\/\/agora.xtec.cat\/escolatorrelameu\/wp-content\/uploads\/usu2232\/2022\/10\/IMG20221013095305_01-300x225.jpg 300w, https:\/\/agora.xtec.cat\/escolatorrelameu\/wp-content\/uploads\/usu2232\/2022\/10\/IMG20221013095305_01-768x576.jpg 768w, https:\/\/agora.xtec.cat\/escolatorrelameu\/wp-content\/uploads\/usu2232\/2022\/10\/IMG20221013095305_01-200x150.jpg 200w, https:\/\/agora.xtec.cat\/escolatorrelameu\/wp-content\/uploads\/usu2232\/2022\/10\/IMG20221013095305_01.jpg 1024w\" sizes=\"auto, (max-width: 300px) 100vw, 300px\" \/><\/a><a href=\"https:\/\/agora.xtec.cat\/escolatorrelameu\/wp-content\/uploads\/usu2232\/2022\/10\/IMG20221013102750.jpg\"><img loading=\"lazy\" decoding=\"async\" class=\"alignleft wp-image-1596 size-medium\" src=\"https:\/\/agora.xtec.cat\/escolatorrelameu\/wp-content\/uploads\/usu2232\/2022\/10\/IMG20221013102750-e1666242058327-300x300.jpg\" alt=\"\" width=\"300\" height=\"300\" srcset=\"https:\/\/agora.xtec.cat\/escolatorrelameu\/wp-content\/uploads\/usu2232\/2022\/10\/IMG20221013102750-e1666242058327-300x300.jpg 300w, https:\/\/agora.xtec.cat\/escolatorrelameu\/wp-content\/uploads\/usu2232\/2022\/10\/IMG20221013102750-e1666242058327-150x150.jpg 150w, https:\/\/agora.xtec.cat\/escolatorrelameu\/wp-content\/uploads\/usu2232\/2022\/10\/IMG20221013102750-e1666242058327.jpg 768w\" sizes=\"auto, (max-width: 300px) 100vw, 300px\" \/><\/a><\/p>\n<p>&nbsp;<\/p>\n<p>&nbsp;<\/p>\n<p>&nbsp;<\/p>\n<p>&nbsp;<\/p>\n<p>&nbsp;<\/p>\n<p>&nbsp;<\/p>\n<p>&nbsp;<\/p>\n<p>&nbsp;<\/p>\n<p><span style=\"font-weight: 400;\">Aquest any, a m\u00e9s a m\u00e9s, hem integrat l&#8217;estona de dinar com una estona tranquil.la i compartida, com una estona d&#8217;autonomia personal i col.lectiva, com una estona agradable i de trobar-nos com a comunitat.<\/span><\/p>\n<p>&nbsp;<\/p>\n","protected":false},"excerpt":{"rendered":"<p><a href=\"https:\/\/agora.xtec.cat\/escolatorrelameu\/wp-content\/uploads\/usu2232\/2022\/10\/IMG20220909101407.jpg\"><\/a><br \/>\nDes de sempre, l\u2019aliment ha estat una de les necessitats i plaers de totes les persones. Els nostres avantpassats eren ca\u00e7adors i recol.lectors. Amb la descoberta del foc va canviar la manera de cuinar i preparar els aliments, cosa que va repercutir en una&hellip;  <a href=\"https:\/\/agora.xtec.cat\/escolatorrelameu\/general\/esmorzar-un-proces-dautogestio\/\" title=\"Read Esmorzar: un proc\u00e9s d&#8217;autogesti\u00f3.\">Llegeix m\u00e9s\u00bb<\/a><\/p>\n","protected":false},"author":5,"featured_media":0,"comment_status":"open","ping_status":"closed","sticky":false,"template":"","format":"standard","meta":{"_bbp_topic_count":0,"_bbp_reply_count":0,"_bbp_total_topic_count":0,"_bbp_total_reply_count":0,"_bbp_voice_count":0,"_bbp_anonymous_reply_count":0,"_bbp_topic_count_hidden":0,"_bbp_reply_count_hidden":0,"_bbp_forum_subforum_count":0,"footnotes":""},"categories":[1],"tags":[],"class_list":["post-1560","post","type-post","status-publish","format-standard","hentry","category-general"],"post_mailing_queue_ids":[],"_links":{"self":[{"href":"https:\/\/agora.xtec.cat\/escolatorrelameu\/wp-json\/wp\/v2\/posts\/1560","targetHints":{"allow":["GET"]}}],"collection":[{"href":"https:\/\/agora.xtec.cat\/escolatorrelameu\/wp-json\/wp\/v2\/posts"}],"about":[{"href":"https:\/\/agora.xtec.cat\/escolatorrelameu\/wp-json\/wp\/v2\/types\/post"}],"author":[{"embeddable":true,"href":"https:\/\/agora.xtec.cat\/escolatorrelameu\/wp-json\/wp\/v2\/users\/5"}],"replies":[{"embeddable":true,"href":"https:\/\/agora.xtec.cat\/escolatorrelameu\/wp-json\/wp\/v2\/comments?post=1560"}],"version-history":[{"count":3,"href":"https:\/\/agora.xtec.cat\/escolatorrelameu\/wp-json\/wp\/v2\/posts\/1560\/revisions"}],"predecessor-version":[{"id":1615,"href":"https:\/\/agora.xtec.cat\/escolatorrelameu\/wp-json\/wp\/v2\/posts\/1560\/revisions\/1615"}],"wp:attachment":[{"href":"https:\/\/agora.xtec.cat\/escolatorrelameu\/wp-json\/wp\/v2\/media?parent=1560"}],"wp:term":[{"taxonomy":"category","embeddable":true,"href":"https:\/\/agora.xtec.cat\/escolatorrelameu\/wp-json\/wp\/v2\/categories?post=1560"},{"taxonomy":"post_tag","embeddable":true,"href":"https:\/\/agora.xtec.cat\/escolatorrelameu\/wp-json\/wp\/v2\/tags?post=1560"}],"curies":[{"name":"wp","href":"https:\/\/api.w.org\/{rel}","templated":true}]}}