{"id":1532,"date":"2022-06-27T19:30:07","date_gmt":"2022-06-27T17:30:07","guid":{"rendered":"https:\/\/agora.xtec.cat\/escolatorrelameu\/?p=1532"},"modified":"2022-06-27T19:30:07","modified_gmt":"2022-06-27T17:30:07","slug":"acomiadem-el-curs","status":"publish","type":"post","link":"https:\/\/agora.xtec.cat\/escolatorrelameu\/general\/acomiadem-el-curs\/","title":{"rendered":"ACOMIADEM EL CURS"},"content":{"rendered":"<p style=\"text-align: center;\"><em><span style=\"font-weight: 400;\">Som el vent que sap canviar de direcci\u00f3.<\/span><\/em><\/p>\n<p style=\"text-align: center;\"><em><span style=\"font-weight: 400;\">Som la llum que arriba sempre abans del tro.<\/span><\/em><\/p>\n<p style=\"text-align: center;\"><em><span style=\"font-weight: 400;\">Som la nit que balla totes les can\u00e7ons.<\/span><\/em><\/p>\n<p style=\"text-align: center;\"><em><span style=\"font-weight: 400;\">Som el dia sempre que ix el Sol.<\/span><\/em><\/p>\n<p>&nbsp;<\/p>\n<p><span style=\"font-weight: 400;\">Tal com diu La F\u00famiga a la seva can\u00e7\u00f3 Addictes a viure, ens trobem que tots i totes ens hem hagut de reinventar per poder acompanyar-nos.<\/span><\/p>\n<p><span style=\"font-weight: 400;\">Aquest curs el comen\u00e7\u00e0vem amb el <\/span><span style=\"font-weight: 400;\">desig profund<\/span><span style=\"font-weight: 400;\"> de qu\u00e8 les coses tornessin a lloc, poder viure sense restriccions i tornar a la normalitat com la ten\u00edem concebuda. Ho hem fet, ho hem aconseguit&#8230; Ha sigut dur, el proc\u00e9s ha estat dif\u00edcil, un altre cop les persones adultes de l&#8217;escola, monitores, equip docent, aprenents&#8230; hem hagut d&#8217;entomar funcions que no ens tocaven per pal\u00b7liar els desastres dels nostres governs i departaments, ens hem trobat sense recursos i hem hagut de deixar la doc\u00e8ncia per atendre altres necessitats: necessitats de la canalla i de les fam\u00edlies molt m\u00e9s urgents, necessitats per sufragar les mancances de la societat emmalaltida.<\/span><\/p>\n<p><span style=\"font-weight: 400;\">I en sembla molt lluny\u00e0, l\u2019\u00fas de la mascareta i el control social\u2026 Per\u00f2 ha sigut just al tercer trimestre quan hem tornat a viure amb una falsa normalitat.<\/span><\/p>\n<p><span style=\"font-weight: 400;\">I, a les que l&#8217;educaci\u00f3 i el contacte amb la societat ens sembla vocacional. Aquest curs tamb\u00e9 ha tornat a passar, que els dies grisos, quan hem arribat a l&#8217;escola, s&#8217;han reconvertit en m\u00e9s portables, per la for\u00e7a d&#8217;una<\/span><span style=\"font-weight: 400;\"> rialla, <\/span><span style=\"font-weight: 400;\">d&#8217;una salutaci\u00f3, d&#8217;una car\u00edcia i d&#8217;una abra\u00e7ada\u2026 Ser mestra vol dir aix\u00f2, deixar els maldecaps fora de l&#8217;escola i viure cada dia intensament, amb ganes d&#8217;aprendre de tot i tothom i amb ganes d&#8217;oferir totes aquelles fortaleses que tens per formar petits i petites. Ser mestra tamb\u00e9 vol dir estar amb les fam\u00edlies i millorar amb el dia a dia per poder acompanyar cada vegada m\u00e9s i millor als infants.<\/span><\/p>\n<p><span style=\"font-weight: 400;\">Les <\/span><span style=\"font-weight: 400;\">sortides<\/span><span style=\"font-weight: 400;\"> han pres un paper molt important, aquest curs, la retrobada i el compartir entre tots els membres de la nostra petita gran comunitat ha est\u00e0 el pal de paller per poder passar aquesta temporada d&#8217;a\u00efllament, restricci\u00f3 social i individualisme.<\/span><\/p>\n<p><span style=\"font-weight: 400;\">L&#8217;equip<\/span><span style=\"font-weight: 400;\"> docent s\u00f3n el Toni, la Conxita, la Laura, les Gemmes, la Maria, la S\u00edlvia, la Irene, la Ingrid, aquest curs, han sigut hero\u00efnes de la societat. Poc se&#8217;n parla del que ha passat a les aules i de com hem quedat de trastocats per aquesta crisi en tots els \u00e0mbits. Han estat pacients, emp\u00e0tiques, implicades, simp\u00e0tiques&#8230; Gr\u00e0cies.<\/span><\/p>\n<p><span style=\"font-weight: 400;\">L&#8217;Anain i la Karme han procurat el millor per als nostres petits durant les estones del servei de <\/span><span style=\"font-weight: 400;\">menjador<\/span><span style=\"font-weight: 400;\">. Elles s\u00f3n vitals per poder tenir una continu\u00eftat durant tota la jornada. Elles tamb\u00e9 han estat exposades als canvis i el ritme trepidant de les restriccions i decisions preses a corre-cuita. Han demostrat tenir paci\u00e8ncia i saber fer.<\/span><\/p>\n<p><span style=\"font-weight: 400;\">Acomiadem<\/span><span style=\"font-weight: 400;\"> tamb\u00e9 al Lluc, l&#8217;Ares, l&#8217;Ana i l&#8217;Abril. A ells se&#8217;ls acaba aquesta etapa. Recordar-vos que l&#8217;escola sempre ser\u00e0 casa vostra. I aix\u00f2, qu\u00e8 tot vagi b\u00e9, que us sentiu compresos i compreses, que us respectin i que respecteu, que creixeu sanament tolerant i apreciant als que us envoltem, que us acompanyeu all\u00ed on les fam\u00edlies protectores no arribem, que la base d\u2019aquesta escola us serveixi per poder continuar la vostra formaci\u00f3\u2026\u00a0<\/span><\/p>\n<p><span style=\"font-weight: 400;\">La Maria, l&#8217;Alba, l&#8217;Ares i el Jordi tamb\u00e9 han estat molt connectades a nosaltres durant el curs. Han aportat joventut, teoria, reptes&#8230; Ells s\u00f3n molt importants pel <\/span><span style=\"font-weight: 400;\">caminar<\/span><span style=\"font-weight: 400;\"> diari de l&#8217;escola. Els hi desitgem un bon cam\u00ed professional i laboral!!!<\/span><\/p>\n<p><span style=\"font-weight: 400;\">La Conxita tamb\u00e9 ens plega!!! Per\u00f2 ens deixa bagatge, experi\u00e8ncia, saviesa, fermesa&#8230; I sabem que no la perdrem del tot, del tot&#8230; Ens ha dit que vindr\u00e0 a ajudar sempre que vulguem.\u00a0<\/span><\/p>\n<p><span style=\"font-weight: 400;\">Compartir els dos cursos amb la Ingrid ha estat tranquil\u00b7litat i complicitat. Ent\u00e9n perfectament com ens sentim i sovint aporta aquella altra manera de veure les coses que ens permet entendre el <\/span><span style=\"font-weight: 400;\">context<\/span><span style=\"font-weight: 400;\">.<\/span><\/p>\n<p><span style=\"font-weight: 400;\">M\u00e9s canvis, totes les fam\u00edlies vau rebre la carta que deia que bufen <\/span><span style=\"font-weight: 400;\">vents<\/span><span style=\"font-weight: 400;\"> nous a l\u2019escola.\u00a0 La Gemma pren el relleu, amb ella anirem fins a la fi del m\u00f3n amb serenitat, fermesa, seguretat i reflexi\u00f3\u2026 Gr\u00e0cies Gemma\u2026 Ens esperen uns anys molt feli\u00e7os i plens de reptes!!!<\/span><\/p>\n<p><span style=\"font-weight: 400;\">Avui, per acomiadar-nos hem organitzat l\u2019escola amb estacions o espais. S\u00f3n estacions que mostren una mica el que fem durant el dia a dia. <\/span><span style=\"font-weight: 400;\">A cada estaci\u00f3 amb un adult de refer\u00e8ncia i una proposta que han explicat els infants assignats.<\/span><\/p>\n<p><a href=\"https:\/\/agora.xtec.cat\/escolatorrelameu\/wp-content\/uploads\/usu2232\/2022\/06\/families-1.jpg\"><img loading=\"lazy\" decoding=\"async\" class=\"aligncenter  wp-image-1534\" src=\"https:\/\/agora.xtec.cat\/escolatorrelameu\/wp-content\/uploads\/usu2232\/2022\/06\/families-1-1024x790.jpg\" alt=\"\" width=\"675\" height=\"521\" srcset=\"https:\/\/agora.xtec.cat\/escolatorrelameu\/wp-content\/uploads\/usu2232\/2022\/06\/families-1-1024x790.jpg 1024w, https:\/\/agora.xtec.cat\/escolatorrelameu\/wp-content\/uploads\/usu2232\/2022\/06\/families-1-300x231.jpg 300w, https:\/\/agora.xtec.cat\/escolatorrelameu\/wp-content\/uploads\/usu2232\/2022\/06\/families-1-768x592.jpg 768w, https:\/\/agora.xtec.cat\/escolatorrelameu\/wp-content\/uploads\/usu2232\/2022\/06\/families-1-1536x1185.jpg 1536w, https:\/\/agora.xtec.cat\/escolatorrelameu\/wp-content\/uploads\/usu2232\/2022\/06\/families-1.jpg 1600w\" sizes=\"auto, (max-width: 675px) 100vw, 675px\" \/><\/a><\/p>\n<p><a href=\"https:\/\/agora.xtec.cat\/escolatorrelameu\/wp-content\/uploads\/usu2232\/2022\/06\/families-2.jpg\"><img loading=\"lazy\" decoding=\"async\" class=\"aligncenter  wp-image-1535\" src=\"https:\/\/agora.xtec.cat\/escolatorrelameu\/wp-content\/uploads\/usu2232\/2022\/06\/families-2-1024x768.jpg\" alt=\"\" width=\"681\" height=\"510\" srcset=\"https:\/\/agora.xtec.cat\/escolatorrelameu\/wp-content\/uploads\/usu2232\/2022\/06\/families-2-1024x768.jpg 1024w, https:\/\/agora.xtec.cat\/escolatorrelameu\/wp-content\/uploads\/usu2232\/2022\/06\/families-2-300x225.jpg 300w, https:\/\/agora.xtec.cat\/escolatorrelameu\/wp-content\/uploads\/usu2232\/2022\/06\/families-2-768x576.jpg 768w, https:\/\/agora.xtec.cat\/escolatorrelameu\/wp-content\/uploads\/usu2232\/2022\/06\/families-2-1536x1152.jpg 1536w, https:\/\/agora.xtec.cat\/escolatorrelameu\/wp-content\/uploads\/usu2232\/2022\/06\/families-2-200x150.jpg 200w, https:\/\/agora.xtec.cat\/escolatorrelameu\/wp-content\/uploads\/usu2232\/2022\/06\/families-2.jpg 1600w\" sizes=\"auto, (max-width: 681px) 100vw, 681px\" \/><\/a><\/p>\n<p><a href=\"https:\/\/agora.xtec.cat\/escolatorrelameu\/wp-content\/uploads\/usu2232\/2022\/06\/families-5.jpg\"><img loading=\"lazy\" decoding=\"async\" class=\"aligncenter  wp-image-1537\" src=\"https:\/\/agora.xtec.cat\/escolatorrelameu\/wp-content\/uploads\/usu2232\/2022\/06\/families-5-1024x768.jpg\" alt=\"\" width=\"691\" height=\"518\" srcset=\"https:\/\/agora.xtec.cat\/escolatorrelameu\/wp-content\/uploads\/usu2232\/2022\/06\/families-5-1024x768.jpg 1024w, https:\/\/agora.xtec.cat\/escolatorrelameu\/wp-content\/uploads\/usu2232\/2022\/06\/families-5-300x225.jpg 300w, https:\/\/agora.xtec.cat\/escolatorrelameu\/wp-content\/uploads\/usu2232\/2022\/06\/families-5-768x576.jpg 768w, https:\/\/agora.xtec.cat\/escolatorrelameu\/wp-content\/uploads\/usu2232\/2022\/06\/families-5-1536x1152.jpg 1536w, https:\/\/agora.xtec.cat\/escolatorrelameu\/wp-content\/uploads\/usu2232\/2022\/06\/families-5-200x150.jpg 200w, https:\/\/agora.xtec.cat\/escolatorrelameu\/wp-content\/uploads\/usu2232\/2022\/06\/families-5.jpg 1600w\" sizes=\"auto, (max-width: 691px) 100vw, 691px\" \/><\/a><\/p>\n<p>&nbsp;<\/p>\n<p><a href=\"https:\/\/agora.xtec.cat\/escolatorrelameu\/wp-content\/uploads\/usu2232\/2022\/06\/families-6.jpg\"><img loading=\"lazy\" decoding=\"async\" class=\"aligncenter  wp-image-1538\" src=\"https:\/\/agora.xtec.cat\/escolatorrelameu\/wp-content\/uploads\/usu2232\/2022\/06\/families-6-1024x768.jpg\" alt=\"\" width=\"697\" height=\"523\" srcset=\"https:\/\/agora.xtec.cat\/escolatorrelameu\/wp-content\/uploads\/usu2232\/2022\/06\/families-6-1024x768.jpg 1024w, https:\/\/agora.xtec.cat\/escolatorrelameu\/wp-content\/uploads\/usu2232\/2022\/06\/families-6-300x225.jpg 300w, https:\/\/agora.xtec.cat\/escolatorrelameu\/wp-content\/uploads\/usu2232\/2022\/06\/families-6-768x576.jpg 768w, https:\/\/agora.xtec.cat\/escolatorrelameu\/wp-content\/uploads\/usu2232\/2022\/06\/families-6-1536x1152.jpg 1536w, https:\/\/agora.xtec.cat\/escolatorrelameu\/wp-content\/uploads\/usu2232\/2022\/06\/families-6-200x150.jpg 200w, https:\/\/agora.xtec.cat\/escolatorrelameu\/wp-content\/uploads\/usu2232\/2022\/06\/families-6.jpg 1600w\" sizes=\"auto, (max-width: 697px) 100vw, 697px\" \/><\/a><\/p>\n<p><a href=\"https:\/\/agora.xtec.cat\/escolatorrelameu\/wp-content\/uploads\/usu2232\/2022\/06\/families-4.jpg\"><img loading=\"lazy\" decoding=\"async\" class=\"aligncenter  wp-image-1536\" src=\"https:\/\/agora.xtec.cat\/escolatorrelameu\/wp-content\/uploads\/usu2232\/2022\/06\/families-4-1024x768.jpg\" alt=\"\" width=\"697\" height=\"522\" srcset=\"https:\/\/agora.xtec.cat\/escolatorrelameu\/wp-content\/uploads\/usu2232\/2022\/06\/families-4-1024x768.jpg 1024w, https:\/\/agora.xtec.cat\/escolatorrelameu\/wp-content\/uploads\/usu2232\/2022\/06\/families-4-300x225.jpg 300w, https:\/\/agora.xtec.cat\/escolatorrelameu\/wp-content\/uploads\/usu2232\/2022\/06\/families-4-768x576.jpg 768w, https:\/\/agora.xtec.cat\/escolatorrelameu\/wp-content\/uploads\/usu2232\/2022\/06\/families-4-1536x1152.jpg 1536w, https:\/\/agora.xtec.cat\/escolatorrelameu\/wp-content\/uploads\/usu2232\/2022\/06\/families-4-200x150.jpg 200w, https:\/\/agora.xtec.cat\/escolatorrelameu\/wp-content\/uploads\/usu2232\/2022\/06\/families-4.jpg 1600w\" sizes=\"auto, (max-width: 697px) 100vw, 697px\" \/><\/a><\/p>\n<p>&nbsp;<\/p>\n","protected":false},"excerpt":{"rendered":"<p>Som el vent que sap canviar de direcci\u00f3.<br \/>\nSom la llum que arriba sempre abans del tro.<br \/>\nSom la nit que balla totes les can\u00e7ons.<br \/>\nSom el dia sempre que ix el Sol.<br \/>\n&nbsp;<br \/>\nTal com diu La F\u00famiga a la seva can\u00e7\u00f3 Addictes a viure, ens trobem que tots&hellip;  <a href=\"https:\/\/agora.xtec.cat\/escolatorrelameu\/general\/acomiadem-el-curs\/\" title=\"Read ACOMIADEM EL CURS\">Llegeix m\u00e9s\u00bb<\/a><\/p>\n","protected":false},"author":7,"featured_media":1533,"comment_status":"open","ping_status":"closed","sticky":false,"template":"","format":"standard","meta":{"_bbp_topic_count":0,"_bbp_reply_count":0,"_bbp_total_topic_count":0,"_bbp_total_reply_count":0,"_bbp_voice_count":0,"_bbp_anonymous_reply_count":0,"_bbp_topic_count_hidden":0,"_bbp_reply_count_hidden":0,"_bbp_forum_subforum_count":0,"footnotes":""},"categories":[1,2,5],"tags":[],"class_list":["post-1532","post","type-post","status-publish","format-standard","has-post-thumbnail","hentry","category-general","category-infantil","category-primaria"],"post_mailing_queue_ids":[],"_links":{"self":[{"href":"https:\/\/agora.xtec.cat\/escolatorrelameu\/wp-json\/wp\/v2\/posts\/1532","targetHints":{"allow":["GET"]}}],"collection":[{"href":"https:\/\/agora.xtec.cat\/escolatorrelameu\/wp-json\/wp\/v2\/posts"}],"about":[{"href":"https:\/\/agora.xtec.cat\/escolatorrelameu\/wp-json\/wp\/v2\/types\/post"}],"author":[{"embeddable":true,"href":"https:\/\/agora.xtec.cat\/escolatorrelameu\/wp-json\/wp\/v2\/users\/7"}],"replies":[{"embeddable":true,"href":"https:\/\/agora.xtec.cat\/escolatorrelameu\/wp-json\/wp\/v2\/comments?post=1532"}],"version-history":[{"count":3,"href":"https:\/\/agora.xtec.cat\/escolatorrelameu\/wp-json\/wp\/v2\/posts\/1532\/revisions"}],"predecessor-version":[{"id":1546,"href":"https:\/\/agora.xtec.cat\/escolatorrelameu\/wp-json\/wp\/v2\/posts\/1532\/revisions\/1546"}],"wp:featuredmedia":[{"embeddable":true,"href":"https:\/\/agora.xtec.cat\/escolatorrelameu\/wp-json\/wp\/v2\/media\/1533"}],"wp:attachment":[{"href":"https:\/\/agora.xtec.cat\/escolatorrelameu\/wp-json\/wp\/v2\/media?parent=1532"}],"wp:term":[{"taxonomy":"category","embeddable":true,"href":"https:\/\/agora.xtec.cat\/escolatorrelameu\/wp-json\/wp\/v2\/categories?post=1532"},{"taxonomy":"post_tag","embeddable":true,"href":"https:\/\/agora.xtec.cat\/escolatorrelameu\/wp-json\/wp\/v2\/tags?post=1532"}],"curies":[{"name":"wp","href":"https:\/\/api.w.org\/{rel}","templated":true}]}}