{"id":1522,"date":"2022-06-16T21:25:13","date_gmt":"2022-06-16T19:25:13","guid":{"rendered":"https:\/\/agora.xtec.cat\/escolatorrelameu\/?p=1522"},"modified":"2022-06-20T19:47:05","modified_gmt":"2022-06-20T17:47:05","slug":"tastet-del-nou-grup","status":"publish","type":"post","link":"https:\/\/agora.xtec.cat\/escolatorrelameu\/general\/tastet-del-nou-grup\/","title":{"rendered":"TASTET DEL NOU GRUP"},"content":{"rendered":"<p>Estar atentes i acompanyar els processos de canvi \u00e9s important per con\u00e8ixer i preveure all\u00f2 desconegut i canviant. Avui, hem fet un tastet de com seran els grups el curs que ve a tota l&#8217;escola!<a href=\"https:\/\/agora.xtec.cat\/escolatorrelameu\/wp-content\/uploads\/usu2232\/2022\/06\/WhatsApp-Image-2022-06-16-at-14.41.49.jpeg\"><img loading=\"lazy\" decoding=\"async\" class=\"alignnone size-large wp-image-1523\" src=\"https:\/\/agora.xtec.cat\/escolatorrelameu\/wp-content\/uploads\/usu2232\/2022\/06\/WhatsApp-Image-2022-06-16-at-14.41.49-934x1024.jpeg\" alt=\"\" width=\"934\" height=\"1024\" srcset=\"https:\/\/agora.xtec.cat\/escolatorrelameu\/wp-content\/uploads\/usu2232\/2022\/06\/WhatsApp-Image-2022-06-16-at-14.41.49-934x1024.jpeg 934w, https:\/\/agora.xtec.cat\/escolatorrelameu\/wp-content\/uploads\/usu2232\/2022\/06\/WhatsApp-Image-2022-06-16-at-14.41.49-274x300.jpeg 274w, https:\/\/agora.xtec.cat\/escolatorrelameu\/wp-content\/uploads\/usu2232\/2022\/06\/WhatsApp-Image-2022-06-16-at-14.41.49-768x842.jpeg 768w, https:\/\/agora.xtec.cat\/escolatorrelameu\/wp-content\/uploads\/usu2232\/2022\/06\/WhatsApp-Image-2022-06-16-at-14.41.49-1400x1536.jpeg 1400w, https:\/\/agora.xtec.cat\/escolatorrelameu\/wp-content\/uploads\/usu2232\/2022\/06\/WhatsApp-Image-2022-06-16-at-14.41.49.jpeg 1641w\" sizes=\"auto, (max-width: 934px) 100vw, 934px\" \/><\/a><\/p>\n<p>&nbsp;<\/p>\n","protected":false},"excerpt":{"rendered":"<p>Estar atentes i acompanyar els processos de canvi \u00e9s important per con\u00e8ixer i preveure all\u00f2 desconegut i canviant. Avui, hem fet un tastet de com seran els grups el curs que ve a tota l&#8217;escola!<a href=\"https:\/\/agora.xtec.cat\/escolatorrelameu\/wp-content\/uploads\/usu2232\/2022\/06\/WhatsApp-Image-2022-06-16-at-14.41.49.jpeg\"><\/a><br \/>\n&nbsp;<\/p>\n","protected":false},"author":1,"featured_media":476,"comment_status":"open","ping_status":"closed","sticky":false,"template":"","format":"standard","meta":{"_bbp_topic_count":0,"_bbp_reply_count":0,"_bbp_total_topic_count":0,"_bbp_total_reply_count":0,"_bbp_voice_count":0,"_bbp_anonymous_reply_count":0,"_bbp_topic_count_hidden":0,"_bbp_reply_count_hidden":0,"_bbp_forum_subforum_count":0,"footnotes":""},"categories":[1,2,4,5],"tags":[86],"class_list":["post-1522","post","type-post","status-publish","format-standard","has-post-thumbnail","hentry","category-general","category-infantil","category-portada","category-primaria","tag-escola-torrelameu"],"post_mailing_queue_ids":[],"_links":{"self":[{"href":"https:\/\/agora.xtec.cat\/escolatorrelameu\/wp-json\/wp\/v2\/posts\/1522","targetHints":{"allow":["GET"]}}],"collection":[{"href":"https:\/\/agora.xtec.cat\/escolatorrelameu\/wp-json\/wp\/v2\/posts"}],"about":[{"href":"https:\/\/agora.xtec.cat\/escolatorrelameu\/wp-json\/wp\/v2\/types\/post"}],"author":[{"embeddable":true,"href":"https:\/\/agora.xtec.cat\/escolatorrelameu\/wp-json\/wp\/v2\/users\/1"}],"replies":[{"embeddable":true,"href":"https:\/\/agora.xtec.cat\/escolatorrelameu\/wp-json\/wp\/v2\/comments?post=1522"}],"version-history":[{"count":3,"href":"https:\/\/agora.xtec.cat\/escolatorrelameu\/wp-json\/wp\/v2\/posts\/1522\/revisions"}],"predecessor-version":[{"id":1531,"href":"https:\/\/agora.xtec.cat\/escolatorrelameu\/wp-json\/wp\/v2\/posts\/1522\/revisions\/1531"}],"wp:featuredmedia":[{"embeddable":true,"href":"https:\/\/agora.xtec.cat\/escolatorrelameu\/wp-json\/wp\/v2\/media\/476"}],"wp:attachment":[{"href":"https:\/\/agora.xtec.cat\/escolatorrelameu\/wp-json\/wp\/v2\/media?parent=1522"}],"wp:term":[{"taxonomy":"category","embeddable":true,"href":"https:\/\/agora.xtec.cat\/escolatorrelameu\/wp-json\/wp\/v2\/categories?post=1522"},{"taxonomy":"post_tag","embeddable":true,"href":"https:\/\/agora.xtec.cat\/escolatorrelameu\/wp-json\/wp\/v2\/tags?post=1522"}],"curies":[{"name":"wp","href":"https:\/\/api.w.org\/{rel}","templated":true}]}}