{"id":1439,"date":"2022-05-20T00:21:26","date_gmt":"2022-05-19T22:21:26","guid":{"rendered":"https:\/\/agora.xtec.cat\/escolatorrelameu\/?p=1439"},"modified":"2022-05-20T00:21:26","modified_gmt":"2022-05-19T22:21:26","slug":"insectes-basto","status":"publish","type":"post","link":"https:\/\/agora.xtec.cat\/escolatorrelameu\/general\/insectes-basto\/","title":{"rendered":"Insectes bast\u00f3"},"content":{"rendered":"<p>Ja fa dies que a Creixents tenim un munt d&#8217;insectes bast\u00f3&#8230; Al principi eren petits, per\u00f2 ara ja comencem a trobar-los m\u00e9s f\u00e0cilment dins de la g\u00e0bia on els tenim. S&#8217;han fet grans, i encara se n&#8217;han de fer m\u00e9s! En el proc\u00e9s de fer-se adults, muden la seva pell. Normalment se la mengen, perqu\u00e8 cont\u00e9 molts nutrients, per\u00f2 a vegades tamb\u00e9 en trobem al terra de la g\u00e0bia. Ens les hem mirat amb la lupa binocular i amb el microscopi digital&#8230; I n&#8217;hem pogut observar un mentre dinava!<\/p>\n<p style=\"text-align: center;\"><a href=\"https:\/\/youtu.be\/pnmBUtrTsYE\">Insecte bast\u00f3 menjant<\/a><\/p>\n<p><img loading=\"lazy\" decoding=\"async\" class=\"wp-image-1440 aligncenter\" src=\"https:\/\/agora.xtec.cat\/escolatorrelameu\/wp-content\/uploads\/usu2232\/2022\/05\/Snap_018-1024x576.jpg\" alt=\"\" width=\"343\" height=\"193\" srcset=\"https:\/\/agora.xtec.cat\/escolatorrelameu\/wp-content\/uploads\/usu2232\/2022\/05\/Snap_018-1024x576.jpg 1024w, https:\/\/agora.xtec.cat\/escolatorrelameu\/wp-content\/uploads\/usu2232\/2022\/05\/Snap_018-300x169.jpg 300w, https:\/\/agora.xtec.cat\/escolatorrelameu\/wp-content\/uploads\/usu2232\/2022\/05\/Snap_018-768x432.jpg 768w, https:\/\/agora.xtec.cat\/escolatorrelameu\/wp-content\/uploads\/usu2232\/2022\/05\/Snap_018.jpg 1280w\" sizes=\"auto, (max-width: 343px) 100vw, 343px\" \/><\/p>\n<p><img loading=\"lazy\" decoding=\"async\" class=\"wp-image-1441 aligncenter\" src=\"https:\/\/agora.xtec.cat\/escolatorrelameu\/wp-content\/uploads\/usu2232\/2022\/05\/Snap_019-1024x576.jpg\" alt=\"\" width=\"348\" height=\"196\" srcset=\"https:\/\/agora.xtec.cat\/escolatorrelameu\/wp-content\/uploads\/usu2232\/2022\/05\/Snap_019-1024x576.jpg 1024w, https:\/\/agora.xtec.cat\/escolatorrelameu\/wp-content\/uploads\/usu2232\/2022\/05\/Snap_019-300x169.jpg 300w, https:\/\/agora.xtec.cat\/escolatorrelameu\/wp-content\/uploads\/usu2232\/2022\/05\/Snap_019-768x432.jpg 768w, https:\/\/agora.xtec.cat\/escolatorrelameu\/wp-content\/uploads\/usu2232\/2022\/05\/Snap_019.jpg 1280w\" sizes=\"auto, (max-width: 348px) 100vw, 348px\" \/><\/p>\n<p><img loading=\"lazy\" decoding=\"async\" class=\"wp-image-1442 aligncenter\" style=\"font-size: 16px; background-color: #ffffff;\" src=\"https:\/\/agora.xtec.cat\/escolatorrelameu\/wp-content\/uploads\/usu2232\/2022\/05\/Snap_024-1024x576.jpg\" alt=\"\" width=\"349\" height=\"196\" srcset=\"https:\/\/agora.xtec.cat\/escolatorrelameu\/wp-content\/uploads\/usu2232\/2022\/05\/Snap_024-1024x576.jpg 1024w, https:\/\/agora.xtec.cat\/escolatorrelameu\/wp-content\/uploads\/usu2232\/2022\/05\/Snap_024-300x169.jpg 300w, https:\/\/agora.xtec.cat\/escolatorrelameu\/wp-content\/uploads\/usu2232\/2022\/05\/Snap_024-768x432.jpg 768w, https:\/\/agora.xtec.cat\/escolatorrelameu\/wp-content\/uploads\/usu2232\/2022\/05\/Snap_024.jpg 1280w\" sizes=\"auto, (max-width: 349px) 100vw, 349px\" \/><\/p>\n<p><img loading=\"lazy\" decoding=\"async\" class=\"wp-image-1443 aligncenter\" style=\"font-size: 16px; background-color: #ffffff;\" src=\"https:\/\/agora.xtec.cat\/escolatorrelameu\/wp-content\/uploads\/usu2232\/2022\/05\/Snap_028-1024x576.jpg\" alt=\"\" width=\"345\" height=\"194\" srcset=\"https:\/\/agora.xtec.cat\/escolatorrelameu\/wp-content\/uploads\/usu2232\/2022\/05\/Snap_028-1024x576.jpg 1024w, https:\/\/agora.xtec.cat\/escolatorrelameu\/wp-content\/uploads\/usu2232\/2022\/05\/Snap_028-300x169.jpg 300w, https:\/\/agora.xtec.cat\/escolatorrelameu\/wp-content\/uploads\/usu2232\/2022\/05\/Snap_028-768x432.jpg 768w, https:\/\/agora.xtec.cat\/escolatorrelameu\/wp-content\/uploads\/usu2232\/2022\/05\/Snap_028.jpg 1280w\" sizes=\"auto, (max-width: 345px) 100vw, 345px\" \/><\/p>\n","protected":false},"excerpt":{"rendered":"<p>Ja fa dies que a Creixents tenim un munt d&#8217;insectes bast\u00f3&#8230; Al principi eren petits, per\u00f2 ara ja comencem a trobar-los m\u00e9s f\u00e0cilment dins de la g\u00e0bia on els tenim. S&#8217;han fet grans, i encara se n&#8217;han de fer m\u00e9s! En el proc\u00e9s de fer-se&hellip;  <a href=\"https:\/\/agora.xtec.cat\/escolatorrelameu\/general\/insectes-basto\/\" title=\"Read Insectes bast\u00f3\">Llegeix m\u00e9s\u00bb<\/a><\/p>\n","protected":false},"author":1,"featured_media":1446,"comment_status":"open","ping_status":"closed","sticky":false,"template":"","format":"standard","meta":{"_bbp_topic_count":0,"_bbp_reply_count":0,"_bbp_total_topic_count":0,"_bbp_total_reply_count":0,"_bbp_voice_count":0,"_bbp_anonymous_reply_count":0,"_bbp_topic_count_hidden":0,"_bbp_reply_count_hidden":0,"_bbp_forum_subforum_count":0,"footnotes":""},"categories":[96,1],"tags":[98,66,86],"class_list":["post-1439","post","type-post","status-publish","format-standard","has-post-thumbnail","hentry","category-creixents","category-general","tag-creixents","tag-descoberta","tag-escola-torrelameu"],"post_mailing_queue_ids":[],"_links":{"self":[{"href":"https:\/\/agora.xtec.cat\/escolatorrelameu\/wp-json\/wp\/v2\/posts\/1439","targetHints":{"allow":["GET"]}}],"collection":[{"href":"https:\/\/agora.xtec.cat\/escolatorrelameu\/wp-json\/wp\/v2\/posts"}],"about":[{"href":"https:\/\/agora.xtec.cat\/escolatorrelameu\/wp-json\/wp\/v2\/types\/post"}],"author":[{"embeddable":true,"href":"https:\/\/agora.xtec.cat\/escolatorrelameu\/wp-json\/wp\/v2\/users\/1"}],"replies":[{"embeddable":true,"href":"https:\/\/agora.xtec.cat\/escolatorrelameu\/wp-json\/wp\/v2\/comments?post=1439"}],"version-history":[{"count":2,"href":"https:\/\/agora.xtec.cat\/escolatorrelameu\/wp-json\/wp\/v2\/posts\/1439\/revisions"}],"predecessor-version":[{"id":1445,"href":"https:\/\/agora.xtec.cat\/escolatorrelameu\/wp-json\/wp\/v2\/posts\/1439\/revisions\/1445"}],"wp:featuredmedia":[{"embeddable":true,"href":"https:\/\/agora.xtec.cat\/escolatorrelameu\/wp-json\/wp\/v2\/media\/1446"}],"wp:attachment":[{"href":"https:\/\/agora.xtec.cat\/escolatorrelameu\/wp-json\/wp\/v2\/media?parent=1439"}],"wp:term":[{"taxonomy":"category","embeddable":true,"href":"https:\/\/agora.xtec.cat\/escolatorrelameu\/wp-json\/wp\/v2\/categories?post=1439"},{"taxonomy":"post_tag","embeddable":true,"href":"https:\/\/agora.xtec.cat\/escolatorrelameu\/wp-json\/wp\/v2\/tags?post=1439"}],"curies":[{"name":"wp","href":"https:\/\/api.w.org\/{rel}","templated":true}]}}