{"id":1410,"date":"2022-04-14T16:35:05","date_gmt":"2022-04-14T14:35:05","guid":{"rendered":"https:\/\/agora.xtec.cat\/escolatorrelameu\/?p=1410"},"modified":"2022-04-15T12:07:54","modified_gmt":"2022-04-15T10:07:54","slug":"nit-a-lescola","status":"publish","type":"post","link":"https:\/\/agora.xtec.cat\/escolatorrelameu\/general\/nit-a-lescola\/","title":{"rendered":"Nit a l&#8217;escola"},"content":{"rendered":"<p>Hi ha dies que s\u00f3n especials: nervis, il.lusi\u00f3, emocions, papallones a la panxa&#8230; <span style=\"font-family: inherit; font-size: 1em;\">La nit a l&#8217;escola n&#8217;\u00e9s un per nosaltres: mestres, alumnes i fam\u00edlies&#8230; <\/span><\/p>\n<p><span style=\"font-family: inherit; font-size: 1em;\">Ja des del primer any v\u00e0rem decidir que vol\u00edem acabar el segon trimestre d&#8217;una manera ben bonica, especial i original i ens vam inventar aquest esdeveniment. <\/span><\/p>\n<p><span style=\"font-family: inherit; font-size: 1em;\">Ahir i avui ho hem tornat a fer, hem repescat la &#8220;Nit a l&#8217;escola&#8221; despr\u00e9s d&#8217;un parell d&#8217;anys sense fer-ho i estem contentes! <\/span><\/p>\n<p><span style=\"font-family: inherit; font-size: 1em;\">Durant el dijous dia 7 d&#8217;abril, entre mat\u00ed i tarda, hem preparat les coses: cuinat i fet les habitacions. A les quatre, el bus ens ha vingut a buscar i hem anat a la planta de Sorigu\u00e9 (uns edificis dedicats anteriorment a la construcci\u00f3 que s&#8217;han reinventat albergant grans obres d&#8217;artistes). Hem berenat i hem fet la visita. Impressionant!!! <\/span><\/p>\n<p><span style=\"font-family: inherit; font-size: 1em;\">Despr\u00e9s hem tornat cap a l&#8217;escola, ja a l&#8217;edifici Tim\u00f3 i els Grans han acabat de preparar el sopar i parar la taula. <\/span><\/p>\n<p><span style=\"font-family: inherit; font-size: 1em;\">El sopar era amanida de pasta i gelats. <\/span><\/p>\n<p><span style=\"font-family: inherit; font-size: 1em;\">Despr\u00e9s de recollir les coses i deixar-ho ja tot preparat per a la nit, hem anat a fer la recerca dels ingredients de la xocolata. La Gabriela, Gabri pels amics, i el Aurelio, Lio pels amics, s\u00f3n dos cuiners francesos que havie perdut la recepta antiga.<\/span><\/p>\n<p><span style=\"font-family: inherit; font-size: 1em;\">A les 11:30 alguns ja dormien, cansats, altres potser han estat desperts tota la nit&#8230; <\/span><\/p>\n<p><span style=\"font-family: inherit; font-size: 1em;\">Just quan el sol ha sortit, ja volt\u00e0vem!! A les 9 hem esmorzat coca i xocolata. <\/span><\/p>\n<p><span style=\"font-family: inherit; font-size: 1em;\">Durant el mat\u00ed hem anat recollint i fent tancaments d&#8217;aula.<\/span><\/p>\n<p><a href=\"https:\/\/agora.xtec.cat\/escolatorrelameu\/wp-content\/uploads\/usu2232\/2022\/04\/20220407_170540-6.jpg\"><img loading=\"lazy\" decoding=\"async\" class=\"alignnone wp-image-1411\" src=\"https:\/\/agora.xtec.cat\/escolatorrelameu\/wp-content\/uploads\/usu2232\/2022\/04\/20220407_170540-6.jpg\" alt=\"\" width=\"431\" height=\"766\" srcset=\"https:\/\/agora.xtec.cat\/escolatorrelameu\/wp-content\/uploads\/usu2232\/2022\/04\/20220407_170540-6.jpg 563w, https:\/\/agora.xtec.cat\/escolatorrelameu\/wp-content\/uploads\/usu2232\/2022\/04\/20220407_170540-6-169x300.jpg 169w\" sizes=\"auto, (max-width: 431px) 100vw, 431px\" \/><\/a> <a href=\"https:\/\/agora.xtec.cat\/escolatorrelameu\/wp-content\/uploads\/usu2232\/2022\/04\/20220407_201049-5.jpg\"><img loading=\"lazy\" decoding=\"async\" class=\"alignnone wp-image-1412\" src=\"https:\/\/agora.xtec.cat\/escolatorrelameu\/wp-content\/uploads\/usu2232\/2022\/04\/20220407_201049-5.jpg\" alt=\"\" width=\"553\" height=\"311\" srcset=\"https:\/\/agora.xtec.cat\/escolatorrelameu\/wp-content\/uploads\/usu2232\/2022\/04\/20220407_201049-5.jpg 1000w, https:\/\/agora.xtec.cat\/escolatorrelameu\/wp-content\/uploads\/usu2232\/2022\/04\/20220407_201049-5-300x169.jpg 300w, https:\/\/agora.xtec.cat\/escolatorrelameu\/wp-content\/uploads\/usu2232\/2022\/04\/20220407_201049-5-768x432.jpg 768w\" sizes=\"auto, (max-width: 553px) 100vw, 553px\" \/><\/a> <a href=\"https:\/\/agora.xtec.cat\/escolatorrelameu\/wp-content\/uploads\/usu2232\/2022\/04\/IMG_20220407_220645-1-4.jpg\"><img loading=\"lazy\" decoding=\"async\" class=\"alignnone wp-image-1413\" src=\"https:\/\/agora.xtec.cat\/escolatorrelameu\/wp-content\/uploads\/usu2232\/2022\/04\/IMG_20220407_220645-1-4-768x1024.jpg\" alt=\"\" width=\"426\" height=\"568\" srcset=\"https:\/\/agora.xtec.cat\/escolatorrelameu\/wp-content\/uploads\/usu2232\/2022\/04\/IMG_20220407_220645-1-4-768x1024.jpg 768w, https:\/\/agora.xtec.cat\/escolatorrelameu\/wp-content\/uploads\/usu2232\/2022\/04\/IMG_20220407_220645-1-4-225x300.jpg 225w, https:\/\/agora.xtec.cat\/escolatorrelameu\/wp-content\/uploads\/usu2232\/2022\/04\/IMG_20220407_220645-1-4.jpg 864w\" sizes=\"auto, (max-width: 426px) 100vw, 426px\" \/><\/a> <a href=\"https:\/\/agora.xtec.cat\/escolatorrelameu\/wp-content\/uploads\/usu2232\/2022\/04\/IMG20220407153103_01-3.jpg\"><img loading=\"lazy\" decoding=\"async\" class=\"alignnone wp-image-1414\" src=\"https:\/\/agora.xtec.cat\/escolatorrelameu\/wp-content\/uploads\/usu2232\/2022\/04\/IMG20220407153103_01-3-1024x768.jpg\" alt=\"\" width=\"505\" height=\"378\" srcset=\"https:\/\/agora.xtec.cat\/escolatorrelameu\/wp-content\/uploads\/usu2232\/2022\/04\/IMG20220407153103_01-3-1024x768.jpg 1024w, https:\/\/agora.xtec.cat\/escolatorrelameu\/wp-content\/uploads\/usu2232\/2022\/04\/IMG20220407153103_01-3-300x225.jpg 300w, https:\/\/agora.xtec.cat\/escolatorrelameu\/wp-content\/uploads\/usu2232\/2022\/04\/IMG20220407153103_01-3-768x576.jpg 768w, https:\/\/agora.xtec.cat\/escolatorrelameu\/wp-content\/uploads\/usu2232\/2022\/04\/IMG20220407153103_01-3-200x150.jpg 200w, https:\/\/agora.xtec.cat\/escolatorrelameu\/wp-content\/uploads\/usu2232\/2022\/04\/IMG20220407153103_01-3.jpg 1200w\" sizes=\"auto, (max-width: 505px) 100vw, 505px\" \/><\/a> <a href=\"https:\/\/agora.xtec.cat\/escolatorrelameu\/wp-content\/uploads\/usu2232\/2022\/04\/IMG_20220408_080314919-2.jpg\"><img loading=\"lazy\" decoding=\"async\" class=\"alignnone wp-image-1415\" src=\"https:\/\/agora.xtec.cat\/escolatorrelameu\/wp-content\/uploads\/usu2232\/2022\/04\/IMG_20220408_080314919-2-1024x768.jpg\" alt=\"\" width=\"479\" height=\"359\" srcset=\"https:\/\/agora.xtec.cat\/escolatorrelameu\/wp-content\/uploads\/usu2232\/2022\/04\/IMG_20220408_080314919-2-1024x768.jpg 1024w, https:\/\/agora.xtec.cat\/escolatorrelameu\/wp-content\/uploads\/usu2232\/2022\/04\/IMG_20220408_080314919-2-300x225.jpg 300w, https:\/\/agora.xtec.cat\/escolatorrelameu\/wp-content\/uploads\/usu2232\/2022\/04\/IMG_20220408_080314919-2-768x576.jpg 768w, https:\/\/agora.xtec.cat\/escolatorrelameu\/wp-content\/uploads\/usu2232\/2022\/04\/IMG_20220408_080314919-2-200x150.jpg 200w, https:\/\/agora.xtec.cat\/escolatorrelameu\/wp-content\/uploads\/usu2232\/2022\/04\/IMG_20220408_080314919-2.jpg 1200w\" sizes=\"auto, (max-width: 479px) 100vw, 479px\" \/><\/a> <a href=\"https:\/\/agora.xtec.cat\/escolatorrelameu\/wp-content\/uploads\/usu2232\/2022\/04\/IMG20220408090330_01-1.jpg\"><img loading=\"lazy\" decoding=\"async\" class=\"alignnone wp-image-1416\" src=\"https:\/\/agora.xtec.cat\/escolatorrelameu\/wp-content\/uploads\/usu2232\/2022\/04\/IMG20220408090330_01-1-1024x768.jpg\" alt=\"\" width=\"504\" height=\"378\" srcset=\"https:\/\/agora.xtec.cat\/escolatorrelameu\/wp-content\/uploads\/usu2232\/2022\/04\/IMG20220408090330_01-1-1024x768.jpg 1024w, https:\/\/agora.xtec.cat\/escolatorrelameu\/wp-content\/uploads\/usu2232\/2022\/04\/IMG20220408090330_01-1-300x225.jpg 300w, https:\/\/agora.xtec.cat\/escolatorrelameu\/wp-content\/uploads\/usu2232\/2022\/04\/IMG20220408090330_01-1-768x576.jpg 768w, https:\/\/agora.xtec.cat\/escolatorrelameu\/wp-content\/uploads\/usu2232\/2022\/04\/IMG20220408090330_01-1-200x150.jpg 200w, https:\/\/agora.xtec.cat\/escolatorrelameu\/wp-content\/uploads\/usu2232\/2022\/04\/IMG20220408090330_01-1.jpg 1040w\" sizes=\"auto, (max-width: 504px) 100vw, 504px\" \/><\/a><\/p>\n","protected":false},"excerpt":{"rendered":"<p>Hi ha dies que s\u00f3n especials: nervis, il.lusi\u00f3, emocions, papallones a la panxa&#8230; La nit a l&#8217;escola n&#8217;\u00e9s un per nosaltres: mestres, alumnes i fam\u00edlies&#8230;<br \/>\nJa des del primer any v\u00e0rem decidir que vol\u00edem acabar el segon trimestre d&#8217;una manera ben bonica, especial i original&hellip;  <a href=\"https:\/\/agora.xtec.cat\/escolatorrelameu\/general\/nit-a-lescola\/\" title=\"Read Nit a l&#8217;escola\">Llegeix m\u00e9s\u00bb<\/a><\/p>\n","protected":false},"author":1,"featured_media":1414,"comment_status":"open","ping_status":"closed","sticky":false,"template":"","format":"standard","meta":{"_bbp_topic_count":0,"_bbp_reply_count":0,"_bbp_total_topic_count":0,"_bbp_total_reply_count":0,"_bbp_voice_count":0,"_bbp_anonymous_reply_count":0,"_bbp_topic_count_hidden":0,"_bbp_reply_count_hidden":0,"_bbp_forum_subforum_count":0,"footnotes":""},"categories":[1,4,5],"tags":[66,86,109,74,93,16],"class_list":["post-1410","post","type-post","status-publish","format-standard","has-post-thumbnail","hentry","category-general","category-portada","category-primaria","tag-descoberta","tag-escola-torrelameu","tag-nit-escola","tag-ous","tag-poble","tag-sortides"],"post_mailing_queue_ids":[],"_links":{"self":[{"href":"https:\/\/agora.xtec.cat\/escolatorrelameu\/wp-json\/wp\/v2\/posts\/1410","targetHints":{"allow":["GET"]}}],"collection":[{"href":"https:\/\/agora.xtec.cat\/escolatorrelameu\/wp-json\/wp\/v2\/posts"}],"about":[{"href":"https:\/\/agora.xtec.cat\/escolatorrelameu\/wp-json\/wp\/v2\/types\/post"}],"author":[{"embeddable":true,"href":"https:\/\/agora.xtec.cat\/escolatorrelameu\/wp-json\/wp\/v2\/users\/1"}],"replies":[{"embeddable":true,"href":"https:\/\/agora.xtec.cat\/escolatorrelameu\/wp-json\/wp\/v2\/comments?post=1410"}],"version-history":[{"count":3,"href":"https:\/\/agora.xtec.cat\/escolatorrelameu\/wp-json\/wp\/v2\/posts\/1410\/revisions"}],"predecessor-version":[{"id":1423,"href":"https:\/\/agora.xtec.cat\/escolatorrelameu\/wp-json\/wp\/v2\/posts\/1410\/revisions\/1423"}],"wp:featuredmedia":[{"embeddable":true,"href":"https:\/\/agora.xtec.cat\/escolatorrelameu\/wp-json\/wp\/v2\/media\/1414"}],"wp:attachment":[{"href":"https:\/\/agora.xtec.cat\/escolatorrelameu\/wp-json\/wp\/v2\/media?parent=1410"}],"wp:term":[{"taxonomy":"category","embeddable":true,"href":"https:\/\/agora.xtec.cat\/escolatorrelameu\/wp-json\/wp\/v2\/categories?post=1410"},{"taxonomy":"post_tag","embeddable":true,"href":"https:\/\/agora.xtec.cat\/escolatorrelameu\/wp-json\/wp\/v2\/tags?post=1410"}],"curies":[{"name":"wp","href":"https:\/\/api.w.org\/{rel}","templated":true}]}}