{"id":1380,"date":"2022-03-31T17:15:07","date_gmt":"2022-03-31T15:15:07","guid":{"rendered":"https:\/\/agora.xtec.cat\/escolatorrelameu\/?p=1380"},"modified":"2022-03-31T17:15:07","modified_gmt":"2022-03-31T15:15:07","slug":"reflexions-sobre-el-projecte-de-cinema","status":"publish","type":"post","link":"https:\/\/agora.xtec.cat\/escolatorrelameu\/general\/reflexions-sobre-el-projecte-de-cinema\/","title":{"rendered":"Reflexions sobre el projecte de cinema"},"content":{"rendered":"<p>Durant aquesta setmana els nens i nenes del grup de Grans hem fet el rodatge del nostre curtmetratge. Hem gaudit com mai i estem molt agra\u00efts i agra\u00efdes a les fam\u00edlies, que ens han ajudat de diferents maneres, i a l&#8217;Ajuntament de Torrelameu per poder tirar el projecte endavant.<\/p>\n<p>Us deixem les reflexions del grup sobre el que estem fent:<\/p>\n<p>Cinema en curs \u00e9s un projecte que fem durant tot el curs. Aquest any fem una pel\u00b7l\u00edcula que tracta d\u2019un nen que s\u2019ha de canviar d\u2019escola perqu\u00e8 els seus pares canvien de feina. Ell se n\u2019ha d\u2019anar a l\u2019escola del seu poble, Torrelameu. Confia molt amb la seva padrina, que \u00e9s v\u00eddua.\u00a0 El\u00a0 lloc on est\u00e0 m\u00e9s tranquil \u00e9s al riu perqu\u00e8 li agraden els animals.<\/p>\n<p>A Cinema en curs descobrim el m\u00f3n del cinema. Per fer documentals o curtmetratges necessitem saber com s\u2019utilitzen el micr\u00f2fon, la c\u00e0mera, etc. Tenim una llibreta de cinema on ho apuntem tot.<\/p>\n<p>Els c\u00e0rrecs de rodatge s\u00f3n: c\u00e0mera (dirigeix com es fa la seq\u00fc\u00e8ncia que s\u2019est\u00e0 rodant en aquell moment, tria els plans), ajudant de c\u00e0mera (diu el protocol de rodatge, i vigila que tothom estigui preparat), sonidista (s\u2019encarrega de buscar el so dels plans i de valorar que els sons recollits s\u00f3n correctes), ajudant de so (s\u2019encarrega d\u2019aguantar els cables del micr\u00f2fon i dels auriculars) i l\u2019\u00faltim c\u00e0rrec l\u2019actor o l\u2019actriu.<\/p>\n<p>El que m\u00e9s m\u2019agrada \u00e9s sortir davant de c\u00e0mera perqu\u00e8 m\u2019agrada sentir-me\u00a0 protagonista com a les pel\u00b7l\u00edcules.<\/p>\n<p>Un dia, el meu grup va anar a gravar al riu de Torrelameu i vam gravar L\u2019Ares mentre mirava un llibre d\u2019animals a la vora del riu.<\/p>\n<p>El que m\u2019agrada m\u00e9s de Cinema en curs \u00e9s filmar perqu\u00e8 m\u2019agrada molt buscar les \u00f2ptiques, i pensar si fer un pla tancat o obert. Tamb\u00e9 m\u2019agrada molt fer de t\u00e8cnic de so perqu\u00e8 sempre m\u2019agrada buscar els sons, per exemple si passa un ocell.<\/p>\n<p>El que m\u00e9s m\u2019agrada de Cinema en curs \u00e9s sortir a gravar, tamb\u00e9 fer de c\u00e0mera i penso que \u00e9s una experi\u00e8ncia \u00fanica i que no tots els nens tenen l\u2019oportunitat de fer.<\/p>\n<p>El que m\u00e9s m\u2019agrada de Cinema en curs \u00e9s sortir a filmar, crear la hist\u00f2ria, presentar la pel\u00ed (encara que em poso molt nervi\u00f3s) i en resum m\u2019agrada tot.<\/p>\n<p>Al juny, el curtmetratge que estem fent, es presentar\u00e0 i s\u2019exposar\u00e0 a la filmoteca de Catalunya, a Barcelona, davant de les altres escoles i instituts que tamb\u00e9 fan aquet projecte.<\/p>\n<p><a href=\"https:\/\/agora.xtec.cat\/escolatorrelameu\/wp-content\/uploads\/usu2232\/2022\/03\/IMG_20220328_104956210_HDR.jpg\"><img loading=\"lazy\" decoding=\"async\" class=\"aligncenter  wp-image-1382\" src=\"https:\/\/agora.xtec.cat\/escolatorrelameu\/wp-content\/uploads\/usu2232\/2022\/03\/IMG_20220328_104956210_HDR-1024x768.jpg\" alt=\"\" width=\"561\" height=\"421\" srcset=\"https:\/\/agora.xtec.cat\/escolatorrelameu\/wp-content\/uploads\/usu2232\/2022\/03\/IMG_20220328_104956210_HDR-1024x768.jpg 1024w, https:\/\/agora.xtec.cat\/escolatorrelameu\/wp-content\/uploads\/usu2232\/2022\/03\/IMG_20220328_104956210_HDR-300x225.jpg 300w, https:\/\/agora.xtec.cat\/escolatorrelameu\/wp-content\/uploads\/usu2232\/2022\/03\/IMG_20220328_104956210_HDR-768x576.jpg 768w, https:\/\/agora.xtec.cat\/escolatorrelameu\/wp-content\/uploads\/usu2232\/2022\/03\/IMG_20220328_104956210_HDR-1536x1152.jpg 1536w, https:\/\/agora.xtec.cat\/escolatorrelameu\/wp-content\/uploads\/usu2232\/2022\/03\/IMG_20220328_104956210_HDR-200x150.jpg 200w, https:\/\/agora.xtec.cat\/escolatorrelameu\/wp-content\/uploads\/usu2232\/2022\/03\/IMG_20220328_104956210_HDR.jpg 2000w\" sizes=\"auto, (max-width: 561px) 100vw, 561px\" \/><\/a><\/p>\n<p>&nbsp;<\/p>\n<p><a href=\"https:\/\/agora.xtec.cat\/escolatorrelameu\/wp-content\/uploads\/usu2232\/2022\/03\/IMG_20220328_113056212_HDR.jpg\"><img loading=\"lazy\" decoding=\"async\" class=\"aligncenter  wp-image-1383\" src=\"https:\/\/agora.xtec.cat\/escolatorrelameu\/wp-content\/uploads\/usu2232\/2022\/03\/IMG_20220328_113056212_HDR-1024x768.jpg\" alt=\"\" width=\"557\" height=\"418\" srcset=\"https:\/\/agora.xtec.cat\/escolatorrelameu\/wp-content\/uploads\/usu2232\/2022\/03\/IMG_20220328_113056212_HDR-1024x768.jpg 1024w, https:\/\/agora.xtec.cat\/escolatorrelameu\/wp-content\/uploads\/usu2232\/2022\/03\/IMG_20220328_113056212_HDR-300x225.jpg 300w, https:\/\/agora.xtec.cat\/escolatorrelameu\/wp-content\/uploads\/usu2232\/2022\/03\/IMG_20220328_113056212_HDR-768x576.jpg 768w, https:\/\/agora.xtec.cat\/escolatorrelameu\/wp-content\/uploads\/usu2232\/2022\/03\/IMG_20220328_113056212_HDR-1536x1152.jpg 1536w, https:\/\/agora.xtec.cat\/escolatorrelameu\/wp-content\/uploads\/usu2232\/2022\/03\/IMG_20220328_113056212_HDR-200x150.jpg 200w, https:\/\/agora.xtec.cat\/escolatorrelameu\/wp-content\/uploads\/usu2232\/2022\/03\/IMG_20220328_113056212_HDR.jpg 2000w\" sizes=\"auto, (max-width: 557px) 100vw, 557px\" \/><\/a><\/p>\n<p>&nbsp;<\/p>\n<p><a href=\"https:\/\/agora.xtec.cat\/escolatorrelameu\/wp-content\/uploads\/usu2232\/2022\/03\/IMG_20220328_182755893.jpg\"><img loading=\"lazy\" decoding=\"async\" class=\"aligncenter  wp-image-1384\" src=\"https:\/\/agora.xtec.cat\/escolatorrelameu\/wp-content\/uploads\/usu2232\/2022\/03\/IMG_20220328_182755893-1024x768.jpg\" alt=\"\" width=\"566\" height=\"425\" srcset=\"https:\/\/agora.xtec.cat\/escolatorrelameu\/wp-content\/uploads\/usu2232\/2022\/03\/IMG_20220328_182755893-1024x768.jpg 1024w, https:\/\/agora.xtec.cat\/escolatorrelameu\/wp-content\/uploads\/usu2232\/2022\/03\/IMG_20220328_182755893-300x225.jpg 300w, https:\/\/agora.xtec.cat\/escolatorrelameu\/wp-content\/uploads\/usu2232\/2022\/03\/IMG_20220328_182755893-768x576.jpg 768w, https:\/\/agora.xtec.cat\/escolatorrelameu\/wp-content\/uploads\/usu2232\/2022\/03\/IMG_20220328_182755893-1536x1152.jpg 1536w, https:\/\/agora.xtec.cat\/escolatorrelameu\/wp-content\/uploads\/usu2232\/2022\/03\/IMG_20220328_182755893-200x150.jpg 200w, https:\/\/agora.xtec.cat\/escolatorrelameu\/wp-content\/uploads\/usu2232\/2022\/03\/IMG_20220328_182755893.jpg 2000w\" sizes=\"auto, (max-width: 566px) 100vw, 566px\" \/><\/a><\/p>\n<p>&nbsp;<\/p>\n<p><a href=\"https:\/\/agora.xtec.cat\/escolatorrelameu\/wp-content\/uploads\/usu2232\/2022\/03\/IMG_20220329_100037956.jpg\"><img loading=\"lazy\" decoding=\"async\" class=\"aligncenter  wp-image-1385\" src=\"https:\/\/agora.xtec.cat\/escolatorrelameu\/wp-content\/uploads\/usu2232\/2022\/03\/IMG_20220329_100037956-1024x768.jpg\" alt=\"\" width=\"571\" height=\"429\" srcset=\"https:\/\/agora.xtec.cat\/escolatorrelameu\/wp-content\/uploads\/usu2232\/2022\/03\/IMG_20220329_100037956-1024x768.jpg 1024w, https:\/\/agora.xtec.cat\/escolatorrelameu\/wp-content\/uploads\/usu2232\/2022\/03\/IMG_20220329_100037956-300x225.jpg 300w, https:\/\/agora.xtec.cat\/escolatorrelameu\/wp-content\/uploads\/usu2232\/2022\/03\/IMG_20220329_100037956-768x576.jpg 768w, https:\/\/agora.xtec.cat\/escolatorrelameu\/wp-content\/uploads\/usu2232\/2022\/03\/IMG_20220329_100037956-1536x1152.jpg 1536w, https:\/\/agora.xtec.cat\/escolatorrelameu\/wp-content\/uploads\/usu2232\/2022\/03\/IMG_20220329_100037956-200x150.jpg 200w, https:\/\/agora.xtec.cat\/escolatorrelameu\/wp-content\/uploads\/usu2232\/2022\/03\/IMG_20220329_100037956.jpg 2000w\" sizes=\"auto, (max-width: 571px) 100vw, 571px\" \/><\/a><br \/>\n<a href=\"https:\/\/agora.xtec.cat\/escolatorrelameu\/wp-content\/uploads\/usu2232\/2022\/03\/IMG_20220328_113056212_HDR.jpg\">\u00a0 \u00a0<\/a><\/p>\n<p>&nbsp;<\/p>\n","protected":false},"excerpt":{"rendered":"<p>Durant aquesta setmana els nens i nenes del grup de Grans hem fet el rodatge del nostre curtmetratge. Hem gaudit com mai i estem molt agra\u00efts i agra\u00efdes a les fam\u00edlies, que ens han ajudat de diferents maneres, i a l&#8217;Ajuntament de Torrelameu per poder&hellip;  <a href=\"https:\/\/agora.xtec.cat\/escolatorrelameu\/general\/reflexions-sobre-el-projecte-de-cinema\/\" title=\"Read Reflexions sobre el projecte de cinema\">Llegeix m\u00e9s\u00bb<\/a><\/p>\n","protected":false},"author":7,"featured_media":1381,"comment_status":"open","ping_status":"closed","sticky":false,"template":"","format":"standard","meta":{"_bbp_topic_count":0,"_bbp_reply_count":0,"_bbp_total_topic_count":0,"_bbp_total_reply_count":0,"_bbp_voice_count":0,"_bbp_anonymous_reply_count":0,"_bbp_topic_count_hidden":0,"_bbp_reply_count_hidden":0,"_bbp_forum_subforum_count":0,"footnotes":""},"categories":[1],"tags":[],"class_list":["post-1380","post","type-post","status-publish","format-standard","has-post-thumbnail","hentry","category-general"],"post_mailing_queue_ids":[],"_links":{"self":[{"href":"https:\/\/agora.xtec.cat\/escolatorrelameu\/wp-json\/wp\/v2\/posts\/1380","targetHints":{"allow":["GET"]}}],"collection":[{"href":"https:\/\/agora.xtec.cat\/escolatorrelameu\/wp-json\/wp\/v2\/posts"}],"about":[{"href":"https:\/\/agora.xtec.cat\/escolatorrelameu\/wp-json\/wp\/v2\/types\/post"}],"author":[{"embeddable":true,"href":"https:\/\/agora.xtec.cat\/escolatorrelameu\/wp-json\/wp\/v2\/users\/7"}],"replies":[{"embeddable":true,"href":"https:\/\/agora.xtec.cat\/escolatorrelameu\/wp-json\/wp\/v2\/comments?post=1380"}],"version-history":[{"count":3,"href":"https:\/\/agora.xtec.cat\/escolatorrelameu\/wp-json\/wp\/v2\/posts\/1380\/revisions"}],"predecessor-version":[{"id":1391,"href":"https:\/\/agora.xtec.cat\/escolatorrelameu\/wp-json\/wp\/v2\/posts\/1380\/revisions\/1391"}],"wp:featuredmedia":[{"embeddable":true,"href":"https:\/\/agora.xtec.cat\/escolatorrelameu\/wp-json\/wp\/v2\/media\/1381"}],"wp:attachment":[{"href":"https:\/\/agora.xtec.cat\/escolatorrelameu\/wp-json\/wp\/v2\/media?parent=1380"}],"wp:term":[{"taxonomy":"category","embeddable":true,"href":"https:\/\/agora.xtec.cat\/escolatorrelameu\/wp-json\/wp\/v2\/categories?post=1380"},{"taxonomy":"post_tag","embeddable":true,"href":"https:\/\/agora.xtec.cat\/escolatorrelameu\/wp-json\/wp\/v2\/tags?post=1380"}],"curies":[{"name":"wp","href":"https:\/\/api.w.org\/{rel}","templated":true}]}}