{"id":1351,"date":"2022-03-20T19:57:35","date_gmt":"2022-03-20T18:57:35","guid":{"rendered":"https:\/\/agora.xtec.cat\/escolatorrelameu\/?p=1351"},"modified":"2022-03-20T20:08:28","modified_gmt":"2022-03-20T19:08:28","slug":"reportatge-la-revolucio-del-cine-a-lescola","status":"publish","type":"post","link":"https:\/\/agora.xtec.cat\/escolatorrelameu\/general\/reportatge-la-revolucio-del-cine-a-lescola\/","title":{"rendered":"Reportatge: La revoluci\u00f3 del cine a l&#8217;escola"},"content":{"rendered":"<p>Avui, diumenge, ha sortit el reportatge\u00a0<a href=\"https:\/\/cat.elpais.com\/cat\/2022\/03\/18\/cultura\/1647614725_363210.html\" target=\"_blank\" rel=\"noopener\">La revoluci\u00f3 del cine a l&#8217;escola<\/a> al Quadern El Pa\u00eds amb articles de la periodista Noelia Rodr\u00edguez, la Laia Colell i la N\u00faria Aidelman d&#8217;A Bao A Qu i la cineasta Carla Sim\u00f3n. \u00c9s un reportatge extens sobre la traject\u00f2ria i els motius de Cinema en curs, amb reflexions de cineastes, alumnes, mestres i professors.<\/p>\n<p>Us compartim la versi\u00f3 digital, per\u00f2 trobareu l&#8217;article complet en paper.<\/p>\n<p>Esperem que el gaudiu com ho hem fet nosaltres.<\/p>\n<p style=\"text-align: center;\"><a href=\"https:\/\/agora.xtec.cat\/escolatorrelameu\/wp-content\/uploads\/usu2232\/2022\/03\/reportatge.png\"><img loading=\"lazy\" decoding=\"async\" class=\"aligncenter size-large wp-image-1353\" src=\"https:\/\/agora.xtec.cat\/escolatorrelameu\/wp-content\/uploads\/usu2232\/2022\/03\/reportatge-1024x769.png\" alt=\"\" width=\"1024\" height=\"769\" srcset=\"https:\/\/agora.xtec.cat\/escolatorrelameu\/wp-content\/uploads\/usu2232\/2022\/03\/reportatge-1024x769.png 1024w, https:\/\/agora.xtec.cat\/escolatorrelameu\/wp-content\/uploads\/usu2232\/2022\/03\/reportatge-300x225.png 300w, https:\/\/agora.xtec.cat\/escolatorrelameu\/wp-content\/uploads\/usu2232\/2022\/03\/reportatge-768x576.png 768w, https:\/\/agora.xtec.cat\/escolatorrelameu\/wp-content\/uploads\/usu2232\/2022\/03\/reportatge-1536x1153.png 1536w, https:\/\/agora.xtec.cat\/escolatorrelameu\/wp-content\/uploads\/usu2232\/2022\/03\/reportatge-200x150.png 200w, https:\/\/agora.xtec.cat\/escolatorrelameu\/wp-content\/uploads\/usu2232\/2022\/03\/reportatge.png 1800w\" sizes=\"auto, (max-width: 1024px) 100vw, 1024px\" \/><\/a><\/p>\n<p>&nbsp;<\/p>\n<p>&nbsp;<\/p>\n","protected":false},"excerpt":{"rendered":"<p>Avui, diumenge, ha sortit el reportatge\u00a0<a href=\"https:\/\/cat.elpais.com\/cat\/2022\/03\/18\/cultura\/1647614725_363210.html\" target=\"_blank\" rel=\"noopener\">La revoluci\u00f3 del cine a l&#8217;escola<\/a> al Quadern El Pa\u00eds amb articles de la periodista Noelia Rodr\u00edguez, la Laia Colell i la N\u00faria Aidelman d&#8217;A Bao A Qu i la cineasta Carla Sim\u00f3n. \u00c9s un reportatge extens&hellip;  <a href=\"https:\/\/agora.xtec.cat\/escolatorrelameu\/general\/reportatge-la-revolucio-del-cine-a-lescola\/\" title=\"Read Reportatge: La revoluci\u00f3 del cine a l&#8217;escola\">Llegeix m\u00e9s\u00bb<\/a><\/p>\n","protected":false},"author":7,"featured_media":1358,"comment_status":"open","ping_status":"closed","sticky":false,"template":"","format":"standard","meta":{"_bbp_topic_count":0,"_bbp_reply_count":0,"_bbp_total_topic_count":0,"_bbp_total_reply_count":0,"_bbp_voice_count":0,"_bbp_anonymous_reply_count":0,"_bbp_topic_count_hidden":0,"_bbp_reply_count_hidden":0,"_bbp_forum_subforum_count":0,"footnotes":""},"categories":[1],"tags":[],"class_list":["post-1351","post","type-post","status-publish","format-standard","has-post-thumbnail","hentry","category-general"],"post_mailing_queue_ids":[],"_links":{"self":[{"href":"https:\/\/agora.xtec.cat\/escolatorrelameu\/wp-json\/wp\/v2\/posts\/1351","targetHints":{"allow":["GET"]}}],"collection":[{"href":"https:\/\/agora.xtec.cat\/escolatorrelameu\/wp-json\/wp\/v2\/posts"}],"about":[{"href":"https:\/\/agora.xtec.cat\/escolatorrelameu\/wp-json\/wp\/v2\/types\/post"}],"author":[{"embeddable":true,"href":"https:\/\/agora.xtec.cat\/escolatorrelameu\/wp-json\/wp\/v2\/users\/7"}],"replies":[{"embeddable":true,"href":"https:\/\/agora.xtec.cat\/escolatorrelameu\/wp-json\/wp\/v2\/comments?post=1351"}],"version-history":[{"count":3,"href":"https:\/\/agora.xtec.cat\/escolatorrelameu\/wp-json\/wp\/v2\/posts\/1351\/revisions"}],"predecessor-version":[{"id":1359,"href":"https:\/\/agora.xtec.cat\/escolatorrelameu\/wp-json\/wp\/v2\/posts\/1351\/revisions\/1359"}],"wp:featuredmedia":[{"embeddable":true,"href":"https:\/\/agora.xtec.cat\/escolatorrelameu\/wp-json\/wp\/v2\/media\/1358"}],"wp:attachment":[{"href":"https:\/\/agora.xtec.cat\/escolatorrelameu\/wp-json\/wp\/v2\/media?parent=1351"}],"wp:term":[{"taxonomy":"category","embeddable":true,"href":"https:\/\/agora.xtec.cat\/escolatorrelameu\/wp-json\/wp\/v2\/categories?post=1351"},{"taxonomy":"post_tag","embeddable":true,"href":"https:\/\/agora.xtec.cat\/escolatorrelameu\/wp-json\/wp\/v2\/tags?post=1351"}],"curies":[{"name":"wp","href":"https:\/\/api.w.org\/{rel}","templated":true}]}}