{"id":1328,"date":"2022-03-09T08:18:59","date_gmt":"2022-03-09T07:18:59","guid":{"rendered":"https:\/\/agora.xtec.cat\/escolatorrelameu\/?p=1328"},"modified":"2022-03-09T08:18:59","modified_gmt":"2022-03-09T07:18:59","slug":"stop-motion","status":"publish","type":"post","link":"https:\/\/agora.xtec.cat\/escolatorrelameu\/general\/stop-motion\/","title":{"rendered":"Stop motion!"},"content":{"rendered":"<p>Aquesta setmana, aprofitant el festival Animac, a Creixents, ens hem atrevit a estrenar-nos amb una <em>stop motion<\/em>. Es tracta de pensar una hist\u00f2ria, amb els seus personatges i escenari i, per a cada moviment, fer una foto. Amb l&#8217;aplicaci\u00f3 PICPAC \u00e9s molt f\u00e0cil! Segur que en farem m\u00e9s i millors!!!<\/p>\n<table style=\"border-collapse: collapse; width: 100%;\">\n<tbody>\n<tr>\n<td style=\"width: 50%;\"><div style=\"width: 360px;\" class=\"wp-video\"><!--[if lt IE 9]><script>document.createElement('video');<\/script><![endif]-->\n<video class=\"wp-video-shortcode\" id=\"video-1328-1\" width=\"360\" height=\"360\" preload=\"metadata\" controls=\"controls\"><source type=\"video\/mp4\" src=\"https:\/\/agora.xtec.cat\/escolatorrelameu\/wp-content\/uploads\/usu2232\/2022\/03\/20220309_075720.mp4?_=1\" \/><a href=\"https:\/\/agora.xtec.cat\/escolatorrelameu\/wp-content\/uploads\/usu2232\/2022\/03\/20220309_075720.mp4\">https:\/\/agora.xtec.cat\/escolatorrelameu\/wp-content\/uploads\/usu2232\/2022\/03\/20220309_075720.mp4<\/a><\/video><\/div><\/td>\n<td style=\"width: 50%;\"><div style=\"width: 360px;\" class=\"wp-video\"><video class=\"wp-video-shortcode\" id=\"video-1328-2\" width=\"360\" height=\"360\" preload=\"metadata\" controls=\"controls\"><source type=\"video\/mp4\" src=\"https:\/\/agora.xtec.cat\/escolatorrelameu\/wp-content\/uploads\/usu2232\/2022\/03\/20220308_160134.mp4?_=2\" \/><a href=\"https:\/\/agora.xtec.cat\/escolatorrelameu\/wp-content\/uploads\/usu2232\/2022\/03\/20220308_160134.mp4\">https:\/\/agora.xtec.cat\/escolatorrelameu\/wp-content\/uploads\/usu2232\/2022\/03\/20220308_160134.mp4<\/a><\/video><\/div><\/td>\n<\/tr>\n<tr>\n<td style=\"width: 50%;\"><div style=\"width: 360px;\" class=\"wp-video\"><video class=\"wp-video-shortcode\" id=\"video-1328-3\" width=\"360\" height=\"360\" preload=\"metadata\" controls=\"controls\"><source type=\"video\/mp4\" src=\"https:\/\/agora.xtec.cat\/escolatorrelameu\/wp-content\/uploads\/usu2232\/2022\/03\/20220308_153845.mp4?_=3\" \/><a href=\"https:\/\/agora.xtec.cat\/escolatorrelameu\/wp-content\/uploads\/usu2232\/2022\/03\/20220308_153845.mp4\">https:\/\/agora.xtec.cat\/escolatorrelameu\/wp-content\/uploads\/usu2232\/2022\/03\/20220308_153845.mp4<\/a><\/video><\/div><\/td>\n<td style=\"width: 50%;\"><div style=\"width: 360px;\" class=\"wp-video\"><video class=\"wp-video-shortcode\" id=\"video-1328-4\" width=\"360\" height=\"360\" preload=\"metadata\" controls=\"controls\"><source type=\"video\/mp4\" src=\"https:\/\/agora.xtec.cat\/escolatorrelameu\/wp-content\/uploads\/usu2232\/2022\/03\/20220308_125028.mp4?_=4\" \/><a href=\"https:\/\/agora.xtec.cat\/escolatorrelameu\/wp-content\/uploads\/usu2232\/2022\/03\/20220308_125028.mp4\">https:\/\/agora.xtec.cat\/escolatorrelameu\/wp-content\/uploads\/usu2232\/2022\/03\/20220308_125028.mp4<\/a><\/video><\/div><\/td>\n<\/tr>\n<\/tbody>\n<\/table>\n<p>&nbsp;<\/p>\n","protected":false},"excerpt":{"rendered":"<p>Aquesta setmana, aprofitant el festival Animac, a Creixents, ens hem atrevit a estrenar-nos amb una stop motion. Es tracta de pensar una hist\u00f2ria, amb els seus personatges i escenari i, per a cada moviment, fer una foto. Amb l&#8217;aplicaci\u00f3 PICPAC \u00e9s molt f\u00e0cil! Segur que&hellip;  <a href=\"https:\/\/agora.xtec.cat\/escolatorrelameu\/general\/stop-motion\/\" title=\"Read Stop motion!\">Llegeix m\u00e9s\u00bb<\/a><\/p>\n","protected":false},"author":1,"featured_media":0,"comment_status":"open","ping_status":"closed","sticky":false,"template":"","format":"standard","meta":{"_bbp_topic_count":0,"_bbp_reply_count":0,"_bbp_total_topic_count":0,"_bbp_total_reply_count":0,"_bbp_voice_count":0,"_bbp_anonymous_reply_count":0,"_bbp_topic_count_hidden":0,"_bbp_reply_count_hidden":0,"_bbp_forum_subforum_count":0,"footnotes":""},"categories":[1],"tags":[98],"class_list":["post-1328","post","type-post","status-publish","format-standard","hentry","category-general","tag-creixents"],"post_mailing_queue_ids":[],"_links":{"self":[{"href":"https:\/\/agora.xtec.cat\/escolatorrelameu\/wp-json\/wp\/v2\/posts\/1328","targetHints":{"allow":["GET"]}}],"collection":[{"href":"https:\/\/agora.xtec.cat\/escolatorrelameu\/wp-json\/wp\/v2\/posts"}],"about":[{"href":"https:\/\/agora.xtec.cat\/escolatorrelameu\/wp-json\/wp\/v2\/types\/post"}],"author":[{"embeddable":true,"href":"https:\/\/agora.xtec.cat\/escolatorrelameu\/wp-json\/wp\/v2\/users\/1"}],"replies":[{"embeddable":true,"href":"https:\/\/agora.xtec.cat\/escolatorrelameu\/wp-json\/wp\/v2\/comments?post=1328"}],"version-history":[{"count":3,"href":"https:\/\/agora.xtec.cat\/escolatorrelameu\/wp-json\/wp\/v2\/posts\/1328\/revisions"}],"predecessor-version":[{"id":1331,"href":"https:\/\/agora.xtec.cat\/escolatorrelameu\/wp-json\/wp\/v2\/posts\/1328\/revisions\/1331"}],"wp:attachment":[{"href":"https:\/\/agora.xtec.cat\/escolatorrelameu\/wp-json\/wp\/v2\/media?parent=1328"}],"wp:term":[{"taxonomy":"category","embeddable":true,"href":"https:\/\/agora.xtec.cat\/escolatorrelameu\/wp-json\/wp\/v2\/categories?post=1328"},{"taxonomy":"post_tag","embeddable":true,"href":"https:\/\/agora.xtec.cat\/escolatorrelameu\/wp-json\/wp\/v2\/tags?post=1328"}],"curies":[{"name":"wp","href":"https:\/\/api.w.org\/{rel}","templated":true}]}}