{"id":1308,"date":"2022-03-04T14:25:31","date_gmt":"2022-03-04T13:25:31","guid":{"rendered":"https:\/\/agora.xtec.cat\/escolatorrelameu\/?p=1308"},"modified":"2022-03-05T11:24:41","modified_gmt":"2022-03-05T10:24:41","slug":"hivern-de-padrins-i-padrines","status":"publish","type":"post","link":"https:\/\/agora.xtec.cat\/escolatorrelameu\/general\/hivern-de-padrins-i-padrines\/","title":{"rendered":"Hivern de padrins i padrines"},"content":{"rendered":"<p>Despr\u00e9s de dos anys estranys, avui hem fet una de les festes que ens caracteritza com escola i que ens permet compartir una estona molt agradable amb persones especials per a nosaltres: la gent gran que t\u00e9 relaci\u00f3 amb els nens i nenes, padrins i padrines.<\/p>\n<p>&#8211; Si hagu\u00e9ssim de dir unes paraules del que ha passat avui a l&#8217;escola serien: especial, bonic, implicats i sorpresa. (Irene).<\/p>\n<p>&#8211; Un mat\u00ed diferent envoltats de noves mirades molt entranyables. (Gemma E).<\/p>\n<p>&#8211; M&#8217;emocionen matins aix\u00ed, tamb\u00e9 esgoten, \u00e9s clar&#8230; Per\u00f2 \u00e9s tan reconfortant, hi ha tanta complicitat a l&#8217;ambient,&#8230; Es creen relacions noves i diferents i donem valor a aquella gent que tamb\u00e9 forma part de la fam\u00edlia. (Maria)<\/p>\n<p>&#8211; Veient tot el mat\u00ed i aprofitant de cada moment com es mereix, m&#8217;ha fet recordar quan jo era petit i reflexionar amb la seg\u00fcent frase: &#8221; No es tracta d&#8217;aconseguir coses per ser feli\u00e7 sin\u00f3 gaudir de les que avui tenim.&#8221;(Gen\u00eds)<\/p>\n<p>&#8211; Un mat\u00ed bonic, molt bonic&#8230; Gaudint de somriures i paraules&#8230; Teixint complicitats&#8230; Gr\u00e0cies per ser-hi padrines i padrins! (S\u00edlvia)<\/p>\n<p>&#8211; Tenim la sort d\u2019aprendre dels m\u00e9s petits i tamb\u00e9 de la gent m\u00e9s gran, els padrins i padrines, que avui en especial ens han demostrat que ho s\u00f3n dels seus n\u00e9ts que tenen a la llar i tamb\u00e9 dels seus companys. (Sofia)<\/p>\n<p>&#8211; Ha estat un mat\u00ed molt agradable, veure la felicitat que transmetien treballant els alumnes i els seus avis i el que gaudien amb la seva companyia, m&#8217;ha encantat haver pogut viure-ho. (Maria S).<\/p>\n<p>&#8211; Les mirades de petits i grans han fet del mat\u00ed una estona de complicitats i d&#8217;aprenentatge. (Ingrid)<\/p>\n<p>&#8211; Un mat\u00ed de nervis, il\u00b7lusi\u00f3 i emocions. Ha sigut molt bonic veure com s&#8217;ho han passat de b\u00e9 tant petits com grans. (Laura)<\/p>\n<p>&#8211; Aquest mat\u00ed han conflu\u00eft actituds. Les mateixes que veiem en els infants les hem vist en els padrins i padrines: entusiasme, inseguretats, ganes d&#8217;aprendre, organitzaci\u00f3, col\u00b7laboraci\u00f3&#8230; I el regal que ens fa el mat\u00ed \u00e9s observar com es fusionen, s&#8217;encomanen i es respiren. (Gemma F.)<\/p>\n<p>&#8211; Ens ha agradat que vinguessin els padrins. He pogut estar amb la padrina de l&#8217;Enzo. Ens ho hem passat b\u00e9. Padrins. Ha vingut la meva padrina Dolors. Han vingut els de Juneda. La meva padrina no ha pogut venir perqu\u00e8 est\u00e0 molt malalta. La meva padrina Paqui i el padr\u00ed Josep. Els meus padrins treballen&#8230; (grup de Petits)<\/p>\n<p>&#8211; Alegria, m&#8217;ha agradat que vingui la meva padrina i que estem junts, tristesa (perqu\u00e8 no han pogut venir tots els padrins i padrines), em va agradar fer el taller amb la padrina, padrins i padrines gr\u00e0cies per venir, fer bosses amb la Blau i la seva padrina, que vinguin les meves padrines, estar amb la iaia, m&#8217;ha agradat fer el taller de les pedres. (grup de Creixents)<\/p>\n<p>-Moltes gr\u00e0cies a tots els padrins i padrines que han vingut a fer tallers, moltes gr\u00e0cies als padrins\/es per vindre a passar una estoneta amb nosaltres, moltes gr\u00e0cies padrins\/es per compartir aquest moment amb nosaltres, moltes gr\u00e0cies padrina per venir. (grup de Mitjans)<\/p>\n<p>&#8211; Va ser un mat\u00ed molt bonic. Va ser molt especial veure tots els padrins i padrines junts ajudant als seus n\u00e9ts. Ens va agradat molt que vinguessin els nostres padrins perqu\u00e8 \u00e9s el nostre \u00faltim any a l&#8217;escola i volem aprofitar-ho tot. (grup de Grans)<\/p>\n<p>&nbsp;<\/p>\n","protected":false},"excerpt":{"rendered":"<p>Despr\u00e9s de dos anys estranys, avui hem fet una de les festes que ens caracteritza com escola i que ens permet compartir una estona molt agradable amb persones especials per a nosaltres: la gent gran que t\u00e9 relaci\u00f3 amb els nens i nenes, padrins i&hellip;  <a href=\"https:\/\/agora.xtec.cat\/escolatorrelameu\/general\/hivern-de-padrins-i-padrines\/\" title=\"Read Hivern de padrins i padrines\">Llegeix m\u00e9s\u00bb<\/a><\/p>\n","protected":false},"author":1,"featured_media":1310,"comment_status":"open","ping_status":"closed","sticky":false,"template":"","format":"standard","meta":{"_bbp_topic_count":0,"_bbp_reply_count":0,"_bbp_total_topic_count":0,"_bbp_total_reply_count":0,"_bbp_voice_count":0,"_bbp_anonymous_reply_count":0,"_bbp_topic_count_hidden":0,"_bbp_reply_count_hidden":0,"_bbp_forum_subforum_count":0,"footnotes":""},"categories":[1,2,4,5],"tags":[86,94,108,107],"class_list":["post-1308","post","type-post","status-publish","format-standard","has-post-thumbnail","hentry","category-general","category-infantil","category-portada","category-primaria","tag-escola-torrelameu","tag-mercat","tag-padrines","tag-padrins"],"post_mailing_queue_ids":[],"_links":{"self":[{"href":"https:\/\/agora.xtec.cat\/escolatorrelameu\/wp-json\/wp\/v2\/posts\/1308","targetHints":{"allow":["GET"]}}],"collection":[{"href":"https:\/\/agora.xtec.cat\/escolatorrelameu\/wp-json\/wp\/v2\/posts"}],"about":[{"href":"https:\/\/agora.xtec.cat\/escolatorrelameu\/wp-json\/wp\/v2\/types\/post"}],"author":[{"embeddable":true,"href":"https:\/\/agora.xtec.cat\/escolatorrelameu\/wp-json\/wp\/v2\/users\/1"}],"replies":[{"embeddable":true,"href":"https:\/\/agora.xtec.cat\/escolatorrelameu\/wp-json\/wp\/v2\/comments?post=1308"}],"version-history":[{"count":3,"href":"https:\/\/agora.xtec.cat\/escolatorrelameu\/wp-json\/wp\/v2\/posts\/1308\/revisions"}],"predecessor-version":[{"id":1313,"href":"https:\/\/agora.xtec.cat\/escolatorrelameu\/wp-json\/wp\/v2\/posts\/1308\/revisions\/1313"}],"wp:featuredmedia":[{"embeddable":true,"href":"https:\/\/agora.xtec.cat\/escolatorrelameu\/wp-json\/wp\/v2\/media\/1310"}],"wp:attachment":[{"href":"https:\/\/agora.xtec.cat\/escolatorrelameu\/wp-json\/wp\/v2\/media?parent=1308"}],"wp:term":[{"taxonomy":"category","embeddable":true,"href":"https:\/\/agora.xtec.cat\/escolatorrelameu\/wp-json\/wp\/v2\/categories?post=1308"},{"taxonomy":"post_tag","embeddable":true,"href":"https:\/\/agora.xtec.cat\/escolatorrelameu\/wp-json\/wp\/v2\/tags?post=1308"}],"curies":[{"name":"wp","href":"https:\/\/api.w.org\/{rel}","templated":true}]}}