{"id":1299,"date":"2022-02-28T19:27:30","date_gmt":"2022-02-28T18:27:30","guid":{"rendered":"https:\/\/agora.xtec.cat\/escolatorrelameu\/?p=1299"},"modified":"2022-03-03T17:25:16","modified_gmt":"2022-03-03T16:25:16","slug":"el-cep","status":"publish","type":"post","link":"https:\/\/agora.xtec.cat\/escolatorrelameu\/general\/el-cep\/","title":{"rendered":"El cep"},"content":{"rendered":"<p style=\"font-weight: 400;\">Durant un temps, el Jordi, l&#8217;aprenent, ens va acompanyar en aquest viatge diari&#8230; Ens escoltava, ens entenia, es vinculava, treballava, jugava, investigava, observava&#8230; Va ser una gran sort poder con\u00e8ixer-lo i formar part de la seva vida durant aquests quatre mesos llargs&#8230;<\/p>\n<p style=\"font-weight: 400;\">Al marxar, ens va regalar un cep, un d&#8217;aquells que conrea als seus camps del Baix Pened\u00e8s, un d&#8217;aquells que rega, empelta, cuida&#8230; I ha estat aquesta la manera en qu\u00e8 ens ha agra\u00eft aquest encontre&#8230;<\/p>\n<p>&nbsp;<\/p>\n<p><a href=\"https:\/\/agora.xtec.cat\/escolatorrelameu\/wp-content\/uploads\/usu2232\/2022\/02\/photo5816760710070383996.jpg\"><img loading=\"lazy\" decoding=\"async\" class=\"wp-image-1300 aligncenter\" src=\"https:\/\/agora.xtec.cat\/escolatorrelameu\/wp-content\/uploads\/usu2232\/2022\/02\/photo5816760710070383996-768x1024.jpg\" alt=\"\" width=\"276\" height=\"369\" srcset=\"https:\/\/agora.xtec.cat\/escolatorrelameu\/wp-content\/uploads\/usu2232\/2022\/02\/photo5816760710070383996-768x1024.jpg 768w, https:\/\/agora.xtec.cat\/escolatorrelameu\/wp-content\/uploads\/usu2232\/2022\/02\/photo5816760710070383996-225x300.jpg 225w, https:\/\/agora.xtec.cat\/escolatorrelameu\/wp-content\/uploads\/usu2232\/2022\/02\/photo5816760710070383996.jpg 960w\" sizes=\"auto, (max-width: 276px) 100vw, 276px\" \/><\/a><\/p>\n<p style=\"font-weight: 400;\">Avui, amb el grup de Petits, l&#8217;hem plantat a l&#8217;hort de l&#8217;escola. Volem que es faci ben gran, i que mirant-lo veiem aquest noi que ens va deixar una petjada tan bona. Ell deia: \u201cGaudiu i viviu de l\u2019educaci\u00f3 d\u2019una manera que ho feu extrapolable a altres realitats. Us delata la mirada amb aquesta passi\u00f3 que en cada instant reflectiu a l\u2019hora de realitzar quelcom. Espero que seguiu aquest cam\u00ed com ho esteu fent fins ara\u201d. I al nostre cep li desitgem molt creixement, productivitat i superviv\u00e8ncia.<\/p>\n<p style=\"font-weight: 400;\">Jordi, l&#8217;Escola de Torrelameu \u00e9s casa teva, esperem que t&#8217;hi puguem veure ben sovint i que no ens oblidis.<\/p>\n<p>&nbsp;<\/p>\n<p>&nbsp;<\/p>\n","protected":false},"excerpt":{"rendered":"<p>Durant un temps, el Jordi, l&#8217;aprenent, ens va acompanyar en aquest viatge diari&#8230; Ens escoltava, ens entenia, es vinculava, treballava, jugava, investigava, observava&#8230; Va ser una gran sort poder con\u00e8ixer-lo i formar part de la seva vida durant aquests quatre mesos llargs&#8230;<br \/>\nAl marxar, ens va&hellip;  <a href=\"https:\/\/agora.xtec.cat\/escolatorrelameu\/general\/el-cep\/\" title=\"Read El cep\">Llegeix m\u00e9s\u00bb<\/a><\/p>\n","protected":false},"author":1,"featured_media":1300,"comment_status":"open","ping_status":"closed","sticky":false,"template":"","format":"standard","meta":{"_bbp_topic_count":0,"_bbp_reply_count":0,"_bbp_total_topic_count":0,"_bbp_total_reply_count":0,"_bbp_voice_count":0,"_bbp_anonymous_reply_count":0,"_bbp_topic_count_hidden":0,"_bbp_reply_count_hidden":0,"_bbp_forum_subforum_count":0,"footnotes":""},"categories":[1],"tags":[],"class_list":["post-1299","post","type-post","status-publish","format-standard","has-post-thumbnail","hentry","category-general"],"post_mailing_queue_ids":[],"_links":{"self":[{"href":"https:\/\/agora.xtec.cat\/escolatorrelameu\/wp-json\/wp\/v2\/posts\/1299","targetHints":{"allow":["GET"]}}],"collection":[{"href":"https:\/\/agora.xtec.cat\/escolatorrelameu\/wp-json\/wp\/v2\/posts"}],"about":[{"href":"https:\/\/agora.xtec.cat\/escolatorrelameu\/wp-json\/wp\/v2\/types\/post"}],"author":[{"embeddable":true,"href":"https:\/\/agora.xtec.cat\/escolatorrelameu\/wp-json\/wp\/v2\/users\/1"}],"replies":[{"embeddable":true,"href":"https:\/\/agora.xtec.cat\/escolatorrelameu\/wp-json\/wp\/v2\/comments?post=1299"}],"version-history":[{"count":2,"href":"https:\/\/agora.xtec.cat\/escolatorrelameu\/wp-json\/wp\/v2\/posts\/1299\/revisions"}],"predecessor-version":[{"id":1302,"href":"https:\/\/agora.xtec.cat\/escolatorrelameu\/wp-json\/wp\/v2\/posts\/1299\/revisions\/1302"}],"wp:featuredmedia":[{"embeddable":true,"href":"https:\/\/agora.xtec.cat\/escolatorrelameu\/wp-json\/wp\/v2\/media\/1300"}],"wp:attachment":[{"href":"https:\/\/agora.xtec.cat\/escolatorrelameu\/wp-json\/wp\/v2\/media?parent=1299"}],"wp:term":[{"taxonomy":"category","embeddable":true,"href":"https:\/\/agora.xtec.cat\/escolatorrelameu\/wp-json\/wp\/v2\/categories?post=1299"},{"taxonomy":"post_tag","embeddable":true,"href":"https:\/\/agora.xtec.cat\/escolatorrelameu\/wp-json\/wp\/v2\/tags?post=1299"}],"curies":[{"name":"wp","href":"https:\/\/api.w.org\/{rel}","templated":true}]}}