{"id":1264,"date":"2021-12-25T12:57:32","date_gmt":"2021-12-25T11:57:32","guid":{"rendered":"https:\/\/agora.xtec.cat\/escolatorrelameu\/?p=1264"},"modified":"2022-03-03T18:28:24","modified_gmt":"2022-03-03T17:28:24","slug":"conte-caminat","status":"publish","type":"post","link":"https:\/\/agora.xtec.cat\/escolatorrelameu\/general\/conte-caminat\/","title":{"rendered":"Conte caminat"},"content":{"rendered":"<p>Una estella del firmament,&#8230;<\/p>\n<p>Un arbre del bosc,&#8230;<\/p>\n<p>Una muntanya de la serralada,&#8230;<\/p>\n<p>Un embolic de la troca de llana,&#8230;<\/p>\n<p>Un p\u00e8l de c\u00e9rvol&#8230;<\/p>\n<p>La part que es veu de l&#8217;iceberg,&#8230;<\/p>\n<p>Un peix de l&#8217;oce\u00e0,&#8230;<\/p>\n<p>Una llavor de pi,&#8230;<\/p>\n<p>&nbsp;<\/p>\n<p>Nom\u00e9s s\u00f3n parts, parts petites, \u00ednfimes, insignificants per si soles,&#8230; <span style=\"font-family: inherit; font-size: 1em;\">Quan ens centrem en all\u00f2 tan anal\u00edtic, tot perd el sentit, llueix a mitges&#8230; <\/span><\/p>\n<p><span style=\"font-family: inherit; font-size: 1em;\">Avui, a l&#8217;escola hem fet un conte caminat, un conte segmentat en parts que juntes han fet un tot,&#8230; Expressi\u00f3, manipulaci\u00f3, reflexi\u00f3, presentaci\u00f3,&#8230; L&#8217;hem gaudit. I vosaltres? <\/span><\/p>\n<p>&nbsp;<\/p>\n<p><a href=\"https:\/\/agora.xtec.cat\/escolatorrelameu\/wp-content\/uploads\/usu2232\/2021\/12\/WhatsApp-Image-2021-12-25-at-12.44.33.jpg\"><img loading=\"lazy\" decoding=\"async\" class=\"wp-image-1266 aligncenter\" src=\"https:\/\/agora.xtec.cat\/escolatorrelameu\/wp-content\/uploads\/usu2232\/2021\/12\/WhatsApp-Image-2021-12-25-at-12.44.33-1024x1024.jpg\" alt=\"\" width=\"596\" height=\"596\" srcset=\"https:\/\/agora.xtec.cat\/escolatorrelameu\/wp-content\/uploads\/usu2232\/2021\/12\/WhatsApp-Image-2021-12-25-at-12.44.33-1024x1024.jpg 1024w, https:\/\/agora.xtec.cat\/escolatorrelameu\/wp-content\/uploads\/usu2232\/2021\/12\/WhatsApp-Image-2021-12-25-at-12.44.33-300x300.jpg 300w, https:\/\/agora.xtec.cat\/escolatorrelameu\/wp-content\/uploads\/usu2232\/2021\/12\/WhatsApp-Image-2021-12-25-at-12.44.33-150x150.jpg 150w, https:\/\/agora.xtec.cat\/escolatorrelameu\/wp-content\/uploads\/usu2232\/2021\/12\/WhatsApp-Image-2021-12-25-at-12.44.33-768x768.jpg 768w, https:\/\/agora.xtec.cat\/escolatorrelameu\/wp-content\/uploads\/usu2232\/2021\/12\/WhatsApp-Image-2021-12-25-at-12.44.33.jpg 1052w\" sizes=\"auto, (max-width: 596px) 100vw, 596px\" \/><\/a><\/p>\n<p>&nbsp;<\/p>\n<p><span style=\"font-family: inherit; font-size: 1em;\">Us desitgem bones festes d&#8217;hivern<\/span><\/p>\n","protected":false},"excerpt":{"rendered":"<p>Una estella del firmament,&#8230;<br \/>\nUn arbre del bosc,&#8230;<br \/>\nUna muntanya de la serralada,&#8230;<br \/>\nUn embolic de la troca de llana,&#8230;<br \/>\nUn p\u00e8l de c\u00e9rvol&#8230;<br \/>\nLa part que es veu de l&#8217;iceberg,&#8230;<br \/>\nUn peix de l&#8217;oce\u00e0,&#8230;<br \/>\nUna llavor de pi,&#8230;<br \/>\n&nbsp;<br \/>\nNom\u00e9s s\u00f3n parts, parts petites, \u00ednfimes, insignificants per si soles,&#8230; Quan ens centrem en&hellip;  <a href=\"https:\/\/agora.xtec.cat\/escolatorrelameu\/general\/conte-caminat\/\" title=\"Read Conte caminat\">Llegeix m\u00e9s\u00bb<\/a><\/p>\n","protected":false},"author":1,"featured_media":1266,"comment_status":"open","ping_status":"closed","sticky":false,"template":"","format":"standard","meta":{"_bbp_topic_count":0,"_bbp_reply_count":0,"_bbp_total_topic_count":0,"_bbp_total_reply_count":0,"_bbp_voice_count":0,"_bbp_anonymous_reply_count":0,"_bbp_topic_count_hidden":0,"_bbp_reply_count_hidden":0,"_bbp_forum_subforum_count":0,"footnotes":""},"categories":[1],"tags":[],"class_list":["post-1264","post","type-post","status-publish","format-standard","has-post-thumbnail","hentry","category-general"],"post_mailing_queue_ids":[],"_links":{"self":[{"href":"https:\/\/agora.xtec.cat\/escolatorrelameu\/wp-json\/wp\/v2\/posts\/1264","targetHints":{"allow":["GET"]}}],"collection":[{"href":"https:\/\/agora.xtec.cat\/escolatorrelameu\/wp-json\/wp\/v2\/posts"}],"about":[{"href":"https:\/\/agora.xtec.cat\/escolatorrelameu\/wp-json\/wp\/v2\/types\/post"}],"author":[{"embeddable":true,"href":"https:\/\/agora.xtec.cat\/escolatorrelameu\/wp-json\/wp\/v2\/users\/1"}],"replies":[{"embeddable":true,"href":"https:\/\/agora.xtec.cat\/escolatorrelameu\/wp-json\/wp\/v2\/comments?post=1264"}],"version-history":[{"count":2,"href":"https:\/\/agora.xtec.cat\/escolatorrelameu\/wp-json\/wp\/v2\/posts\/1264\/revisions"}],"predecessor-version":[{"id":1268,"href":"https:\/\/agora.xtec.cat\/escolatorrelameu\/wp-json\/wp\/v2\/posts\/1264\/revisions\/1268"}],"wp:featuredmedia":[{"embeddable":true,"href":"https:\/\/agora.xtec.cat\/escolatorrelameu\/wp-json\/wp\/v2\/media\/1266"}],"wp:attachment":[{"href":"https:\/\/agora.xtec.cat\/escolatorrelameu\/wp-json\/wp\/v2\/media?parent=1264"}],"wp:term":[{"taxonomy":"category","embeddable":true,"href":"https:\/\/agora.xtec.cat\/escolatorrelameu\/wp-json\/wp\/v2\/categories?post=1264"},{"taxonomy":"post_tag","embeddable":true,"href":"https:\/\/agora.xtec.cat\/escolatorrelameu\/wp-json\/wp\/v2\/tags?post=1264"}],"curies":[{"name":"wp","href":"https:\/\/api.w.org\/{rel}","templated":true}]}}