{"id":1068,"date":"2021-11-16T13:34:13","date_gmt":"2021-11-16T12:34:13","guid":{"rendered":"https:\/\/agora.xtec.cat\/escolatorrelameu\/?p=1068"},"modified":"2021-11-16T13:34:13","modified_gmt":"2021-11-16T12:34:13","slug":"the-past-tense","status":"publish","type":"post","link":"https:\/\/agora.xtec.cat\/escolatorrelameu\/general\/the-past-tense\/","title":{"rendered":"THE PAST TENSE"},"content":{"rendered":"<div><\/div>\n<div>\n<p>In our English lessons we are now practising the use of the past tense. One of the proposals has been to carry out an Internet research to complete a quiz on famous people in history: Who were they? What did they do?&#8230;\u00a0 It has been a highly motivating activity which has helped us learn grammar content by means of other people&#8217;s lives and facts, in a fun and engaging way.<\/p>\n<p>&nbsp;<\/p>\n<p>A les sessions d&#8217;angl\u00e8s aquests dies estem practicant l&#8217;\u00fas dels verbs en temps passat. Una de les propostes ha estat dur a terme una recerca a Internet per tal de completar un q\u00fcestionari sobre personatges famosos de la hist\u00f2ria. Qui van ser? Qu\u00e8 van fer?&#8230; Ha estat una activitat que ens ha motivat molt i que ha contribu\u00eft a que aprenguem contingut de gram\u00e0tica a trav\u00e9s de la vida i fets d&#8217;altra gent, de forma entretinguda i engrescadora.<\/p>\n<p>&nbsp;<\/p>\n<\/div>\n<div><\/div>\n<div><\/div>\n<div><a href=\"https:\/\/agora.xtec.cat\/escolatorrelameu\/wp-content\/uploads\/usu2232\/2021\/11\/angles-1.jpg\"><img loading=\"lazy\" decoding=\"async\" class=\"aligncenter wp-image-1069 size-large\" src=\"https:\/\/agora.xtec.cat\/escolatorrelameu\/wp-content\/uploads\/usu2232\/2021\/11\/angles-1-1024x768.jpg\" alt=\"\" width=\"1024\" height=\"768\" srcset=\"https:\/\/agora.xtec.cat\/escolatorrelameu\/wp-content\/uploads\/usu2232\/2021\/11\/angles-1-1024x768.jpg 1024w, https:\/\/agora.xtec.cat\/escolatorrelameu\/wp-content\/uploads\/usu2232\/2021\/11\/angles-1-300x225.jpg 300w, https:\/\/agora.xtec.cat\/escolatorrelameu\/wp-content\/uploads\/usu2232\/2021\/11\/angles-1-768x576.jpg 768w, https:\/\/agora.xtec.cat\/escolatorrelameu\/wp-content\/uploads\/usu2232\/2021\/11\/angles-1-1536x1152.jpg 1536w, https:\/\/agora.xtec.cat\/escolatorrelameu\/wp-content\/uploads\/usu2232\/2021\/11\/angles-1-2048x1536.jpg 2048w, https:\/\/agora.xtec.cat\/escolatorrelameu\/wp-content\/uploads\/usu2232\/2021\/11\/angles-1-200x150.jpg 200w\" sizes=\"auto, (max-width: 1024px) 100vw, 1024px\" \/><\/a><\/div>\n<div><\/div>\n<div><\/div>\n<div><\/div>\n<div><\/div>\n<div><\/div>\n<div><a href=\"https:\/\/agora.xtec.cat\/escolatorrelameu\/wp-content\/uploads\/usu2232\/2021\/11\/angles-2.jpg\"><img loading=\"lazy\" decoding=\"async\" class=\"aligncenter wp-image-1070 size-large\" src=\"https:\/\/agora.xtec.cat\/escolatorrelameu\/wp-content\/uploads\/usu2232\/2021\/11\/angles-2-1024x768.jpg\" alt=\"\" width=\"1024\" height=\"768\" srcset=\"https:\/\/agora.xtec.cat\/escolatorrelameu\/wp-content\/uploads\/usu2232\/2021\/11\/angles-2-1024x768.jpg 1024w, https:\/\/agora.xtec.cat\/escolatorrelameu\/wp-content\/uploads\/usu2232\/2021\/11\/angles-2-300x225.jpg 300w, https:\/\/agora.xtec.cat\/escolatorrelameu\/wp-content\/uploads\/usu2232\/2021\/11\/angles-2-768x576.jpg 768w, https:\/\/agora.xtec.cat\/escolatorrelameu\/wp-content\/uploads\/usu2232\/2021\/11\/angles-2-1536x1152.jpg 1536w, https:\/\/agora.xtec.cat\/escolatorrelameu\/wp-content\/uploads\/usu2232\/2021\/11\/angles-2-2048x1536.jpg 2048w, https:\/\/agora.xtec.cat\/escolatorrelameu\/wp-content\/uploads\/usu2232\/2021\/11\/angles-2-200x150.jpg 200w\" sizes=\"auto, (max-width: 1024px) 100vw, 1024px\" \/><\/a><\/div>\n<div><\/div>\n<div><\/div>\n<div><\/div>\n<div><\/div>\n<div><\/div>\n<div><\/div>\n<div><\/div>\n<div><\/div>\n<div><a href=\"https:\/\/agora.xtec.cat\/escolatorrelameu\/wp-content\/uploads\/usu2232\/2021\/11\/angles-3.jpg\"><img loading=\"lazy\" decoding=\"async\" class=\"aligncenter wp-image-1071 size-large\" src=\"https:\/\/agora.xtec.cat\/escolatorrelameu\/wp-content\/uploads\/usu2232\/2021\/11\/angles-3-1024x768.jpg\" alt=\"\" width=\"1024\" height=\"768\" srcset=\"https:\/\/agora.xtec.cat\/escolatorrelameu\/wp-content\/uploads\/usu2232\/2021\/11\/angles-3-1024x768.jpg 1024w, https:\/\/agora.xtec.cat\/escolatorrelameu\/wp-content\/uploads\/usu2232\/2021\/11\/angles-3-300x225.jpg 300w, https:\/\/agora.xtec.cat\/escolatorrelameu\/wp-content\/uploads\/usu2232\/2021\/11\/angles-3-768x576.jpg 768w, https:\/\/agora.xtec.cat\/escolatorrelameu\/wp-content\/uploads\/usu2232\/2021\/11\/angles-3-1536x1152.jpg 1536w, https:\/\/agora.xtec.cat\/escolatorrelameu\/wp-content\/uploads\/usu2232\/2021\/11\/angles-3-2048x1536.jpg 2048w, https:\/\/agora.xtec.cat\/escolatorrelameu\/wp-content\/uploads\/usu2232\/2021\/11\/angles-3-200x150.jpg 200w\" sizes=\"auto, (max-width: 1024px) 100vw, 1024px\" \/><\/a><\/div>\n","protected":false},"excerpt":{"rendered":"<p>In our English lessons we are now practising the use of the past tense. One of the proposals has been to carry out an Internet research to complete a quiz on famous people in history: Who were they? What did they do?&#8230;\u00a0 It has been&hellip;  <a href=\"https:\/\/agora.xtec.cat\/escolatorrelameu\/general\/the-past-tense\/\" title=\"Read THE PAST TENSE\">Llegeix m\u00e9s\u00bb<\/a><\/p>\n","protected":false},"author":7,"featured_media":0,"comment_status":"open","ping_status":"closed","sticky":false,"template":"","format":"standard","meta":{"_bbp_topic_count":0,"_bbp_reply_count":0,"_bbp_total_topic_count":0,"_bbp_total_reply_count":0,"_bbp_voice_count":0,"_bbp_anonymous_reply_count":0,"_bbp_topic_count_hidden":0,"_bbp_reply_count_hidden":0,"_bbp_forum_subforum_count":0,"footnotes":""},"categories":[1,63,5],"tags":[106],"class_list":["post-1068","post","type-post","status-publish","format-standard","hentry","category-general","category-grans","category-primaria","tag-angles"],"post_mailing_queue_ids":[],"_links":{"self":[{"href":"https:\/\/agora.xtec.cat\/escolatorrelameu\/wp-json\/wp\/v2\/posts\/1068","targetHints":{"allow":["GET"]}}],"collection":[{"href":"https:\/\/agora.xtec.cat\/escolatorrelameu\/wp-json\/wp\/v2\/posts"}],"about":[{"href":"https:\/\/agora.xtec.cat\/escolatorrelameu\/wp-json\/wp\/v2\/types\/post"}],"author":[{"embeddable":true,"href":"https:\/\/agora.xtec.cat\/escolatorrelameu\/wp-json\/wp\/v2\/users\/7"}],"replies":[{"embeddable":true,"href":"https:\/\/agora.xtec.cat\/escolatorrelameu\/wp-json\/wp\/v2\/comments?post=1068"}],"version-history":[{"count":3,"href":"https:\/\/agora.xtec.cat\/escolatorrelameu\/wp-json\/wp\/v2\/posts\/1068\/revisions"}],"predecessor-version":[{"id":1074,"href":"https:\/\/agora.xtec.cat\/escolatorrelameu\/wp-json\/wp\/v2\/posts\/1068\/revisions\/1074"}],"wp:attachment":[{"href":"https:\/\/agora.xtec.cat\/escolatorrelameu\/wp-json\/wp\/v2\/media?parent=1068"}],"wp:term":[{"taxonomy":"category","embeddable":true,"href":"https:\/\/agora.xtec.cat\/escolatorrelameu\/wp-json\/wp\/v2\/categories?post=1068"},{"taxonomy":"post_tag","embeddable":true,"href":"https:\/\/agora.xtec.cat\/escolatorrelameu\/wp-json\/wp\/v2\/tags?post=1068"}],"curies":[{"name":"wp","href":"https:\/\/api.w.org\/{rel}","templated":true}]}}