{"id":9719,"date":"2025-04-24T16:47:58","date_gmt":"2025-04-24T14:47:58","guid":{"rendered":"https:\/\/agora.xtec.cat\/escolataularodona\/?p=9719"},"modified":"2025-04-24T21:44:56","modified_gmt":"2025-04-24T19:44:56","slug":"felic-dia-de-sant-jordi","status":"publish","type":"post","link":"https:\/\/agora.xtec.cat\/escolataularodona\/general\/felic-dia-de-sant-jordi\/","title":{"rendered":"FELI\u00c7 DIA DE SANT JORDI!"},"content":{"rendered":"<p data-pm-slice=\"1 1 []\"><img loading=\"lazy\" decoding=\"async\" class=\"size-full wp-image-9724 aligncenter\" src=\"https:\/\/agora.xtec.cat\/escolataularodona\/wp-content\/uploads\/usu722\/2025\/04\/22.png\" alt=\"\" width=\"441\" height=\"311\" srcset=\"https:\/\/agora.xtec.cat\/escolataularodona\/wp-content\/uploads\/usu722\/2025\/04\/22.png 441w, https:\/\/agora.xtec.cat\/escolataularodona\/wp-content\/uploads\/usu722\/2025\/04\/22-300x212.png 300w\" sizes=\"auto, (max-width: 441px) 100vw, 441px\" \/><\/p>\n<p data-pm-slice=\"1 1 []\">Aquest curs hem celebrat SANT JORDI d&#8217;una manera molt especial!<\/p>\n<p>L&#8217;alumnat de la nostra escola ha participat en un taller de poesia! Hem fet lectura del poema &#8220;La llegenda de sant Jordi&#8221; de l&#8217;autor <em>Llu\u00eds Farr\u00e9 i Merc\u00e8 Canals<\/em> i l&#8217;hem representat!<\/p>\n<p>A m\u00e9s a m\u00e9s, hem volgut despertar la nostra creativitat il\u00b7lustrant cadascun dels seus versos per decorar la nostra escola!<\/p>\n<p><img loading=\"lazy\" decoding=\"async\" class=\"size-full wp-image-9723 aligncenter\" src=\"https:\/\/agora.xtec.cat\/escolataularodona\/wp-content\/uploads\/usu722\/2025\/04\/11.png\" alt=\"\" width=\"272\" height=\"363\" srcset=\"https:\/\/agora.xtec.cat\/escolataularodona\/wp-content\/uploads\/usu722\/2025\/04\/11.png 272w, https:\/\/agora.xtec.cat\/escolataularodona\/wp-content\/uploads\/usu722\/2025\/04\/11-225x300.png 225w\" sizes=\"auto, (max-width: 272px) 100vw, 272px\" \/><\/p>\n<p>Durant la mateixa setmana els diferents cursos han creat diverses manualitats per tal de familiaritzar-se amb la llegenda de sant Jordi. Ha estat un dia molt divertit!<\/p>\n<p><img loading=\"lazy\" decoding=\"async\" class=\"alignnone size-full wp-image-9725\" src=\"https:\/\/agora.xtec.cat\/escolataularodona\/wp-content\/uploads\/usu722\/2025\/04\/33.png\" alt=\"\" width=\"694\" height=\"301\" srcset=\"https:\/\/agora.xtec.cat\/escolataularodona\/wp-content\/uploads\/usu722\/2025\/04\/33.png 694w, https:\/\/agora.xtec.cat\/escolataularodona\/wp-content\/uploads\/usu722\/2025\/04\/33-300x130.png 300w\" sizes=\"auto, (max-width: 694px) 100vw, 694px\" \/><\/p>\n<p><img loading=\"lazy\" decoding=\"async\" class=\"alignnone size-full wp-image-9726\" src=\"https:\/\/agora.xtec.cat\/escolataularodona\/wp-content\/uploads\/usu722\/2025\/04\/44.png\" alt=\"\" width=\"555\" height=\"243\" srcset=\"https:\/\/agora.xtec.cat\/escolataularodona\/wp-content\/uploads\/usu722\/2025\/04\/44.png 555w, https:\/\/agora.xtec.cat\/escolataularodona\/wp-content\/uploads\/usu722\/2025\/04\/44-300x131.png 300w\" sizes=\"auto, (max-width: 555px) 100vw, 555px\" \/><\/p>\n<p>FELI\u00c7 DIA DE SANT JORDI<\/p>\n","protected":false},"excerpt":{"rendered":"<p>Aquest curs hem celebrat SANT JORDI d&#8217;una manera molt especial!<br \/>\nL&#8217;alumnat de la nostra escola ha participat en un taller de poesia! Hem fet lectura del poema &#8220;La llegenda de sant Jordi&#8221; de l&#8217;autor Llu\u00eds Farr\u00e9 i Merc\u00e8 Canals i l&#8217;hem representat!<br \/>\nA m\u00e9s a m\u00e9s, hem&hellip;  <a href=\"https:\/\/agora.xtec.cat\/escolataularodona\/general\/felic-dia-de-sant-jordi\/\" title=\"Read FELI\u00c7 DIA DE SANT JORDI!\">Llegeix m\u00e9s\u00bb<\/a><\/p>\n","protected":false},"author":18,"featured_media":9723,"comment_status":"closed","ping_status":"closed","sticky":false,"template":"","format":"standard","meta":{"_bbp_topic_count":0,"_bbp_reply_count":0,"_bbp_total_topic_count":0,"_bbp_total_reply_count":0,"_bbp_voice_count":0,"_bbp_anonymous_reply_count":0,"_bbp_topic_count_hidden":0,"_bbp_reply_count_hidden":0,"_bbp_forum_subforum_count":0,"footnotes":""},"categories":[10,11,12,13,14,15,70,1,76],"tags":[],"class_list":["post-9719","post","type-post","status-publish","format-standard","has-post-thumbnail","hentry","category-1r","category-2n","category-3r","category-4t","category-5e","category-6e","category-arts","category-general","category-prim"],"post_mailing_queue_ids":[],"_links":{"self":[{"href":"https:\/\/agora.xtec.cat\/escolataularodona\/wp-json\/wp\/v2\/posts\/9719","targetHints":{"allow":["GET"]}}],"collection":[{"href":"https:\/\/agora.xtec.cat\/escolataularodona\/wp-json\/wp\/v2\/posts"}],"about":[{"href":"https:\/\/agora.xtec.cat\/escolataularodona\/wp-json\/wp\/v2\/types\/post"}],"author":[{"embeddable":true,"href":"https:\/\/agora.xtec.cat\/escolataularodona\/wp-json\/wp\/v2\/users\/18"}],"replies":[{"embeddable":true,"href":"https:\/\/agora.xtec.cat\/escolataularodona\/wp-json\/wp\/v2\/comments?post=9719"}],"version-history":[{"count":5,"href":"https:\/\/agora.xtec.cat\/escolataularodona\/wp-json\/wp\/v2\/posts\/9719\/revisions"}],"predecessor-version":[{"id":9729,"href":"https:\/\/agora.xtec.cat\/escolataularodona\/wp-json\/wp\/v2\/posts\/9719\/revisions\/9729"}],"wp:featuredmedia":[{"embeddable":true,"href":"https:\/\/agora.xtec.cat\/escolataularodona\/wp-json\/wp\/v2\/media\/9723"}],"wp:attachment":[{"href":"https:\/\/agora.xtec.cat\/escolataularodona\/wp-json\/wp\/v2\/media?parent=9719"}],"wp:term":[{"taxonomy":"category","embeddable":true,"href":"https:\/\/agora.xtec.cat\/escolataularodona\/wp-json\/wp\/v2\/categories?post=9719"},{"taxonomy":"post_tag","embeddable":true,"href":"https:\/\/agora.xtec.cat\/escolataularodona\/wp-json\/wp\/v2\/tags?post=9719"}],"curies":[{"name":"wp","href":"https:\/\/api.w.org\/{rel}","templated":true}]}}