{"id":9705,"date":"2025-04-22T16:35:15","date_gmt":"2025-04-22T14:35:15","guid":{"rendered":"https:\/\/agora.xtec.cat\/escolataularodona\/?p=9705"},"modified":"2025-04-22T16:35:15","modified_gmt":"2025-04-22T14:35:15","slug":"dia-de-lart-15-dabril","status":"publish","type":"post","link":"https:\/\/agora.xtec.cat\/escolataularodona\/general\/dia-de-lart-15-dabril\/","title":{"rendered":"DIA DE L\u2019ART  (15 D\u2019ABRIL)"},"content":{"rendered":"<p><img loading=\"lazy\" decoding=\"async\" class=\"alignnone size-full wp-image-9706 aligncenter\" src=\"https:\/\/agora.xtec.cat\/escolataularodona\/wp-content\/uploads\/usu722\/2025\/04\/1.png\" alt=\"\" width=\"314\" height=\"298\" srcset=\"https:\/\/agora.xtec.cat\/escolataularodona\/wp-content\/uploads\/usu722\/2025\/04\/1.png 314w, https:\/\/agora.xtec.cat\/escolataularodona\/wp-content\/uploads\/usu722\/2025\/04\/1-300x285.png 300w\" sizes=\"auto, (max-width: 314px) 100vw, 314px\" \/><\/p>\n<p><b>AQUEST CURS HEM VOLGUT INICIAR-NOS EN LA CELEBRACI\u00d3 DEL DIA DE L\u2019ART!\u00a0 LA VERITAT \u00c9S QUE HEM TINGUT MOLTA SORT PERQU\u00c8 ENS HA VINGUT A VISITAR L\u2019ESCULTOR DIEGO IVERN\u00d3N\u00a0 I SABEU QU\u00c8?&#8230; \u00c9S L\u2019AVI D\u2019UNA ALUMNA DE PRIMER DE LA NOSTRA ESCOLA!<\/b><\/p>\n<p><img loading=\"lazy\" decoding=\"async\" class=\"alignnone size-full wp-image-9707 aligncenter\" src=\"https:\/\/agora.xtec.cat\/escolataularodona\/wp-content\/uploads\/usu722\/2025\/04\/2.png\" alt=\"\" width=\"293\" height=\"301\" \/><\/p>\n<p><b>HA SIGUT UNA EXPERI\u00c8NCIA SUPER XULA, JA QUE HEM APR\u00c8S QU\u00c8 \u00c9S UNA ESCULTURA, LES EINES QUE S\u2019UTILITZEN PER DONAR-LI FORMA I HEM VIST TOTS ELS PASSOS QUE S\u2019HAN DE FER PER ACABAR-LA, CARAI QUINA FEINADA!\u00a0<\/b><\/p>\n<p><img loading=\"lazy\" decoding=\"async\" class=\"wp-image-9708 alignleft\" src=\"https:\/\/agora.xtec.cat\/escolataularodona\/wp-content\/uploads\/usu722\/2025\/04\/3.png\" alt=\"\" width=\"199\" height=\"281\" srcset=\"https:\/\/agora.xtec.cat\/escolataularodona\/wp-content\/uploads\/usu722\/2025\/04\/3.png 261w, https:\/\/agora.xtec.cat\/escolataularodona\/wp-content\/uploads\/usu722\/2025\/04\/3-213x300.png 213w\" sizes=\"auto, (max-width: 199px) 100vw, 199px\" \/> <img loading=\"lazy\" decoding=\"async\" class=\"wp-image-9709 alignright\" src=\"https:\/\/agora.xtec.cat\/escolataularodona\/wp-content\/uploads\/usu722\/2025\/04\/4.png\" alt=\"\" width=\"202\" height=\"240\" srcset=\"https:\/\/agora.xtec.cat\/escolataularodona\/wp-content\/uploads\/usu722\/2025\/04\/4.png 260w, https:\/\/agora.xtec.cat\/escolataularodona\/wp-content\/uploads\/usu722\/2025\/04\/4-252x300.png 252w\" sizes=\"auto, (max-width: 202px) 100vw, 202px\" \/> <img loading=\"lazy\" decoding=\"async\" class=\"wp-image-9710 aligncenter\" src=\"https:\/\/agora.xtec.cat\/escolataularodona\/wp-content\/uploads\/usu722\/2025\/04\/5.png\" alt=\"\" width=\"449\" height=\"223\" srcset=\"https:\/\/agora.xtec.cat\/escolataularodona\/wp-content\/uploads\/usu722\/2025\/04\/5.png 524w, https:\/\/agora.xtec.cat\/escolataularodona\/wp-content\/uploads\/usu722\/2025\/04\/5-300x149.png 300w\" sizes=\"auto, (max-width: 449px) 100vw, 449px\" \/><\/p>\n<p>&nbsp;<\/p>\n<p><b>A CONTINUACI\u00d3 HEM FET UNA LECTURA DE LES SEVES ESCULTURES MITJAN\u00c7ANT UN JOC ON HAV\u00cdEM D\u2019ESBRINAR QU\u00c8 REPRESENTAVA CADASCUNA I ENS HEM ADONAT&#8230; QUE SOM FOR\u00c7A CREATIUS! <\/b><\/p>\n<p><img loading=\"lazy\" decoding=\"async\" class=\"alignnone wp-image-9711\" src=\"https:\/\/agora.xtec.cat\/escolataularodona\/wp-content\/uploads\/usu722\/2025\/04\/8.png\" alt=\"\" width=\"274\" height=\"188\" srcset=\"https:\/\/agora.xtec.cat\/escolataularodona\/wp-content\/uploads\/usu722\/2025\/04\/8.png 389w, https:\/\/agora.xtec.cat\/escolataularodona\/wp-content\/uploads\/usu722\/2025\/04\/8-300x206.png 300w\" sizes=\"auto, (max-width: 274px) 100vw, 274px\" \/> <img loading=\"lazy\" decoding=\"async\" class=\"alignnone wp-image-9712\" src=\"https:\/\/agora.xtec.cat\/escolataularodona\/wp-content\/uploads\/usu722\/2025\/04\/9.png\" alt=\"\" width=\"279\" height=\"158\" srcset=\"https:\/\/agora.xtec.cat\/escolataularodona\/wp-content\/uploads\/usu722\/2025\/04\/9.png 506w, https:\/\/agora.xtec.cat\/escolataularodona\/wp-content\/uploads\/usu722\/2025\/04\/9-300x170.png 300w\" sizes=\"auto, (max-width: 279px) 100vw, 279px\" \/><\/p>\n<p><b>A M\u00c9S A M\u00c9S, HEM DIBUIXAT EN UN CLAUER QUINA \u00c9S L\u2019ESCULTURA QUE M\u00c9S ENS HA AGRADAT. HA ESTAT MOLT DIVERTIT!<\/b><\/p>\n<p><b>I PER ACABAR\u2026 HEM REPRESENTAT UNA DE LES SEVES ESCULTURES!<\/b><\/p>\n<p><img loading=\"lazy\" decoding=\"async\" class=\"alignnone wp-image-9713\" src=\"https:\/\/agora.xtec.cat\/escolataularodona\/wp-content\/uploads\/usu722\/2025\/04\/12.png\" alt=\"\" width=\"209\" height=\"276\" srcset=\"https:\/\/agora.xtec.cat\/escolataularodona\/wp-content\/uploads\/usu722\/2025\/04\/12.png 306w, https:\/\/agora.xtec.cat\/escolataularodona\/wp-content\/uploads\/usu722\/2025\/04\/12-227x300.png 227w\" sizes=\"auto, (max-width: 209px) 100vw, 209px\" \/>\u00a0 \u00a0 \u00a0 \u00a0 \u00a0 \u00a0 \u00a0 \u00a0 <img loading=\"lazy\" decoding=\"async\" class=\"alignnone wp-image-9714\" src=\"https:\/\/agora.xtec.cat\/escolataularodona\/wp-content\/uploads\/usu722\/2025\/04\/13.png\" alt=\"\" width=\"220\" height=\"278\" srcset=\"https:\/\/agora.xtec.cat\/escolataularodona\/wp-content\/uploads\/usu722\/2025\/04\/13.png 302w, https:\/\/agora.xtec.cat\/escolataularodona\/wp-content\/uploads\/usu722\/2025\/04\/13-238x300.png 238w\" sizes=\"auto, (max-width: 220px) 100vw, 220px\" \/><\/p>\n<p>&nbsp;<\/p>\n<p>&nbsp;<\/p>\n","protected":false},"excerpt":{"rendered":"<p>AQUEST CURS HEM VOLGUT INICIAR-NOS EN LA CELEBRACI\u00d3 DEL DIA DE L\u2019ART!\u00a0 LA VERITAT \u00c9S QUE HEM TINGUT MOLTA SORT PERQU\u00c8 ENS HA VINGUT A VISITAR L\u2019ESCULTOR DIEGO IVERN\u00d3N\u00a0 I SABEU QU\u00c8?&#8230; \u00c9S L\u2019AVI D\u2019UNA ALUMNA DE PRIMER DE LA NOSTRA ESCOLA!<\/p>\n<p>HA SIGUT UNA EXPERI\u00c8NCIA&hellip;  <a href=\"https:\/\/agora.xtec.cat\/escolataularodona\/general\/dia-de-lart-15-dabril\/\" title=\"Read DIA DE L\u2019ART  (15 D\u2019ABRIL)\">Llegeix m\u00e9s\u00bb<\/a><\/p>\n","protected":false},"author":18,"featured_media":9715,"comment_status":"closed","ping_status":"closed","sticky":false,"template":"","format":"standard","meta":{"_bbp_topic_count":0,"_bbp_reply_count":0,"_bbp_total_topic_count":0,"_bbp_total_reply_count":0,"_bbp_voice_count":0,"_bbp_anonymous_reply_count":0,"_bbp_topic_count_hidden":0,"_bbp_reply_count_hidden":0,"_bbp_forum_subforum_count":0,"footnotes":""},"categories":[10,70,1,76],"tags":[],"class_list":["post-9705","post","type-post","status-publish","format-standard","has-post-thumbnail","hentry","category-1r","category-arts","category-general","category-prim"],"post_mailing_queue_ids":[],"_links":{"self":[{"href":"https:\/\/agora.xtec.cat\/escolataularodona\/wp-json\/wp\/v2\/posts\/9705","targetHints":{"allow":["GET"]}}],"collection":[{"href":"https:\/\/agora.xtec.cat\/escolataularodona\/wp-json\/wp\/v2\/posts"}],"about":[{"href":"https:\/\/agora.xtec.cat\/escolataularodona\/wp-json\/wp\/v2\/types\/post"}],"author":[{"embeddable":true,"href":"https:\/\/agora.xtec.cat\/escolataularodona\/wp-json\/wp\/v2\/users\/18"}],"replies":[{"embeddable":true,"href":"https:\/\/agora.xtec.cat\/escolataularodona\/wp-json\/wp\/v2\/comments?post=9705"}],"version-history":[{"count":3,"href":"https:\/\/agora.xtec.cat\/escolataularodona\/wp-json\/wp\/v2\/posts\/9705\/revisions"}],"predecessor-version":[{"id":9718,"href":"https:\/\/agora.xtec.cat\/escolataularodona\/wp-json\/wp\/v2\/posts\/9705\/revisions\/9718"}],"wp:featuredmedia":[{"embeddable":true,"href":"https:\/\/agora.xtec.cat\/escolataularodona\/wp-json\/wp\/v2\/media\/9715"}],"wp:attachment":[{"href":"https:\/\/agora.xtec.cat\/escolataularodona\/wp-json\/wp\/v2\/media?parent=9705"}],"wp:term":[{"taxonomy":"category","embeddable":true,"href":"https:\/\/agora.xtec.cat\/escolataularodona\/wp-json\/wp\/v2\/categories?post=9705"},{"taxonomy":"post_tag","embeddable":true,"href":"https:\/\/agora.xtec.cat\/escolataularodona\/wp-json\/wp\/v2\/tags?post=9705"}],"curies":[{"name":"wp","href":"https:\/\/api.w.org\/{rel}","templated":true}]}}