{"id":9680,"date":"2025-03-07T16:43:42","date_gmt":"2025-03-07T15:43:42","guid":{"rendered":"https:\/\/agora.xtec.cat\/escolataularodona\/?p=9680"},"modified":"2025-03-07T16:43:42","modified_gmt":"2025-03-07T15:43:42","slug":"dia-de-la-dona-new-world-led-by-women","status":"publish","type":"post","link":"https:\/\/agora.xtec.cat\/escolataularodona\/general\/dia-de-la-dona-new-world-led-by-women\/","title":{"rendered":"DIA DE LA DONA &#8220;NEW WORLD LED BY WOMEN&#8221;"},"content":{"rendered":"<p><img loading=\"lazy\" decoding=\"async\" class=\"size-full wp-image-9682 aligncenter\" src=\"https:\/\/agora.xtec.cat\/escolataularodona\/wp-content\/uploads\/usu722\/2025\/02\/Captura-de-pantalla-2025-03-05-102159.png\" alt=\"\" width=\"220\" height=\"252\" \/><\/p>\n<p><b>Taller Niki de Saint Phalle<\/b><\/p>\n<p>En aquest taller us convidem a celebrar el dia de la dona tot fent un mural col\u00b7lectiu de siluetes de figures femenines dansant i ballant. Les pintarem de colors vius i alegres, inspirant-nos en l\u2019imaginari de l\u2019artista francesa Niki de Saint Phalle.<\/p>\n<p><img loading=\"lazy\" decoding=\"async\" class=\"alignnone wp-image-9694\" src=\"https:\/\/agora.xtec.cat\/escolataularodona\/wp-content\/uploads\/usu722\/2025\/03\/Captura-de-pantalla-2025-03-07-160754.png\" alt=\"\" width=\"251\" height=\"143\" srcset=\"https:\/\/agora.xtec.cat\/escolataularodona\/wp-content\/uploads\/usu722\/2025\/03\/Captura-de-pantalla-2025-03-07-160754.png 652w, https:\/\/agora.xtec.cat\/escolataularodona\/wp-content\/uploads\/usu722\/2025\/03\/Captura-de-pantalla-2025-03-07-160754-300x171.png 300w\" sizes=\"auto, (max-width: 251px) 100vw, 251px\" \/> <img loading=\"lazy\" decoding=\"async\" class=\" wp-image-9696 alignright\" src=\"https:\/\/agora.xtec.cat\/escolataularodona\/wp-content\/uploads\/usu722\/2025\/03\/Captura-de-pantalla-2025-03-07-164012.png\" alt=\"\" width=\"285\" height=\"135\" srcset=\"https:\/\/agora.xtec.cat\/escolataularodona\/wp-content\/uploads\/usu722\/2025\/03\/Captura-de-pantalla-2025-03-07-164012.png 691w, https:\/\/agora.xtec.cat\/escolataularodona\/wp-content\/uploads\/usu722\/2025\/03\/Captura-de-pantalla-2025-03-07-164012-300x142.png 300w\" sizes=\"auto, (max-width: 285px) 100vw, 285px\" \/><span style=\"font-family: inherit;font-size: 1em\">\u00a0<\/span><\/p>\n<p><img loading=\"lazy\" decoding=\"async\" class=\"wp-image-9695 aligncenter\" style=\"font-family: inherit;font-size: 1em\" src=\"https:\/\/agora.xtec.cat\/escolataularodona\/wp-content\/uploads\/usu722\/2025\/03\/Captura-de-pantalla-2025-03-07-164032.png\" alt=\"\" width=\"333\" height=\"406\" srcset=\"https:\/\/agora.xtec.cat\/escolataularodona\/wp-content\/uploads\/usu722\/2025\/03\/Captura-de-pantalla-2025-03-07-164032.png 396w, https:\/\/agora.xtec.cat\/escolataularodona\/wp-content\/uploads\/usu722\/2025\/03\/Captura-de-pantalla-2025-03-07-164032-245x300.png 245w\" sizes=\"auto, (max-width: 333px) 100vw, 333px\" \/><span style=\"font-family: inherit;font-size: 1em\">\u00a0<\/span><\/p>\n<p><img loading=\"lazy\" decoding=\"async\" class=\"alignnone size-full wp-image-9688\" src=\"https:\/\/agora.xtec.cat\/escolataularodona\/wp-content\/uploads\/usu722\/2025\/03\/Captura-de-pantalla-2025-03-05-161316.png\" alt=\"\" width=\"692\" height=\"294\" srcset=\"https:\/\/agora.xtec.cat\/escolataularodona\/wp-content\/uploads\/usu722\/2025\/03\/Captura-de-pantalla-2025-03-05-161316.png 692w, https:\/\/agora.xtec.cat\/escolataularodona\/wp-content\/uploads\/usu722\/2025\/03\/Captura-de-pantalla-2025-03-05-161316-300x127.png 300w\" sizes=\"auto, (max-width: 692px) 100vw, 692px\" \/><\/p>\n<p>La Niki de Saint Phalle \u00e9s considerada la primera gran artista feminista del segle XX. A trav\u00e9s d\u2019una nova representaci\u00f3 del cos femen\u00ed, l\u2019erotisme i les grans figures m\u00edtiques, q\u00fcestion\u00e0 els c\u00e0nons socials i de bellesa establerts i reivindic\u00e0 el poder de la dona i el seu paper a la societat.<\/p>\n<p><img loading=\"lazy\" decoding=\"async\" class=\"alignnone size-full wp-image-9690\" src=\"https:\/\/agora.xtec.cat\/escolataularodona\/wp-content\/uploads\/usu722\/2025\/03\/2.png\" alt=\"\" width=\"195\" height=\"262\" \/>\u00a0 \u00a0 \u00a0 \u00a0 \u00a0 \u00a0 \u00a0 \u00a0 \u00a0 \u00a0 \u00a0 <img loading=\"lazy\" decoding=\"async\" class=\"alignnone size-full wp-image-9691\" src=\"https:\/\/agora.xtec.cat\/escolataularodona\/wp-content\/uploads\/usu722\/2025\/03\/1.png\" alt=\"\" width=\"207\" height=\"298\" \/><\/p>\n<p><i>Filla<\/i>,\u00a0<i>esposa<\/i>,\u00a0<i>mare, guerrera, hero\u00efna<\/i>\u00a0o\u00a0<i>deessa\u00a0<\/i>s\u00f3n els noms de les seves conegudes\u00a0<i>Nanas<\/i>, escultures gegants de cossos femenins, amb les quals volia trencar amb els estereotips de bellesa establerts, revelar-se contra els rols socials imposats a la dona, i empoderar-la davant el poder mascul\u00ed dominant.<\/p>\n<p><img loading=\"lazy\" decoding=\"async\" class=\" wp-image-9685 alignleft\" src=\"https:\/\/agora.xtec.cat\/escolataularodona\/wp-content\/uploads\/usu722\/2025\/03\/Captura-de-pantalla-2025-03-05-160042.png\" alt=\"\" width=\"262\" height=\"290\" srcset=\"https:\/\/agora.xtec.cat\/escolataularodona\/wp-content\/uploads\/usu722\/2025\/03\/Captura-de-pantalla-2025-03-05-160042.png 333w, https:\/\/agora.xtec.cat\/escolataularodona\/wp-content\/uploads\/usu722\/2025\/03\/Captura-de-pantalla-2025-03-05-160042-271x300.png 271w\" sizes=\"auto, (max-width: 262px) 100vw, 262px\" \/><\/p>\n<p><img loading=\"lazy\" decoding=\"async\" class=\"alignnone wp-image-9686\" src=\"https:\/\/agora.xtec.cat\/escolataularodona\/wp-content\/uploads\/usu722\/2025\/03\/Captura-de-pantalla-2025-03-05-160105.png\" alt=\"\" width=\"260\" height=\"253\" \/><\/p>\n<p>&nbsp;<\/p>\n<p><strong><i>\u201cLes Nanas s\u00f3n la manifestaci\u00f3 d&#8217;un nou m\u00f3n liderat per dones&#8221;<br \/>\n\u201cThe Nanas are the manifestation of a\u00a0 new world led by women\u201d<\/i><\/strong><\/p>\n","protected":false},"excerpt":{"rendered":"<p>Taller Niki de Saint Phalle<br \/>\nEn aquest taller us convidem a celebrar el dia de la dona tot fent un mural col\u00b7lectiu de siluetes de figures femenines dansant i ballant. Les pintarem de colors vius i alegres, inspirant-nos en l\u2019imaginari de l\u2019artista francesa Niki de Saint&hellip;  <a href=\"https:\/\/agora.xtec.cat\/escolataularodona\/general\/dia-de-la-dona-new-world-led-by-women\/\" title=\"Read DIA DE LA DONA &#8220;NEW WORLD LED BY WOMEN&#8221;\">Llegeix m\u00e9s\u00bb<\/a><\/p>\n","protected":false},"author":18,"featured_media":9682,"comment_status":"closed","ping_status":"closed","sticky":false,"template":"","format":"standard","meta":{"_bbp_topic_count":0,"_bbp_reply_count":0,"_bbp_total_topic_count":0,"_bbp_total_reply_count":0,"_bbp_voice_count":0,"_bbp_anonymous_reply_count":0,"_bbp_topic_count_hidden":0,"_bbp_reply_count_hidden":0,"_bbp_forum_subforum_count":0,"footnotes":""},"categories":[1],"tags":[],"class_list":["post-9680","post","type-post","status-publish","format-standard","has-post-thumbnail","hentry","category-general"],"post_mailing_queue_ids":[],"_links":{"self":[{"href":"https:\/\/agora.xtec.cat\/escolataularodona\/wp-json\/wp\/v2\/posts\/9680","targetHints":{"allow":["GET"]}}],"collection":[{"href":"https:\/\/agora.xtec.cat\/escolataularodona\/wp-json\/wp\/v2\/posts"}],"about":[{"href":"https:\/\/agora.xtec.cat\/escolataularodona\/wp-json\/wp\/v2\/types\/post"}],"author":[{"embeddable":true,"href":"https:\/\/agora.xtec.cat\/escolataularodona\/wp-json\/wp\/v2\/users\/18"}],"replies":[{"embeddable":true,"href":"https:\/\/agora.xtec.cat\/escolataularodona\/wp-json\/wp\/v2\/comments?post=9680"}],"version-history":[{"count":6,"href":"https:\/\/agora.xtec.cat\/escolataularodona\/wp-json\/wp\/v2\/posts\/9680\/revisions"}],"predecessor-version":[{"id":9697,"href":"https:\/\/agora.xtec.cat\/escolataularodona\/wp-json\/wp\/v2\/posts\/9680\/revisions\/9697"}],"wp:featuredmedia":[{"embeddable":true,"href":"https:\/\/agora.xtec.cat\/escolataularodona\/wp-json\/wp\/v2\/media\/9682"}],"wp:attachment":[{"href":"https:\/\/agora.xtec.cat\/escolataularodona\/wp-json\/wp\/v2\/media?parent=9680"}],"wp:term":[{"taxonomy":"category","embeddable":true,"href":"https:\/\/agora.xtec.cat\/escolataularodona\/wp-json\/wp\/v2\/categories?post=9680"},{"taxonomy":"post_tag","embeddable":true,"href":"https:\/\/agora.xtec.cat\/escolataularodona\/wp-json\/wp\/v2\/tags?post=9680"}],"curies":[{"name":"wp","href":"https:\/\/api.w.org\/{rel}","templated":true}]}}