{"id":9634,"date":"2025-01-28T16:04:25","date_gmt":"2025-01-28T15:04:25","guid":{"rendered":"https:\/\/agora.xtec.cat\/escolataularodona\/?p=9634"},"modified":"2025-03-11T11:22:26","modified_gmt":"2025-03-11T10:22:26","slug":"jornada-de-portes-obertes","status":"publish","type":"post","link":"https:\/\/agora.xtec.cat\/escolataularodona\/general\/jornada-de-portes-obertes\/","title":{"rendered":"JORNADA DE PORTES OBERTES"},"content":{"rendered":"<h2><strong style=\"font-size: 16px;\"><img loading=\"lazy\" decoding=\"async\" class=\"wp-image-9673 aligncenter\" src=\"https:\/\/agora.xtec.cat\/escolataularodona\/wp-content\/uploads\/usu722\/2025\/01\/portes-obertes_20250220_133004_0000.jpg\" alt=\"\" width=\"343\" height=\"343\" srcset=\"https:\/\/agora.xtec.cat\/escolataularodona\/wp-content\/uploads\/usu722\/2025\/01\/portes-obertes_20250220_133004_0000.jpg 1080w, https:\/\/agora.xtec.cat\/escolataularodona\/wp-content\/uploads\/usu722\/2025\/01\/portes-obertes_20250220_133004_0000-300x300.jpg 300w, https:\/\/agora.xtec.cat\/escolataularodona\/wp-content\/uploads\/usu722\/2025\/01\/portes-obertes_20250220_133004_0000-1024x1024.jpg 1024w, https:\/\/agora.xtec.cat\/escolataularodona\/wp-content\/uploads\/usu722\/2025\/01\/portes-obertes_20250220_133004_0000-150x150.jpg 150w, https:\/\/agora.xtec.cat\/escolataularodona\/wp-content\/uploads\/usu722\/2025\/01\/portes-obertes_20250220_133004_0000-768x768.jpg 768w\" sizes=\"auto, (max-width: 343px) 100vw, 343px\" \/><span style=\"color: #808000;\">PER LA IMPORT\u00c0NCIA DE LA REUNI\u00d3, ELS INFANTS NO PODEN ASSISTIR. GR\u00c0CIES AVAN\u00c7ADES.<\/span><\/strong><\/h2>\n<p><a href=\"https:\/\/preinscripcio.gencat.cat\/ca\/inici\/index.html\"><strong>PER\u00cdODE DE LA PREINSCRIPCI\u00d3:<\/strong><\/a> 12 a 26 de mar\u00e7 (E. Infantil i prim\u00e0ria) i 14 a 26 de mar\u00e7 (ESO)<\/p>\n<p><strong><a href=\"https:\/\/drive.google.com\/file\/d\/1aGGtKwBWlRRciDf-u1dGTfe4Z8gDZ6hX\/view?usp=sharing\">PUBLICACI\u00d3 OFERTA INICIAL<\/a> (provisional): <\/strong>11 de mar\u00e7<\/p>\n<p><strong>PUBLICACI\u00d3 BAREM PROVISIONAL:\u00a0<\/strong>24 d&#8217;abril<\/p>\n<p><strong>PUBLICACI\u00d3 LLISTA DEFINITIVA:\u00a0<\/strong>5 de maig<\/p>\n<p><strong>N\u00daMERO DE SORTEIG:\u00a0<\/strong>8 de maig<\/p>\n<p><strong>PUBLICACI\u00d3 LLISTA ORDENADA: <\/strong>9 de maig<\/p>\n<p><strong>PUBLICACI\u00d3 OFERTA FINAL:\u00a0<\/strong>16 de juny<\/p>\n<p><strong>PUBLICACI\u00d3 LLISTAT ALUMNAT ASSIGNAT AL CENTRE I LLISTA D&#8217;ESPERA:\u00a0<\/strong>16 de juny<\/p>\n<p><strong>MATR\u00cdCULA:\u00a0<\/strong>del 25 de juny al 3 de juliol<\/p>\n","protected":false},"excerpt":{"rendered":"<p>PER LA IMPORT\u00c0NCIA DE LA REUNI\u00d3, ELS INFANTS NO PODEN ASSISTIR. GR\u00c0CIES AVAN\u00c7ADES.<br \/>\n<a href=\"https:\/\/preinscripcio.gencat.cat\/ca\/inici\/index.html\">PER\u00cdODE DE LA PREINSCRIPCI\u00d3:<\/a> 12 a 26 de mar\u00e7 (E. Infantil i prim\u00e0ria) i 14 a 26 de mar\u00e7 (ESO)<br \/>\n<a href=\"https:\/\/drive.google.com\/file\/d\/1aGGtKwBWlRRciDf-u1dGTfe4Z8gDZ6hX\/view?usp=sharing\">PUBLICACI\u00d3 OFERTA INICIAL<\/a> (provisional): 11 de mar\u00e7<br \/>\nPUBLICACI\u00d3 BAREM PROVISIONAL:\u00a024 d&#8217;abril<br \/>\nPUBLICACI\u00d3 LLISTA DEFINITIVA:\u00a05&hellip;  <a href=\"https:\/\/agora.xtec.cat\/escolataularodona\/general\/jornada-de-portes-obertes\/\" title=\"Read JORNADA DE PORTES OBERTES\">Llegeix m\u00e9s\u00bb<\/a><\/p>\n","protected":false},"author":1,"featured_media":0,"comment_status":"closed","ping_status":"closed","sticky":false,"template":"","format":"standard","meta":{"_bbp_topic_count":0,"_bbp_reply_count":0,"_bbp_total_topic_count":0,"_bbp_total_reply_count":0,"_bbp_voice_count":0,"_bbp_anonymous_reply_count":0,"_bbp_topic_count_hidden":0,"_bbp_reply_count_hidden":0,"_bbp_forum_subforum_count":0,"footnotes":""},"categories":[1],"tags":[],"class_list":["post-9634","post","type-post","status-publish","format-standard","hentry","category-general"],"post_mailing_queue_ids":[],"_links":{"self":[{"href":"https:\/\/agora.xtec.cat\/escolataularodona\/wp-json\/wp\/v2\/posts\/9634","targetHints":{"allow":["GET"]}}],"collection":[{"href":"https:\/\/agora.xtec.cat\/escolataularodona\/wp-json\/wp\/v2\/posts"}],"about":[{"href":"https:\/\/agora.xtec.cat\/escolataularodona\/wp-json\/wp\/v2\/types\/post"}],"author":[{"embeddable":true,"href":"https:\/\/agora.xtec.cat\/escolataularodona\/wp-json\/wp\/v2\/users\/1"}],"replies":[{"embeddable":true,"href":"https:\/\/agora.xtec.cat\/escolataularodona\/wp-json\/wp\/v2\/comments?post=9634"}],"version-history":[{"count":6,"href":"https:\/\/agora.xtec.cat\/escolataularodona\/wp-json\/wp\/v2\/posts\/9634\/revisions"}],"predecessor-version":[{"id":9698,"href":"https:\/\/agora.xtec.cat\/escolataularodona\/wp-json\/wp\/v2\/posts\/9634\/revisions\/9698"}],"wp:attachment":[{"href":"https:\/\/agora.xtec.cat\/escolataularodona\/wp-json\/wp\/v2\/media?parent=9634"}],"wp:term":[{"taxonomy":"category","embeddable":true,"href":"https:\/\/agora.xtec.cat\/escolataularodona\/wp-json\/wp\/v2\/categories?post=9634"},{"taxonomy":"post_tag","embeddable":true,"href":"https:\/\/agora.xtec.cat\/escolataularodona\/wp-json\/wp\/v2\/tags?post=9634"}],"curies":[{"name":"wp","href":"https:\/\/api.w.org\/{rel}","templated":true}]}}