{"id":9605,"date":"2024-10-30T21:54:42","date_gmt":"2024-10-30T20:54:42","guid":{"rendered":"https:\/\/agora.xtec.cat\/escolataularodona\/?p=9605"},"modified":"2024-10-30T21:54:50","modified_gmt":"2024-10-30T20:54:50","slug":"espectacle-origen","status":"publish","type":"post","link":"https:\/\/agora.xtec.cat\/escolataularodona\/general\/espectacle-origen\/","title":{"rendered":"ESPECTACLE ORIGEN!"},"content":{"rendered":"<p><img loading=\"lazy\" decoding=\"async\" class=\"wp-image-9606 aligncenter\" src=\"https:\/\/agora.xtec.cat\/escolataularodona\/wp-content\/uploads\/usu722\/2024\/10\/v1.png\" alt=\"\" width=\"501\" height=\"273\" srcset=\"https:\/\/agora.xtec.cat\/escolataularodona\/wp-content\/uploads\/usu722\/2024\/10\/v1.png 837w, https:\/\/agora.xtec.cat\/escolataularodona\/wp-content\/uploads\/usu722\/2024\/10\/v1-300x163.png 300w, https:\/\/agora.xtec.cat\/escolataularodona\/wp-content\/uploads\/usu722\/2024\/10\/v1-768x418.png 768w\" sizes=\"auto, (max-width: 501px) 100vw, 501px\" \/><\/p>\n<p>&nbsp;<\/p>\n<p>L&#8217;alumnat de cinqu\u00e8 i sis\u00e8 ha gaudit d&#8217;un espectacle d&#8217; &#8220;ART AMB SORRA&#8221; a la Patronal del nostre municipi guiat d&#8217;un gran artista que ens ha perm\u00e8s submergir-nos en un viatge c\u00f2smic sense precedents amb ORIGEN! Des del Big bang fins a l&#8217;era dels dinosaures i l&#8217;evoluci\u00f3 humana.<\/p>\n<p><img loading=\"lazy\" decoding=\"async\" class=\"alignnone wp-image-9608\" src=\"https:\/\/agora.xtec.cat\/escolataularodona\/wp-content\/uploads\/usu722\/2024\/10\/v2.png\" alt=\"\" width=\"322\" height=\"204\" srcset=\"https:\/\/agora.xtec.cat\/escolataularodona\/wp-content\/uploads\/usu722\/2024\/10\/v2.png 727w, https:\/\/agora.xtec.cat\/escolataularodona\/wp-content\/uploads\/usu722\/2024\/10\/v2-300x190.png 300w\" sizes=\"auto, (max-width: 322px) 100vw, 322px\" \/>\u00a0 \u00a0 \u00a0 \u00a0 \u00a0 \u00a0 \u00a0 \u00a0 \u00a0 \u00a0\u00a0 <img loading=\"lazy\" decoding=\"async\" class=\"alignnone wp-image-9609\" src=\"https:\/\/agora.xtec.cat\/escolataularodona\/wp-content\/uploads\/usu722\/2024\/10\/v4.png\" alt=\"\" width=\"328\" height=\"199\" srcset=\"https:\/\/agora.xtec.cat\/escolataularodona\/wp-content\/uploads\/usu722\/2024\/10\/v4.png 748w, https:\/\/agora.xtec.cat\/escolataularodona\/wp-content\/uploads\/usu722\/2024\/10\/v4-300x182.png 300w\" sizes=\"auto, (max-width: 328px) 100vw, 328px\" \/><\/p>\n<p><img loading=\"lazy\" decoding=\"async\" class=\"wp-image-9610 aligncenter\" src=\"https:\/\/agora.xtec.cat\/escolataularodona\/wp-content\/uploads\/usu722\/2024\/10\/v3.png\" alt=\"\" width=\"387\" height=\"226\" srcset=\"https:\/\/agora.xtec.cat\/escolataularodona\/wp-content\/uploads\/usu722\/2024\/10\/v3.png 693w, https:\/\/agora.xtec.cat\/escolataularodona\/wp-content\/uploads\/usu722\/2024\/10\/v3-300x175.png 300w\" sizes=\"auto, (max-width: 387px) 100vw, 387px\" \/><\/p>\n<p>Amb aquest espectacle hem viatjat a trav\u00e9s d&#8217;una sorprenent hist\u00f2ria de l&#8217;univers!<\/p>\n<p><img loading=\"lazy\" decoding=\"async\" class=\"wp-image-9611 aligncenter\" src=\"https:\/\/agora.xtec.cat\/escolataularodona\/wp-content\/uploads\/usu722\/2024\/10\/v5.png\" alt=\"\" width=\"592\" height=\"356\" srcset=\"https:\/\/agora.xtec.cat\/escolataularodona\/wp-content\/uploads\/usu722\/2024\/10\/v5.png 795w, https:\/\/agora.xtec.cat\/escolataularodona\/wp-content\/uploads\/usu722\/2024\/10\/v5-300x180.png 300w, https:\/\/agora.xtec.cat\/escolataularodona\/wp-content\/uploads\/usu722\/2024\/10\/v5-768x462.png 768w\" sizes=\"auto, (max-width: 592px) 100vw, 592px\" \/><\/p>\n","protected":false},"excerpt":{"rendered":"<p>&nbsp;<br \/>\nL&#8217;alumnat de cinqu\u00e8 i sis\u00e8 ha gaudit d&#8217;un espectacle d&#8217; &#8220;ART AMB SORRA&#8221; a la Patronal del nostre municipi guiat d&#8217;un gran artista que ens ha perm\u00e8s submergir-nos en un viatge c\u00f2smic sense precedents amb ORIGEN! Des del Big bang fins a l&#8217;era dels dinosaures&hellip;  <a href=\"https:\/\/agora.xtec.cat\/escolataularodona\/general\/espectacle-origen\/\" title=\"Read ESPECTACLE ORIGEN!\">Llegeix m\u00e9s\u00bb<\/a><\/p>\n","protected":false},"author":18,"featured_media":9606,"comment_status":"closed","ping_status":"closed","sticky":false,"template":"","format":"standard","meta":{"_bbp_topic_count":0,"_bbp_reply_count":0,"_bbp_total_topic_count":0,"_bbp_total_reply_count":0,"_bbp_voice_count":0,"_bbp_anonymous_reply_count":0,"_bbp_topic_count_hidden":0,"_bbp_reply_count_hidden":0,"_bbp_forum_subforum_count":0,"footnotes":""},"categories":[14,15,70,1],"tags":[],"class_list":["post-9605","post","type-post","status-publish","format-standard","has-post-thumbnail","hentry","category-5e","category-6e","category-arts","category-general"],"post_mailing_queue_ids":[],"_links":{"self":[{"href":"https:\/\/agora.xtec.cat\/escolataularodona\/wp-json\/wp\/v2\/posts\/9605","targetHints":{"allow":["GET"]}}],"collection":[{"href":"https:\/\/agora.xtec.cat\/escolataularodona\/wp-json\/wp\/v2\/posts"}],"about":[{"href":"https:\/\/agora.xtec.cat\/escolataularodona\/wp-json\/wp\/v2\/types\/post"}],"author":[{"embeddable":true,"href":"https:\/\/agora.xtec.cat\/escolataularodona\/wp-json\/wp\/v2\/users\/18"}],"replies":[{"embeddable":true,"href":"https:\/\/agora.xtec.cat\/escolataularodona\/wp-json\/wp\/v2\/comments?post=9605"}],"version-history":[{"count":3,"href":"https:\/\/agora.xtec.cat\/escolataularodona\/wp-json\/wp\/v2\/posts\/9605\/revisions"}],"predecessor-version":[{"id":9613,"href":"https:\/\/agora.xtec.cat\/escolataularodona\/wp-json\/wp\/v2\/posts\/9605\/revisions\/9613"}],"wp:featuredmedia":[{"embeddable":true,"href":"https:\/\/agora.xtec.cat\/escolataularodona\/wp-json\/wp\/v2\/media\/9606"}],"wp:attachment":[{"href":"https:\/\/agora.xtec.cat\/escolataularodona\/wp-json\/wp\/v2\/media?parent=9605"}],"wp:term":[{"taxonomy":"category","embeddable":true,"href":"https:\/\/agora.xtec.cat\/escolataularodona\/wp-json\/wp\/v2\/categories?post=9605"},{"taxonomy":"post_tag","embeddable":true,"href":"https:\/\/agora.xtec.cat\/escolataularodona\/wp-json\/wp\/v2\/tags?post=9605"}],"curies":[{"name":"wp","href":"https:\/\/api.w.org\/{rel}","templated":true}]}}