{"id":9487,"date":"2024-06-13T12:05:18","date_gmt":"2024-06-13T10:05:18","guid":{"rendered":"https:\/\/agora.xtec.cat\/escolataularodona\/?p=9487"},"modified":"2024-06-13T12:05:18","modified_gmt":"2024-06-13T10:05:18","slug":"fundacio-miro-primer-de-primaria","status":"publish","type":"post","link":"https:\/\/agora.xtec.cat\/escolataularodona\/general\/fundacio-miro-primer-de-primaria\/","title":{"rendered":"FUNDACI\u00d3 MIR\u00d3- PRIMER DE PRIM\u00c0RIA"},"content":{"rendered":"<p><img loading=\"lazy\" decoding=\"async\" class=\"alignnone wp-image-9490 aligncenter\" src=\"https:\/\/agora.xtec.cat\/escolataularodona\/wp-content\/uploads\/usu722\/2024\/06\/1.png\" alt=\"\" width=\"395\" height=\"300\" srcset=\"https:\/\/agora.xtec.cat\/escolataularodona\/wp-content\/uploads\/usu722\/2024\/06\/1.png 580w, https:\/\/agora.xtec.cat\/escolataularodona\/wp-content\/uploads\/usu722\/2024\/06\/1-300x228.png 300w\" sizes=\"auto, (max-width: 395px) 100vw, 395px\" \/><\/p>\n<p>L&#8217;alumnat de primer de prim\u00e0ria ha visitat la <strong>Fundaci\u00f3 de Joan Mir\u00f3<\/strong> i en especial ha gaudit del Taller <strong>&#8220;<span class=\"hiddenSpellError\">Naturaleza<\/span>\u00a0fant\u00e0stica&#8221;.<\/strong><\/p>\n<p>Aquest taller ens ha transm\u00e8s com l&#8217;artista Joan Mir\u00f3 era capa\u00e7 d&#8217;imaginar paisatges i \u00e9ssers fant\u00e0stics. Les roques, els arbres i els n\u00favols de vegades tenen cops misteriosos. La llum projecta ombres enigm\u00e0tiques i \u00e9s com Mir\u00f3 es comunicava amb la naturalesa. Ell deia que els arbres li parlaven i que posse\u00efa &#8220;una \u00e0nima i esperit&#8221; per aix\u00f2 els atribu\u00efa ulls i orelles i els donava sentit en el nostre ecosistema.<\/p>\n<p>I aix\u00ed \u00e9s com durant el taller art\u00edstic vam donar vida a certs objectes naturals creant personatges elaborant finalment un llibre d&#8217;hist\u00f2ries per part de tota la classe.<\/p>\n<p><img loading=\"lazy\" decoding=\"async\" class=\"alignnone wp-image-9491\" src=\"https:\/\/agora.xtec.cat\/escolataularodona\/wp-content\/uploads\/usu722\/2024\/06\/3.png\" alt=\"\" width=\"145\" height=\"266\" srcset=\"https:\/\/agora.xtec.cat\/escolataularodona\/wp-content\/uploads\/usu722\/2024\/06\/3.png 259w, https:\/\/agora.xtec.cat\/escolataularodona\/wp-content\/uploads\/usu722\/2024\/06\/3-164x300.png 164w\" sizes=\"auto, (max-width: 145px) 100vw, 145px\" \/> <img loading=\"lazy\" decoding=\"async\" class=\"alignnone wp-image-9492\" src=\"https:\/\/agora.xtec.cat\/escolataularodona\/wp-content\/uploads\/usu722\/2024\/06\/2.png\" alt=\"\" width=\"245\" height=\"261\" srcset=\"https:\/\/agora.xtec.cat\/escolataularodona\/wp-content\/uploads\/usu722\/2024\/06\/2.png 351w, https:\/\/agora.xtec.cat\/escolataularodona\/wp-content\/uploads\/usu722\/2024\/06\/2-282x300.png 282w\" sizes=\"auto, (max-width: 245px) 100vw, 245px\" \/> <img loading=\"lazy\" decoding=\"async\" class=\"alignnone wp-image-9493\" src=\"https:\/\/agora.xtec.cat\/escolataularodona\/wp-content\/uploads\/usu722\/2024\/06\/6.png\" alt=\"\" width=\"204\" height=\"259\" srcset=\"https:\/\/agora.xtec.cat\/escolataularodona\/wp-content\/uploads\/usu722\/2024\/06\/6.png 382w, https:\/\/agora.xtec.cat\/escolataularodona\/wp-content\/uploads\/usu722\/2024\/06\/6-236x300.png 236w\" sizes=\"auto, (max-width: 204px) 100vw, 204px\" \/><\/p>\n<p><img loading=\"lazy\" decoding=\"async\" class=\"alignnone wp-image-9494\" src=\"https:\/\/agora.xtec.cat\/escolataularodona\/wp-content\/uploads\/usu722\/2024\/06\/7.png\" alt=\"\" width=\"184\" height=\"243\" srcset=\"https:\/\/agora.xtec.cat\/escolataularodona\/wp-content\/uploads\/usu722\/2024\/06\/7.png 377w, https:\/\/agora.xtec.cat\/escolataularodona\/wp-content\/uploads\/usu722\/2024\/06\/7-227x300.png 227w\" sizes=\"auto, (max-width: 184px) 100vw, 184px\" \/> <img loading=\"lazy\" decoding=\"async\" class=\"alignnone wp-image-9495\" src=\"https:\/\/agora.xtec.cat\/escolataularodona\/wp-content\/uploads\/usu722\/2024\/06\/8.png\" alt=\"\" width=\"166\" height=\"198\" srcset=\"https:\/\/agora.xtec.cat\/escolataularodona\/wp-content\/uploads\/usu722\/2024\/06\/8.png 372w, https:\/\/agora.xtec.cat\/escolataularodona\/wp-content\/uploads\/usu722\/2024\/06\/8-252x300.png 252w\" sizes=\"auto, (max-width: 166px) 100vw, 166px\" \/>\u00a0 <img loading=\"lazy\" decoding=\"async\" class=\"alignnone wp-image-9496\" src=\"https:\/\/agora.xtec.cat\/escolataularodona\/wp-content\/uploads\/usu722\/2024\/06\/9.png\" alt=\"\" width=\"194\" height=\"264\" srcset=\"https:\/\/agora.xtec.cat\/escolataularodona\/wp-content\/uploads\/usu722\/2024\/06\/9.png 328w, https:\/\/agora.xtec.cat\/escolataularodona\/wp-content\/uploads\/usu722\/2024\/06\/9-220x300.png 220w\" sizes=\"auto, (max-width: 194px) 100vw, 194px\" \/><\/p>\n<p><img loading=\"lazy\" decoding=\"async\" class=\"alignnone wp-image-9497\" src=\"https:\/\/agora.xtec.cat\/escolataularodona\/wp-content\/uploads\/usu722\/2024\/06\/10.png\" alt=\"\" width=\"189\" height=\"245\" srcset=\"https:\/\/agora.xtec.cat\/escolataularodona\/wp-content\/uploads\/usu722\/2024\/06\/10.png 333w, https:\/\/agora.xtec.cat\/escolataularodona\/wp-content\/uploads\/usu722\/2024\/06\/10-231x300.png 231w\" sizes=\"auto, (max-width: 189px) 100vw, 189px\" \/> <img loading=\"lazy\" decoding=\"async\" class=\"alignnone wp-image-9498\" src=\"https:\/\/agora.xtec.cat\/escolataularodona\/wp-content\/uploads\/usu722\/2024\/06\/11.png\" alt=\"\" width=\"171\" height=\"237\" srcset=\"https:\/\/agora.xtec.cat\/escolataularodona\/wp-content\/uploads\/usu722\/2024\/06\/11.png 358w, https:\/\/agora.xtec.cat\/escolataularodona\/wp-content\/uploads\/usu722\/2024\/06\/11-217x300.png 217w\" sizes=\"auto, (max-width: 171px) 100vw, 171px\" \/> <img loading=\"lazy\" decoding=\"async\" class=\"alignnone wp-image-9503\" src=\"https:\/\/agora.xtec.cat\/escolataularodona\/wp-content\/uploads\/usu722\/2024\/06\/16.png\" alt=\"\" width=\"208\" height=\"265\" srcset=\"https:\/\/agora.xtec.cat\/escolataularodona\/wp-content\/uploads\/usu722\/2024\/06\/16.png 330w, https:\/\/agora.xtec.cat\/escolataularodona\/wp-content\/uploads\/usu722\/2024\/06\/16-236x300.png 236w\" sizes=\"auto, (max-width: 208px) 100vw, 208px\" \/><\/p>\n<p><img loading=\"lazy\" decoding=\"async\" class=\"alignnone wp-image-9500\" src=\"https:\/\/agora.xtec.cat\/escolataularodona\/wp-content\/uploads\/usu722\/2024\/06\/13.png\" alt=\"\" width=\"189\" height=\"226\" srcset=\"https:\/\/agora.xtec.cat\/escolataularodona\/wp-content\/uploads\/usu722\/2024\/06\/13.png 355w, https:\/\/agora.xtec.cat\/escolataularodona\/wp-content\/uploads\/usu722\/2024\/06\/13-250x300.png 250w\" sizes=\"auto, (max-width: 189px) 100vw, 189px\" \/> <img loading=\"lazy\" decoding=\"async\" class=\"alignnone wp-image-9501\" src=\"https:\/\/agora.xtec.cat\/escolataularodona\/wp-content\/uploads\/usu722\/2024\/06\/14.png\" alt=\"\" width=\"178\" height=\"176\" srcset=\"https:\/\/agora.xtec.cat\/escolataularodona\/wp-content\/uploads\/usu722\/2024\/06\/14.png 307w, https:\/\/agora.xtec.cat\/escolataularodona\/wp-content\/uploads\/usu722\/2024\/06\/14-300x296.png 300w\" sizes=\"auto, (max-width: 178px) 100vw, 178px\" \/> <img loading=\"lazy\" decoding=\"async\" class=\"alignnone wp-image-9502 \" src=\"https:\/\/agora.xtec.cat\/escolataularodona\/wp-content\/uploads\/usu722\/2024\/06\/15-e1718272794476.png\" alt=\"\" width=\"185\" height=\"196\" srcset=\"https:\/\/agora.xtec.cat\/escolataularodona\/wp-content\/uploads\/usu722\/2024\/06\/15-e1718272794476.png 366w, https:\/\/agora.xtec.cat\/escolataularodona\/wp-content\/uploads\/usu722\/2024\/06\/15-e1718272794476-284x300.png 284w\" sizes=\"auto, (max-width: 185px) 100vw, 185px\" \/><\/p>\n<p>Vam realitzar un &#8220;Tour&#8221; guiat pel museu on all\u00e0 ens van explicar quin era el llenguatge art\u00edstic de Mir\u00f3 relacionat amb les seves obres m\u00e9s emblem\u00e0tiques.<\/p>\n<p><img loading=\"lazy\" decoding=\"async\" class=\"alignnone wp-image-9504\" src=\"https:\/\/agora.xtec.cat\/escolataularodona\/wp-content\/uploads\/usu722\/2024\/06\/19.png\" alt=\"\" width=\"181\" height=\"265\" srcset=\"https:\/\/agora.xtec.cat\/escolataularodona\/wp-content\/uploads\/usu722\/2024\/06\/19.png 294w, https:\/\/agora.xtec.cat\/escolataularodona\/wp-content\/uploads\/usu722\/2024\/06\/19-206x300.png 206w\" sizes=\"auto, (max-width: 181px) 100vw, 181px\" \/> <img loading=\"lazy\" decoding=\"async\" class=\"alignnone wp-image-9505\" src=\"https:\/\/agora.xtec.cat\/escolataularodona\/wp-content\/uploads\/usu722\/2024\/06\/20.png\" alt=\"\" width=\"207\" height=\"269\" srcset=\"https:\/\/agora.xtec.cat\/escolataularodona\/wp-content\/uploads\/usu722\/2024\/06\/20.png 346w, https:\/\/agora.xtec.cat\/escolataularodona\/wp-content\/uploads\/usu722\/2024\/06\/20-231x300.png 231w\" sizes=\"auto, (max-width: 207px) 100vw, 207px\" \/> <img loading=\"lazy\" decoding=\"async\" class=\"alignnone wp-image-9506\" src=\"https:\/\/agora.xtec.cat\/escolataularodona\/wp-content\/uploads\/usu722\/2024\/06\/23.png\" alt=\"\" width=\"181\" height=\"267\" srcset=\"https:\/\/agora.xtec.cat\/escolataularodona\/wp-content\/uploads\/usu722\/2024\/06\/23.png 298w, https:\/\/agora.xtec.cat\/escolataularodona\/wp-content\/uploads\/usu722\/2024\/06\/23-203x300.png 203w\" sizes=\"auto, (max-width: 181px) 100vw, 181px\" \/><\/p>\n<p><img loading=\"lazy\" decoding=\"async\" class=\"wp-image-9507 alignnone\" src=\"https:\/\/agora.xtec.cat\/escolataularodona\/wp-content\/uploads\/usu722\/2024\/06\/22.png\" alt=\"\" width=\"199\" height=\"303\" srcset=\"https:\/\/agora.xtec.cat\/escolataularodona\/wp-content\/uploads\/usu722\/2024\/06\/22.png 321w, https:\/\/agora.xtec.cat\/escolataularodona\/wp-content\/uploads\/usu722\/2024\/06\/22-197x300.png 197w\" sizes=\"auto, (max-width: 199px) 100vw, 199px\" \/> <img loading=\"lazy\" decoding=\"async\" class=\"alignnone wp-image-9508\" src=\"https:\/\/agora.xtec.cat\/escolataularodona\/wp-content\/uploads\/usu722\/2024\/06\/21.png\" alt=\"\" width=\"224\" height=\"311\" srcset=\"https:\/\/agora.xtec.cat\/escolataularodona\/wp-content\/uploads\/usu722\/2024\/06\/21.png 326w, https:\/\/agora.xtec.cat\/escolataularodona\/wp-content\/uploads\/usu722\/2024\/06\/21-216x300.png 216w\" sizes=\"auto, (max-width: 224px) 100vw, 224px\" \/><\/p>\n<p>Us adjuntem certes imatges, esperem que ho gaudiu!<\/p>\n<p><img loading=\"lazy\" decoding=\"async\" class=\"size-full wp-image-9509 aligncenter\" src=\"https:\/\/agora.xtec.cat\/escolataularodona\/wp-content\/uploads\/usu722\/2024\/06\/18.png\" alt=\"\" width=\"255\" height=\"473\" srcset=\"https:\/\/agora.xtec.cat\/escolataularodona\/wp-content\/uploads\/usu722\/2024\/06\/18.png 255w, https:\/\/agora.xtec.cat\/escolataularodona\/wp-content\/uploads\/usu722\/2024\/06\/18-162x300.png 162w\" sizes=\"auto, (max-width: 255px) 100vw, 255px\" \/><\/p>\n","protected":false},"excerpt":{"rendered":"<p>L&#8217;alumnat de primer de prim\u00e0ria ha visitat la Fundaci\u00f3 de Joan Mir\u00f3 i en especial ha gaudit del Taller &#8220;Naturaleza\u00a0fant\u00e0stica&#8221;.<br \/>\nAquest taller ens ha transm\u00e8s com l&#8217;artista Joan Mir\u00f3 era capa\u00e7 d&#8217;imaginar paisatges i \u00e9ssers fant\u00e0stics. Les roques, els arbres i els n\u00favols de vegades tenen&hellip;  <a href=\"https:\/\/agora.xtec.cat\/escolataularodona\/general\/fundacio-miro-primer-de-primaria\/\" title=\"Read FUNDACI\u00d3 MIR\u00d3- PRIMER DE PRIM\u00c0RIA\">Llegeix m\u00e9s\u00bb<\/a><\/p>\n","protected":false},"author":18,"featured_media":9490,"comment_status":"closed","ping_status":"closed","sticky":false,"template":"","format":"standard","meta":{"_bbp_topic_count":0,"_bbp_reply_count":0,"_bbp_total_topic_count":0,"_bbp_total_reply_count":0,"_bbp_voice_count":0,"_bbp_anonymous_reply_count":0,"_bbp_topic_count_hidden":0,"_bbp_reply_count_hidden":0,"_bbp_forum_subforum_count":0,"footnotes":""},"categories":[10,70,1],"tags":[],"class_list":["post-9487","post","type-post","status-publish","format-standard","has-post-thumbnail","hentry","category-1r","category-arts","category-general"],"post_mailing_queue_ids":[],"_links":{"self":[{"href":"https:\/\/agora.xtec.cat\/escolataularodona\/wp-json\/wp\/v2\/posts\/9487","targetHints":{"allow":["GET"]}}],"collection":[{"href":"https:\/\/agora.xtec.cat\/escolataularodona\/wp-json\/wp\/v2\/posts"}],"about":[{"href":"https:\/\/agora.xtec.cat\/escolataularodona\/wp-json\/wp\/v2\/types\/post"}],"author":[{"embeddable":true,"href":"https:\/\/agora.xtec.cat\/escolataularodona\/wp-json\/wp\/v2\/users\/18"}],"replies":[{"embeddable":true,"href":"https:\/\/agora.xtec.cat\/escolataularodona\/wp-json\/wp\/v2\/comments?post=9487"}],"version-history":[{"count":5,"href":"https:\/\/agora.xtec.cat\/escolataularodona\/wp-json\/wp\/v2\/posts\/9487\/revisions"}],"predecessor-version":[{"id":9512,"href":"https:\/\/agora.xtec.cat\/escolataularodona\/wp-json\/wp\/v2\/posts\/9487\/revisions\/9512"}],"wp:featuredmedia":[{"embeddable":true,"href":"https:\/\/agora.xtec.cat\/escolataularodona\/wp-json\/wp\/v2\/media\/9490"}],"wp:attachment":[{"href":"https:\/\/agora.xtec.cat\/escolataularodona\/wp-json\/wp\/v2\/media?parent=9487"}],"wp:term":[{"taxonomy":"category","embeddable":true,"href":"https:\/\/agora.xtec.cat\/escolataularodona\/wp-json\/wp\/v2\/categories?post=9487"},{"taxonomy":"post_tag","embeddable":true,"href":"https:\/\/agora.xtec.cat\/escolataularodona\/wp-json\/wp\/v2\/tags?post=9487"}],"curies":[{"name":"wp","href":"https:\/\/api.w.org\/{rel}","templated":true}]}}