{"id":9447,"date":"2024-05-21T13:36:37","date_gmt":"2024-05-21T11:36:37","guid":{"rendered":"https:\/\/agora.xtec.cat\/escolataularodona\/?p=9447"},"modified":"2024-05-21T13:36:37","modified_gmt":"2024-05-21T11:36:37","slug":"street-art-disseny-de-gorres-alumnat-de-cinque","status":"publish","type":"post","link":"https:\/\/agora.xtec.cat\/escolataularodona\/general\/street-art-disseny-de-gorres-alumnat-de-cinque\/","title":{"rendered":"STREET ART! DISSENY DE GORRES- ALUMNAT DE CINQU\u00c8"},"content":{"rendered":"<p><img loading=\"lazy\" decoding=\"async\" class=\"alignnone wp-image-9449 aligncenter\" src=\"https:\/\/agora.xtec.cat\/escolataularodona\/wp-content\/uploads\/usu722\/2024\/05\/G-1.png\" alt=\"\" width=\"322\" height=\"429\" srcset=\"https:\/\/agora.xtec.cat\/escolataularodona\/wp-content\/uploads\/usu722\/2024\/05\/G-1.png 357w, https:\/\/agora.xtec.cat\/escolataularodona\/wp-content\/uploads\/usu722\/2024\/05\/G-1-225x300.png 225w\" sizes=\"auto, (max-width: 322px) 100vw, 322px\" \/><\/p>\n<p>L&#8217;alumnat de cinqu\u00e8 de la nostra escola ha participat en un taller d&#8217;art urb\u00e0, conegut tamb\u00e9 com a <strong>&#8220;Street Art&#8221;.<\/strong> Aquest concepte fa refer\u00e8ncia a l&#8217;art del carrer amb totes les seves diverses formes: pintures, murals, art en esprai, adhesius, mosaics, escultures&#8230;<\/p>\n<p>L&#8217;activitat ha estat dinamitzada per un artista de la nostra localitat on hem dissenyat gorres personalitzades! L&#8217;artista ens ha explicat els or\u00edgens d&#8217;aquesta t\u00e8cnica i ens ha compartit part de les seves creacions.<\/p>\n<p><img loading=\"lazy\" decoding=\"async\" class=\"alignnone wp-image-9450\" src=\"https:\/\/agora.xtec.cat\/escolataularodona\/wp-content\/uploads\/usu722\/2024\/05\/G-2.png\" alt=\"\" width=\"262\" height=\"185\" srcset=\"https:\/\/agora.xtec.cat\/escolataularodona\/wp-content\/uploads\/usu722\/2024\/05\/G-2.png 569w, https:\/\/agora.xtec.cat\/escolataularodona\/wp-content\/uploads\/usu722\/2024\/05\/G-2-300x212.png 300w\" sizes=\"auto, (max-width: 262px) 100vw, 262px\" \/>\u00a0 \u00a0 \u00a0 \u00a0 \u00a0 \u00a0 \u00a0 <img loading=\"lazy\" decoding=\"async\" class=\"alignnone wp-image-9451\" src=\"https:\/\/agora.xtec.cat\/escolataularodona\/wp-content\/uploads\/usu722\/2024\/05\/G-4.png\" alt=\"\" width=\"178\" height=\"243\" srcset=\"https:\/\/agora.xtec.cat\/escolataularodona\/wp-content\/uploads\/usu722\/2024\/05\/G-4.png 327w, https:\/\/agora.xtec.cat\/escolataularodona\/wp-content\/uploads\/usu722\/2024\/05\/G-4-220x300.png 220w\" sizes=\"auto, (max-width: 178px) 100vw, 178px\" \/><\/p>\n<p><img loading=\"lazy\" decoding=\"async\" class=\"alignnone wp-image-9452\" src=\"https:\/\/agora.xtec.cat\/escolataularodona\/wp-content\/uploads\/usu722\/2024\/05\/G-6.png\" alt=\"\" width=\"218\" height=\"274\" srcset=\"https:\/\/agora.xtec.cat\/escolataularodona\/wp-content\/uploads\/usu722\/2024\/05\/G-6.png 322w, https:\/\/agora.xtec.cat\/escolataularodona\/wp-content\/uploads\/usu722\/2024\/05\/G-6-239x300.png 239w\" sizes=\"auto, (max-width: 218px) 100vw, 218px\" \/>\u00a0 \u00a0 \u00a0 \u00a0 <img loading=\"lazy\" decoding=\"async\" class=\"alignnone wp-image-9453\" src=\"https:\/\/agora.xtec.cat\/escolataularodona\/wp-content\/uploads\/usu722\/2024\/05\/G-5.png\" alt=\"\" width=\"273\" height=\"331\" srcset=\"https:\/\/agora.xtec.cat\/escolataularodona\/wp-content\/uploads\/usu722\/2024\/05\/G-5.png 362w, https:\/\/agora.xtec.cat\/escolataularodona\/wp-content\/uploads\/usu722\/2024\/05\/G-5-247x300.png 247w\" sizes=\"auto, (max-width: 273px) 100vw, 273px\" \/><\/p>\n<p>Tot l&#8217;alumnat ha gaudit creant la seva pr\u00f2pia gorra immersa en el proc\u00e9s de la descoberta del m\u00f3n urb\u00e0 que l&#8217;artista ens ha transm\u00e8s.<\/p>\n<p><img loading=\"lazy\" decoding=\"async\" class=\"alignnone wp-image-9455\" src=\"https:\/\/agora.xtec.cat\/escolataularodona\/wp-content\/uploads\/usu722\/2024\/05\/G-7.png\" alt=\"\" width=\"223\" height=\"232\" srcset=\"https:\/\/agora.xtec.cat\/escolataularodona\/wp-content\/uploads\/usu722\/2024\/05\/G-7.png 360w, https:\/\/agora.xtec.cat\/escolataularodona\/wp-content\/uploads\/usu722\/2024\/05\/G-7-288x300.png 288w\" sizes=\"auto, (max-width: 223px) 100vw, 223px\" \/>\u00a0 \u00a0 <img loading=\"lazy\" decoding=\"async\" class=\"alignnone wp-image-9457\" src=\"https:\/\/agora.xtec.cat\/escolataularodona\/wp-content\/uploads\/usu722\/2024\/05\/G-9.png\" alt=\"\" width=\"315\" height=\"232\" srcset=\"https:\/\/agora.xtec.cat\/escolataularodona\/wp-content\/uploads\/usu722\/2024\/05\/G-9.png 461w, https:\/\/agora.xtec.cat\/escolataularodona\/wp-content\/uploads\/usu722\/2024\/05\/G-9-300x221.png 300w\" sizes=\"auto, (max-width: 315px) 100vw, 315px\" \/><\/p>\n<p>Compartim amb vosaltres l&#8217;\u00e8xit del nostre alumnat!<\/p>\n","protected":false},"excerpt":{"rendered":"<p>L&#8217;alumnat de cinqu\u00e8 de la nostra escola ha participat en un taller d&#8217;art urb\u00e0, conegut tamb\u00e9 com a &#8220;Street Art&#8221;. Aquest concepte fa refer\u00e8ncia a l&#8217;art del carrer amb totes les seves diverses formes: pintures, murals, art en esprai, adhesius, mosaics, escultures&#8230;<br \/>\nL&#8217;activitat ha estat dinamitzada&hellip;  <a href=\"https:\/\/agora.xtec.cat\/escolataularodona\/general\/street-art-disseny-de-gorres-alumnat-de-cinque\/\" title=\"Read STREET ART! DISSENY DE GORRES- ALUMNAT DE CINQU\u00c8\">Llegeix m\u00e9s\u00bb<\/a><\/p>\n","protected":false},"author":18,"featured_media":9449,"comment_status":"closed","ping_status":"closed","sticky":false,"template":"","format":"standard","meta":{"_bbp_topic_count":0,"_bbp_reply_count":0,"_bbp_total_topic_count":0,"_bbp_total_reply_count":0,"_bbp_voice_count":0,"_bbp_anonymous_reply_count":0,"_bbp_topic_count_hidden":0,"_bbp_reply_count_hidden":0,"_bbp_forum_subforum_count":0,"footnotes":""},"categories":[14,70,1],"tags":[],"class_list":["post-9447","post","type-post","status-publish","format-standard","has-post-thumbnail","hentry","category-5e","category-arts","category-general"],"post_mailing_queue_ids":[],"_links":{"self":[{"href":"https:\/\/agora.xtec.cat\/escolataularodona\/wp-json\/wp\/v2\/posts\/9447","targetHints":{"allow":["GET"]}}],"collection":[{"href":"https:\/\/agora.xtec.cat\/escolataularodona\/wp-json\/wp\/v2\/posts"}],"about":[{"href":"https:\/\/agora.xtec.cat\/escolataularodona\/wp-json\/wp\/v2\/types\/post"}],"author":[{"embeddable":true,"href":"https:\/\/agora.xtec.cat\/escolataularodona\/wp-json\/wp\/v2\/users\/18"}],"replies":[{"embeddable":true,"href":"https:\/\/agora.xtec.cat\/escolataularodona\/wp-json\/wp\/v2\/comments?post=9447"}],"version-history":[{"count":4,"href":"https:\/\/agora.xtec.cat\/escolataularodona\/wp-json\/wp\/v2\/posts\/9447\/revisions"}],"predecessor-version":[{"id":9458,"href":"https:\/\/agora.xtec.cat\/escolataularodona\/wp-json\/wp\/v2\/posts\/9447\/revisions\/9458"}],"wp:featuredmedia":[{"embeddable":true,"href":"https:\/\/agora.xtec.cat\/escolataularodona\/wp-json\/wp\/v2\/media\/9449"}],"wp:attachment":[{"href":"https:\/\/agora.xtec.cat\/escolataularodona\/wp-json\/wp\/v2\/media?parent=9447"}],"wp:term":[{"taxonomy":"category","embeddable":true,"href":"https:\/\/agora.xtec.cat\/escolataularodona\/wp-json\/wp\/v2\/categories?post=9447"},{"taxonomy":"post_tag","embeddable":true,"href":"https:\/\/agora.xtec.cat\/escolataularodona\/wp-json\/wp\/v2\/tags?post=9447"}],"curies":[{"name":"wp","href":"https:\/\/api.w.org\/{rel}","templated":true}]}}