{"id":9430,"date":"2024-05-20T16:13:55","date_gmt":"2024-05-20T14:13:55","guid":{"rendered":"https:\/\/agora.xtec.cat\/escolataularodona\/?p=9430"},"modified":"2024-05-20T16:13:55","modified_gmt":"2024-05-20T14:13:55","slug":"sortida-fundacio-miro-segon-de-primaria","status":"publish","type":"post","link":"https:\/\/agora.xtec.cat\/escolataularodona\/general\/sortida-fundacio-miro-segon-de-primaria\/","title":{"rendered":"SORTIDA FUNDACI\u00d3 MIR\u00d3- SEGON DE PRIM\u00c0RIA"},"content":{"rendered":"<p><img loading=\"lazy\" decoding=\"async\" class=\"alignnone size-full wp-image-9433 aligncenter\" src=\"https:\/\/agora.xtec.cat\/escolataularodona\/wp-content\/uploads\/usu722\/2024\/05\/F-2-1.png\" alt=\"\" width=\"232\" height=\"407\" srcset=\"https:\/\/agora.xtec.cat\/escolataularodona\/wp-content\/uploads\/usu722\/2024\/05\/F-2-1.png 232w, https:\/\/agora.xtec.cat\/escolataularodona\/wp-content\/uploads\/usu722\/2024\/05\/F-2-1-171x300.png 171w\" sizes=\"auto, (max-width: 232px) 100vw, 232px\" \/><\/p>\n<p><span class=\"hiddenGrammarError\" style=\"padding-bottom: 2px;background-image: url('..\/..\/..\/..\/..\/images\/squiggle.png');background-repeat: repeat-x;background-position: left bottom;cursor: default;color: #000000;font-family: 'Open Sans', Helvetica, Arial, sans-serif;font-size: 16px;font-style: normal;font-weight: 300;letter-spacing: normal;text-align: start;text-indent: 0px;text-transform: none\">Hola<\/span>\u00a0fam\u00edlies,<\/p>\n<p>L&#8217;alumnat de segon de prim\u00e0ria ha gaudit d&#8217;una visita guiada a la <strong>fundaci\u00f3 Mir\u00f3<\/strong> on all\u00e0 vam poder observar part de les obres de l&#8217;artista fent una estreta relaci\u00f3 amb la seva vida.<\/p>\n<p><img loading=\"lazy\" decoding=\"async\" class=\"alignnone wp-image-9434\" src=\"https:\/\/agora.xtec.cat\/escolataularodona\/wp-content\/uploads\/usu722\/2024\/05\/F-1.png\" alt=\"\" width=\"197\" height=\"198\" srcset=\"https:\/\/agora.xtec.cat\/escolataularodona\/wp-content\/uploads\/usu722\/2024\/05\/F-1.png 356w, https:\/\/agora.xtec.cat\/escolataularodona\/wp-content\/uploads\/usu722\/2024\/05\/F-1-298x300.png 298w, https:\/\/agora.xtec.cat\/escolataularodona\/wp-content\/uploads\/usu722\/2024\/05\/F-1-150x150.png 150w\" sizes=\"auto, (max-width: 197px) 100vw, 197px\" \/>\u00a0 \u00a0 <img loading=\"lazy\" decoding=\"async\" class=\"alignnone wp-image-9436\" src=\"https:\/\/agora.xtec.cat\/escolataularodona\/wp-content\/uploads\/usu722\/2024\/05\/F-5.png\" alt=\"\" width=\"162\" height=\"300\" srcset=\"https:\/\/agora.xtec.cat\/escolataularodona\/wp-content\/uploads\/usu722\/2024\/05\/F-5.png 245w, https:\/\/agora.xtec.cat\/escolataularodona\/wp-content\/uploads\/usu722\/2024\/05\/F-5-162x300.png 162w\" sizes=\"auto, (max-width: 162px) 100vw, 162px\" \/>\u00a0 \u00a0<img loading=\"lazy\" decoding=\"async\" class=\"alignnone wp-image-9435\" src=\"https:\/\/agora.xtec.cat\/escolataularodona\/wp-content\/uploads\/usu722\/2024\/05\/F-3.png\" alt=\"\" width=\"164\" height=\"213\" srcset=\"https:\/\/agora.xtec.cat\/escolataularodona\/wp-content\/uploads\/usu722\/2024\/05\/F-3.png 253w, https:\/\/agora.xtec.cat\/escolataularodona\/wp-content\/uploads\/usu722\/2024\/05\/F-3-231x300.png 231w\" sizes=\"auto, (max-width: 164px) 100vw, 164px\" \/><\/p>\n<p>A m\u00e9s a m\u00e9s, ens vam endinsar en la pr\u00e0ctica d&#8217;un taller anomenat<strong> &#8220;En blanc&#8221;<\/strong> on es treballa la relaci\u00f3 de l&#8217;arquitectura i les obres de Joan Mir\u00f3 a trav\u00e9s de les sensacions i del color blanc, que \u00e9s el senyal d&#8217;identitat de l&#8217;edifici i de moltes obres de Joan Mir\u00f3. \u00c9s un taller que convida a l&#8217;observaci\u00f3 del que ens envolta des de perspectives diferents. Es tracta d&#8217;un taller m\u00e9s conceptual on el proc\u00e9s de treball est\u00e0 centrat en l&#8217;elaboraci\u00f3 d&#8217;un petit llibre d&#8217;artista.<\/p>\n<p><img loading=\"lazy\" decoding=\"async\" class=\"alignnone wp-image-9437\" src=\"https:\/\/agora.xtec.cat\/escolataularodona\/wp-content\/uploads\/usu722\/2024\/05\/F-6.png\" alt=\"\" width=\"161\" height=\"182\" srcset=\"https:\/\/agora.xtec.cat\/escolataularodona\/wp-content\/uploads\/usu722\/2024\/05\/F-6.png 356w, https:\/\/agora.xtec.cat\/escolataularodona\/wp-content\/uploads\/usu722\/2024\/05\/F-6-266x300.png 266w\" sizes=\"auto, (max-width: 161px) 100vw, 161px\" \/> <img loading=\"lazy\" decoding=\"async\" class=\"alignnone wp-image-9438\" src=\"https:\/\/agora.xtec.cat\/escolataularodona\/wp-content\/uploads\/usu722\/2024\/05\/F-7.png\" alt=\"\" width=\"169\" height=\"179\" srcset=\"https:\/\/agora.xtec.cat\/escolataularodona\/wp-content\/uploads\/usu722\/2024\/05\/F-7.png 341w, https:\/\/agora.xtec.cat\/escolataularodona\/wp-content\/uploads\/usu722\/2024\/05\/F-7-283x300.png 283w\" sizes=\"auto, (max-width: 169px) 100vw, 169px\" \/> <img loading=\"lazy\" decoding=\"async\" class=\"alignnone wp-image-9439\" src=\"https:\/\/agora.xtec.cat\/escolataularodona\/wp-content\/uploads\/usu722\/2024\/05\/F-8.png\" alt=\"\" width=\"176\" height=\"177\" srcset=\"https:\/\/agora.xtec.cat\/escolataularodona\/wp-content\/uploads\/usu722\/2024\/05\/F-8.png 242w, https:\/\/agora.xtec.cat\/escolataularodona\/wp-content\/uploads\/usu722\/2024\/05\/F-8-150x150.png 150w\" sizes=\"auto, (max-width: 176px) 100vw, 176px\" \/><\/p>\n<p><img loading=\"lazy\" decoding=\"async\" class=\"alignnone wp-image-9440\" src=\"https:\/\/agora.xtec.cat\/escolataularodona\/wp-content\/uploads\/usu722\/2024\/05\/F-10.png\" alt=\"\" width=\"152\" height=\"177\" srcset=\"https:\/\/agora.xtec.cat\/escolataularodona\/wp-content\/uploads\/usu722\/2024\/05\/F-10.png 346w, https:\/\/agora.xtec.cat\/escolataularodona\/wp-content\/uploads\/usu722\/2024\/05\/F-10-257x300.png 257w\" sizes=\"auto, (max-width: 152px) 100vw, 152px\" \/> <img loading=\"lazy\" decoding=\"async\" class=\"alignnone wp-image-9441\" src=\"https:\/\/agora.xtec.cat\/escolataularodona\/wp-content\/uploads\/usu722\/2024\/05\/F-11.png\" alt=\"\" width=\"139\" height=\"177\" srcset=\"https:\/\/agora.xtec.cat\/escolataularodona\/wp-content\/uploads\/usu722\/2024\/05\/F-11.png 360w, https:\/\/agora.xtec.cat\/escolataularodona\/wp-content\/uploads\/usu722\/2024\/05\/F-11-235x300.png 235w\" sizes=\"auto, (max-width: 139px) 100vw, 139px\" \/>\u00a0 <img loading=\"lazy\" decoding=\"async\" class=\"alignnone wp-image-9442\" src=\"https:\/\/agora.xtec.cat\/escolataularodona\/wp-content\/uploads\/usu722\/2024\/05\/F-12.png\" alt=\"\" width=\"140\" height=\"174\" srcset=\"https:\/\/agora.xtec.cat\/escolataularodona\/wp-content\/uploads\/usu722\/2024\/05\/F-12.png 356w, https:\/\/agora.xtec.cat\/escolataularodona\/wp-content\/uploads\/usu722\/2024\/05\/F-12-241x300.png 241w\" sizes=\"auto, (max-width: 140px) 100vw, 140px\" \/>\u00a0 <img loading=\"lazy\" decoding=\"async\" class=\"alignnone wp-image-9443\" src=\"https:\/\/agora.xtec.cat\/escolataularodona\/wp-content\/uploads\/usu722\/2024\/05\/F-13.png\" alt=\"\" width=\"152\" height=\"197\" srcset=\"https:\/\/agora.xtec.cat\/escolataularodona\/wp-content\/uploads\/usu722\/2024\/05\/F-13.png 344w, https:\/\/agora.xtec.cat\/escolataularodona\/wp-content\/uploads\/usu722\/2024\/05\/F-13-232x300.png 232w\" sizes=\"auto, (max-width: 152px) 100vw, 152px\" \/>\u00a0 \u00a0 <img loading=\"lazy\" decoding=\"async\" class=\"alignnone wp-image-9444\" src=\"https:\/\/agora.xtec.cat\/escolataularodona\/wp-content\/uploads\/usu722\/2024\/05\/F-9.png\" alt=\"\" width=\"252\" height=\"286\" srcset=\"https:\/\/agora.xtec.cat\/escolataularodona\/wp-content\/uploads\/usu722\/2024\/05\/F-9.png 351w, https:\/\/agora.xtec.cat\/escolataularodona\/wp-content\/uploads\/usu722\/2024\/05\/F-9-265x300.png 265w\" sizes=\"auto, (max-width: 252px) 100vw, 252px\" \/>\u00a0 \u00a0 \u00a0 \u00a0 <img loading=\"lazy\" decoding=\"async\" class=\"alignnone wp-image-9445\" src=\"https:\/\/agora.xtec.cat\/escolataularodona\/wp-content\/uploads\/usu722\/2024\/05\/F-4.png\" alt=\"\" width=\"276\" height=\"204\" srcset=\"https:\/\/agora.xtec.cat\/escolataularodona\/wp-content\/uploads\/usu722\/2024\/05\/F-4.png 589w, https:\/\/agora.xtec.cat\/escolataularodona\/wp-content\/uploads\/usu722\/2024\/05\/F-4-300x222.png 300w\" sizes=\"auto, (max-width: 276px) 100vw, 276px\" \/><\/p>\n<p>&nbsp;<\/p>\n<p>Hem gaudit d&#8217;un art m\u00e9s experimental on s&#8217;ha desenvolupat la creativitat de l&#8217;infant!<\/p>\n<p>&nbsp;<\/p>\n","protected":false},"excerpt":{"rendered":"<p>Hola\u00a0fam\u00edlies,<br \/>\nL&#8217;alumnat de segon de prim\u00e0ria ha gaudit d&#8217;una visita guiada a la fundaci\u00f3 Mir\u00f3 on all\u00e0 vam poder observar part de les obres de l&#8217;artista fent una estreta relaci\u00f3 amb la seva vida.<br \/>\n\u00a0 \u00a0 \u00a0 \u00a0<br \/>\nA m\u00e9s a m\u00e9s, ens vam endinsar en la pr\u00e0ctica&hellip;  <a href=\"https:\/\/agora.xtec.cat\/escolataularodona\/general\/sortida-fundacio-miro-segon-de-primaria\/\" title=\"Read SORTIDA FUNDACI\u00d3 MIR\u00d3- SEGON DE PRIM\u00c0RIA\">Llegeix m\u00e9s\u00bb<\/a><\/p>\n","protected":false},"author":18,"featured_media":9432,"comment_status":"closed","ping_status":"closed","sticky":false,"template":"","format":"standard","meta":{"_bbp_topic_count":0,"_bbp_reply_count":0,"_bbp_total_topic_count":0,"_bbp_total_reply_count":0,"_bbp_voice_count":0,"_bbp_anonymous_reply_count":0,"_bbp_topic_count_hidden":0,"_bbp_reply_count_hidden":0,"_bbp_forum_subforum_count":0,"footnotes":""},"categories":[11,70,1],"tags":[],"class_list":["post-9430","post","type-post","status-publish","format-standard","has-post-thumbnail","hentry","category-2n","category-arts","category-general"],"post_mailing_queue_ids":[],"_links":{"self":[{"href":"https:\/\/agora.xtec.cat\/escolataularodona\/wp-json\/wp\/v2\/posts\/9430","targetHints":{"allow":["GET"]}}],"collection":[{"href":"https:\/\/agora.xtec.cat\/escolataularodona\/wp-json\/wp\/v2\/posts"}],"about":[{"href":"https:\/\/agora.xtec.cat\/escolataularodona\/wp-json\/wp\/v2\/types\/post"}],"author":[{"embeddable":true,"href":"https:\/\/agora.xtec.cat\/escolataularodona\/wp-json\/wp\/v2\/users\/18"}],"replies":[{"embeddable":true,"href":"https:\/\/agora.xtec.cat\/escolataularodona\/wp-json\/wp\/v2\/comments?post=9430"}],"version-history":[{"count":2,"href":"https:\/\/agora.xtec.cat\/escolataularodona\/wp-json\/wp\/v2\/posts\/9430\/revisions"}],"predecessor-version":[{"id":9446,"href":"https:\/\/agora.xtec.cat\/escolataularodona\/wp-json\/wp\/v2\/posts\/9430\/revisions\/9446"}],"wp:featuredmedia":[{"embeddable":true,"href":"https:\/\/agora.xtec.cat\/escolataularodona\/wp-json\/wp\/v2\/media\/9432"}],"wp:attachment":[{"href":"https:\/\/agora.xtec.cat\/escolataularodona\/wp-json\/wp\/v2\/media?parent=9430"}],"wp:term":[{"taxonomy":"category","embeddable":true,"href":"https:\/\/agora.xtec.cat\/escolataularodona\/wp-json\/wp\/v2\/categories?post=9430"},{"taxonomy":"post_tag","embeddable":true,"href":"https:\/\/agora.xtec.cat\/escolataularodona\/wp-json\/wp\/v2\/tags?post=9430"}],"curies":[{"name":"wp","href":"https:\/\/api.w.org\/{rel}","templated":true}]}}