{"id":9394,"date":"2024-04-19T16:49:38","date_gmt":"2024-04-19T14:49:38","guid":{"rendered":"https:\/\/agora.xtec.cat\/escolataularodona\/?p=9394"},"modified":"2024-04-19T16:49:38","modified_gmt":"2024-04-19T14:49:38","slug":"saint-georges-crafts","status":"publish","type":"post","link":"https:\/\/agora.xtec.cat\/escolataularodona\/general\/saint-georges-crafts\/","title":{"rendered":"SAINT GEORGE&#8217;S CRAFTS"},"content":{"rendered":"<p><img loading=\"lazy\" decoding=\"async\" class=\"alignnone size-medium wp-image-9397 aligncenter\" src=\"https:\/\/agora.xtec.cat\/escolataularodona\/wp-content\/uploads\/usu722\/2024\/04\/captura-1-228x300.png\" alt=\"\" width=\"228\" height=\"300\" srcset=\"https:\/\/agora.xtec.cat\/escolataularodona\/wp-content\/uploads\/usu722\/2024\/04\/captura-1-228x300.png 228w, https:\/\/agora.xtec.cat\/escolataularodona\/wp-content\/uploads\/usu722\/2024\/04\/captura-1.png 295w\" sizes=\"auto, (max-width: 228px) 100vw, 228px\" \/><\/p>\n<p>Hi students and families,<\/p>\n<p>La diada de Sant Jordi \u00e9s un s\u00edmbol de cultura i de tradici\u00f3. Per aix\u00f2 ens encanta aprofitar aquesta festivitat per fer activitats especials amb l&#8217;alumnat de l&#8217;escola. Des de l&#8217;\u00e0rea d&#8217;art \u00e9s un goig, plaer i satisfacci\u00f3 compartir amb tots vosaltres la varietat de tallers art\u00edstics que hem portat a terme!<\/p>\n<p><img loading=\"lazy\" decoding=\"async\" class=\"alignnone size-medium wp-image-9399 alignleft\" src=\"https:\/\/agora.xtec.cat\/escolataularodona\/wp-content\/uploads\/usu722\/2024\/04\/captura-2-300x207.png\" alt=\"\" width=\"300\" height=\"207\" srcset=\"https:\/\/agora.xtec.cat\/escolataularodona\/wp-content\/uploads\/usu722\/2024\/04\/captura-2-300x207.png 300w, https:\/\/agora.xtec.cat\/escolataularodona\/wp-content\/uploads\/usu722\/2024\/04\/captura-2.png 425w\" sizes=\"auto, (max-width: 300px) 100vw, 300px\" \/><img loading=\"lazy\" decoding=\"async\" class=\"alignnone wp-image-9400\" src=\"https:\/\/agora.xtec.cat\/escolataularodona\/wp-content\/uploads\/usu722\/2024\/04\/captura-3-300x156.png\" alt=\"\" width=\"252\" height=\"131\" srcset=\"https:\/\/agora.xtec.cat\/escolataularodona\/wp-content\/uploads\/usu722\/2024\/04\/captura-3-300x156.png 300w, https:\/\/agora.xtec.cat\/escolataularodona\/wp-content\/uploads\/usu722\/2024\/04\/captura-3.png 485w\" sizes=\"auto, (max-width: 252px) 100vw, 252px\" \/><\/p>\n<p>&nbsp;<\/p>\n<p>&nbsp;<\/p>\n<p>Aquest curs escolar han estat majorit\u00e0riament enfocats al personatge del DRAC. El drac \u00e9s un element important de la llegenda de sant Jordi. Per tant, li hem donat visibilitat utilitzant diferents materials per elaborar-los. Hem creat &#8220;dracs de Komodo&#8221; fent seriacions amb gomets de diferents colors i mides, hem representat un drac gran fent servir taps d&#8217;ampolles reciclables, hem treballat amb argila, plastilina i fins i tot hem analitzat la seva mirada!<\/p>\n<p><img loading=\"lazy\" decoding=\"async\" class=\"alignnone wp-image-9402\" src=\"https:\/\/agora.xtec.cat\/escolataularodona\/wp-content\/uploads\/usu722\/2024\/04\/captura-4-300x209.png\" alt=\"\" width=\"281\" height=\"196\" srcset=\"https:\/\/agora.xtec.cat\/escolataularodona\/wp-content\/uploads\/usu722\/2024\/04\/captura-4-300x209.png 300w, https:\/\/agora.xtec.cat\/escolataularodona\/wp-content\/uploads\/usu722\/2024\/04\/captura-4.png 342w\" sizes=\"auto, (max-width: 281px) 100vw, 281px\" \/>\u00a0 \u00a0\u00a0 <img loading=\"lazy\" decoding=\"async\" class=\"alignnone wp-image-9403\" src=\"https:\/\/agora.xtec.cat\/escolataularodona\/wp-content\/uploads\/usu722\/2024\/04\/captura-5-300x227.png\" alt=\"\" width=\"257\" height=\"194\" srcset=\"https:\/\/agora.xtec.cat\/escolataularodona\/wp-content\/uploads\/usu722\/2024\/04\/captura-5-300x227.png 300w, https:\/\/agora.xtec.cat\/escolataularodona\/wp-content\/uploads\/usu722\/2024\/04\/captura-5-200x150.png 200w, https:\/\/agora.xtec.cat\/escolataularodona\/wp-content\/uploads\/usu722\/2024\/04\/captura-5.png 418w\" sizes=\"auto, (max-width: 257px) 100vw, 257px\" \/><\/p>\n<p><img loading=\"lazy\" decoding=\"async\" class=\"alignnone size-medium wp-image-9405\" src=\"https:\/\/agora.xtec.cat\/escolataularodona\/wp-content\/uploads\/usu722\/2024\/04\/captura-10-300x240.png\" alt=\"\" width=\"300\" height=\"240\" srcset=\"https:\/\/agora.xtec.cat\/escolataularodona\/wp-content\/uploads\/usu722\/2024\/04\/captura-10-300x240.png 300w, https:\/\/agora.xtec.cat\/escolataularodona\/wp-content\/uploads\/usu722\/2024\/04\/captura-10.png 551w\" sizes=\"auto, (max-width: 300px) 100vw, 300px\" \/>\u00a0 <img loading=\"lazy\" decoding=\"async\" class=\"alignnone size-medium wp-image-9406\" src=\"https:\/\/agora.xtec.cat\/escolataularodona\/wp-content\/uploads\/usu722\/2024\/04\/captura-12-247x300.png\" alt=\"\" width=\"247\" height=\"300\" srcset=\"https:\/\/agora.xtec.cat\/escolataularodona\/wp-content\/uploads\/usu722\/2024\/04\/captura-12-247x300.png 247w, https:\/\/agora.xtec.cat\/escolataularodona\/wp-content\/uploads\/usu722\/2024\/04\/captura-12.png 333w\" sizes=\"auto, (max-width: 247px) 100vw, 247px\" \/><\/p>\n<p>&nbsp;<\/p>\n<p><img loading=\"lazy\" decoding=\"async\" class=\"alignnone size-medium wp-image-9407\" src=\"https:\/\/agora.xtec.cat\/escolataularodona\/wp-content\/uploads\/usu722\/2024\/04\/captura-pantalla-15-280x300.png\" alt=\"\" width=\"280\" height=\"300\" srcset=\"https:\/\/agora.xtec.cat\/escolataularodona\/wp-content\/uploads\/usu722\/2024\/04\/captura-pantalla-15-280x300.png 280w, https:\/\/agora.xtec.cat\/escolataularodona\/wp-content\/uploads\/usu722\/2024\/04\/captura-pantalla-15.png 338w\" sizes=\"auto, (max-width: 280px) 100vw, 280px\" \/>\u00a0 \u00a0 <img loading=\"lazy\" decoding=\"async\" class=\"alignnone wp-image-9408\" src=\"https:\/\/agora.xtec.cat\/escolataularodona\/wp-content\/uploads\/usu722\/2024\/04\/captura-17-300x221.png\" alt=\"\" width=\"252\" height=\"186\" srcset=\"https:\/\/agora.xtec.cat\/escolataularodona\/wp-content\/uploads\/usu722\/2024\/04\/captura-17-300x221.png 300w, https:\/\/agora.xtec.cat\/escolataularodona\/wp-content\/uploads\/usu722\/2024\/04\/captura-17.png 339w\" sizes=\"auto, (max-width: 252px) 100vw, 252px\" \/><\/p>\n<p>Decorar l&#8217;escola amb dibuixos de dracs, petjades, cues, bosses de tela\u00a0personalitzades i altres elements relacionats amb la cultura catalana ens ha ajudat a crear un ambient festiu!<\/p>\n<p><img loading=\"lazy\" decoding=\"async\" class=\"alignnone size-medium wp-image-9409\" src=\"https:\/\/agora.xtec.cat\/escolataularodona\/wp-content\/uploads\/usu722\/2024\/04\/captura-16-221x300.png\" alt=\"\" width=\"221\" height=\"300\" srcset=\"https:\/\/agora.xtec.cat\/escolataularodona\/wp-content\/uploads\/usu722\/2024\/04\/captura-16-221x300.png 221w, https:\/\/agora.xtec.cat\/escolataularodona\/wp-content\/uploads\/usu722\/2024\/04\/captura-16.png 294w\" sizes=\"auto, (max-width: 221px) 100vw, 221px\" \/>\u00a0 \u00a0 \u00a0 \u00a0 \u00a0 \u00a0 \u00a0 \u00a0 \u00a0<img loading=\"lazy\" decoding=\"async\" class=\"alignnone size-medium wp-image-9410\" src=\"https:\/\/agora.xtec.cat\/escolataularodona\/wp-content\/uploads\/usu722\/2024\/04\/captura-19-234x300.png\" alt=\"\" width=\"234\" height=\"300\" srcset=\"https:\/\/agora.xtec.cat\/escolataularodona\/wp-content\/uploads\/usu722\/2024\/04\/captura-19-234x300.png 234w, https:\/\/agora.xtec.cat\/escolataularodona\/wp-content\/uploads\/usu722\/2024\/04\/captura-19.png 329w\" sizes=\"auto, (max-width: 234px) 100vw, 234px\" \/><\/p>\n<p>Esperem que us agradi!<\/p>\n","protected":false},"excerpt":{"rendered":"<p>Hi students and families,<br \/>\nLa diada de Sant Jordi \u00e9s un s\u00edmbol de cultura i de tradici\u00f3. Per aix\u00f2 ens encanta aprofitar aquesta festivitat per fer activitats especials amb l&#8217;alumnat de l&#8217;escola. Des de l&#8217;\u00e0rea d&#8217;art \u00e9s un goig, plaer i satisfacci\u00f3 compartir amb tots vosaltres&hellip;  <a href=\"https:\/\/agora.xtec.cat\/escolataularodona\/general\/saint-georges-crafts\/\" title=\"Read SAINT GEORGE&#8217;S CRAFTS\">Llegeix m\u00e9s\u00bb<\/a><\/p>\n","protected":false},"author":18,"featured_media":9397,"comment_status":"closed","ping_status":"closed","sticky":false,"template":"","format":"standard","meta":{"_bbp_topic_count":0,"_bbp_reply_count":0,"_bbp_total_topic_count":0,"_bbp_total_reply_count":0,"_bbp_voice_count":0,"_bbp_anonymous_reply_count":0,"_bbp_topic_count_hidden":0,"_bbp_reply_count_hidden":0,"_bbp_forum_subforum_count":0,"footnotes":""},"categories":[70,68,1,76],"tags":[],"class_list":["post-9394","post","type-post","status-publish","format-standard","has-post-thumbnail","hentry","category-arts","category-english","category-general","category-prim"],"post_mailing_queue_ids":[],"_links":{"self":[{"href":"https:\/\/agora.xtec.cat\/escolataularodona\/wp-json\/wp\/v2\/posts\/9394","targetHints":{"allow":["GET"]}}],"collection":[{"href":"https:\/\/agora.xtec.cat\/escolataularodona\/wp-json\/wp\/v2\/posts"}],"about":[{"href":"https:\/\/agora.xtec.cat\/escolataularodona\/wp-json\/wp\/v2\/types\/post"}],"author":[{"embeddable":true,"href":"https:\/\/agora.xtec.cat\/escolataularodona\/wp-json\/wp\/v2\/users\/18"}],"replies":[{"embeddable":true,"href":"https:\/\/agora.xtec.cat\/escolataularodona\/wp-json\/wp\/v2\/comments?post=9394"}],"version-history":[{"count":5,"href":"https:\/\/agora.xtec.cat\/escolataularodona\/wp-json\/wp\/v2\/posts\/9394\/revisions"}],"predecessor-version":[{"id":9411,"href":"https:\/\/agora.xtec.cat\/escolataularodona\/wp-json\/wp\/v2\/posts\/9394\/revisions\/9411"}],"wp:featuredmedia":[{"embeddable":true,"href":"https:\/\/agora.xtec.cat\/escolataularodona\/wp-json\/wp\/v2\/media\/9397"}],"wp:attachment":[{"href":"https:\/\/agora.xtec.cat\/escolataularodona\/wp-json\/wp\/v2\/media?parent=9394"}],"wp:term":[{"taxonomy":"category","embeddable":true,"href":"https:\/\/agora.xtec.cat\/escolataularodona\/wp-json\/wp\/v2\/categories?post=9394"},{"taxonomy":"post_tag","embeddable":true,"href":"https:\/\/agora.xtec.cat\/escolataularodona\/wp-json\/wp\/v2\/tags?post=9394"}],"curies":[{"name":"wp","href":"https:\/\/api.w.org\/{rel}","templated":true}]}}