{"id":9358,"date":"2024-03-21T11:48:56","date_gmt":"2024-03-21T10:48:56","guid":{"rendered":"https:\/\/agora.xtec.cat\/escolataularodona\/?p=9358"},"modified":"2024-03-21T11:48:56","modified_gmt":"2024-03-21T10:48:56","slug":"stylish-bags-for-i3-students","status":"publish","type":"post","link":"https:\/\/agora.xtec.cat\/escolataularodona\/general\/stylish-bags-for-i3-students\/","title":{"rendered":"STYLISH BAGS FOR I3 STUDENTS"},"content":{"rendered":"<p><img loading=\"lazy\" decoding=\"async\" class=\"alignnone size-medium wp-image-9359 aligncenter\" src=\"https:\/\/agora.xtec.cat\/escolataularodona\/wp-content\/uploads\/usu722\/2024\/03\/1-300x213.png\" alt=\"\" width=\"300\" height=\"213\" srcset=\"https:\/\/agora.xtec.cat\/escolataularodona\/wp-content\/uploads\/usu722\/2024\/03\/1-300x213.png 300w, https:\/\/agora.xtec.cat\/escolataularodona\/wp-content\/uploads\/usu722\/2024\/03\/1.png 581w\" sizes=\"auto, (max-width: 300px) 100vw, 300px\" \/><\/p>\n<p>Com cada curs escolar, l&#8217;alumnat de <strong>sis\u00e8 de prim\u00e0ria<\/strong> de la nostra escola ha participat en un <strong>projecte art\u00edstic<\/strong> que consisteix en l&#8217;elaboraci\u00f3 d&#8217;unes bosses de tela\u00a0per als seus fillols, l&#8217;alumnat de I3.<\/p>\n<p><img loading=\"lazy\" decoding=\"async\" class=\"alignnone size-medium wp-image-9364\" src=\"https:\/\/agora.xtec.cat\/escolataularodona\/wp-content\/uploads\/usu722\/2024\/03\/1-1-300x120.png\" alt=\"\" width=\"300\" height=\"120\" srcset=\"https:\/\/agora.xtec.cat\/escolataularodona\/wp-content\/uploads\/usu722\/2024\/03\/1-1-300x120.png 300w, https:\/\/agora.xtec.cat\/escolataularodona\/wp-content\/uploads\/usu722\/2024\/03\/1-1.png 511w\" sizes=\"auto, (max-width: 300px) 100vw, 300px\" \/><\/p>\n<p><img loading=\"lazy\" decoding=\"async\" class=\"alignnone size-medium wp-image-9365 alignright\" src=\"https:\/\/agora.xtec.cat\/escolataularodona\/wp-content\/uploads\/usu722\/2024\/03\/2-300x127.png\" alt=\"\" width=\"300\" height=\"127\" srcset=\"https:\/\/agora.xtec.cat\/escolataularodona\/wp-content\/uploads\/usu722\/2024\/03\/2-300x127.png 300w, https:\/\/agora.xtec.cat\/escolataularodona\/wp-content\/uploads\/usu722\/2024\/03\/2.png 502w\" sizes=\"auto, (max-width: 300px) 100vw, 300px\" \/><\/p>\n<p>&nbsp;<\/p>\n<p>&nbsp;<\/p>\n<p>&nbsp;<\/p>\n<p>&nbsp;<\/p>\n<p>Ha sigut un proc\u00e9s de gran dedicaci\u00f3 on els nostres infants s&#8217;han implicat en la feina proposada. \u00c9s un projecte de llarga elaboraci\u00f3 per part del nostre alumnat, ja que cadascun dels dissenys ha sigut personalitzat per a cada infant en particular on s&#8217;han iniciat en la costura i la utilitzaci\u00f3 dels estris que aquesta t\u00e8cnica implica.<\/p>\n<p><img loading=\"lazy\" decoding=\"async\" class=\"alignnone size-medium wp-image-9366\" src=\"https:\/\/agora.xtec.cat\/escolataularodona\/wp-content\/uploads\/usu722\/2024\/03\/3-300x127.png\" alt=\"\" width=\"300\" height=\"127\" srcset=\"https:\/\/agora.xtec.cat\/escolataularodona\/wp-content\/uploads\/usu722\/2024\/03\/3-300x127.png 300w, https:\/\/agora.xtec.cat\/escolataularodona\/wp-content\/uploads\/usu722\/2024\/03\/3.png 506w\" sizes=\"auto, (max-width: 300px) 100vw, 300px\" \/><\/p>\n<p><img loading=\"lazy\" decoding=\"async\" class=\"alignnone size-medium wp-image-9367 alignright\" src=\"https:\/\/agora.xtec.cat\/escolataularodona\/wp-content\/uploads\/usu722\/2024\/03\/4-300x133.png\" alt=\"\" width=\"300\" height=\"133\" srcset=\"https:\/\/agora.xtec.cat\/escolataularodona\/wp-content\/uploads\/usu722\/2024\/03\/4-300x133.png 300w, https:\/\/agora.xtec.cat\/escolataularodona\/wp-content\/uploads\/usu722\/2024\/03\/4.png 469w\" sizes=\"auto, (max-width: 300px) 100vw, 300px\" \/><\/p>\n<p>&nbsp;<\/p>\n<p>&nbsp;<\/p>\n<p>&nbsp;<\/p>\n<p>&nbsp;<\/p>\n<p>Ha sigut una activitat molt maca perqu\u00e8 s&#8217;ha creat un petit vincle entre grans i petits on hi han compartit estones de jocs i converses.<\/p>\n<p><img loading=\"lazy\" decoding=\"async\" class=\"alignnone size-medium wp-image-9368 aligncenter\" src=\"https:\/\/agora.xtec.cat\/escolataularodona\/wp-content\/uploads\/usu722\/2024\/03\/5-300x123.png\" alt=\"\" width=\"300\" height=\"123\" srcset=\"https:\/\/agora.xtec.cat\/escolataularodona\/wp-content\/uploads\/usu722\/2024\/03\/5-300x123.png 300w, https:\/\/agora.xtec.cat\/escolataularodona\/wp-content\/uploads\/usu722\/2024\/03\/5.png 465w\" sizes=\"auto, (max-width: 300px) 100vw, 300px\" \/><\/p>\n","protected":false},"excerpt":{"rendered":"<p>Com cada curs escolar, l&#8217;alumnat de sis\u00e8 de prim\u00e0ria de la nostra escola ha participat en un projecte art\u00edstic que consisteix en l&#8217;elaboraci\u00f3 d&#8217;unes bosses de tela\u00a0per als seus fillols, l&#8217;alumnat de I3.<\/p>\n<p>&nbsp;<br \/>\n&nbsp;<br \/>\n&nbsp;<br \/>\n&nbsp;<br \/>\nHa sigut un proc\u00e9s de gran dedicaci\u00f3 on els nostres infants s&#8217;han implicat&hellip;  <a href=\"https:\/\/agora.xtec.cat\/escolataularodona\/general\/stylish-bags-for-i3-students\/\" title=\"Read STYLISH BAGS FOR I3 STUDENTS\">Llegeix m\u00e9s\u00bb<\/a><\/p>\n","protected":false},"author":18,"featured_media":9359,"comment_status":"closed","ping_status":"closed","sticky":false,"template":"","format":"standard","meta":{"_bbp_topic_count":0,"_bbp_reply_count":0,"_bbp_total_topic_count":0,"_bbp_total_reply_count":0,"_bbp_voice_count":0,"_bbp_anonymous_reply_count":0,"_bbp_topic_count_hidden":0,"_bbp_reply_count_hidden":0,"_bbp_forum_subforum_count":0,"footnotes":""},"categories":[15,70,68,1,76],"tags":[],"class_list":["post-9358","post","type-post","status-publish","format-standard","has-post-thumbnail","hentry","category-6e","category-arts","category-english","category-general","category-prim"],"post_mailing_queue_ids":[],"_links":{"self":[{"href":"https:\/\/agora.xtec.cat\/escolataularodona\/wp-json\/wp\/v2\/posts\/9358","targetHints":{"allow":["GET"]}}],"collection":[{"href":"https:\/\/agora.xtec.cat\/escolataularodona\/wp-json\/wp\/v2\/posts"}],"about":[{"href":"https:\/\/agora.xtec.cat\/escolataularodona\/wp-json\/wp\/v2\/types\/post"}],"author":[{"embeddable":true,"href":"https:\/\/agora.xtec.cat\/escolataularodona\/wp-json\/wp\/v2\/users\/18"}],"replies":[{"embeddable":true,"href":"https:\/\/agora.xtec.cat\/escolataularodona\/wp-json\/wp\/v2\/comments?post=9358"}],"version-history":[{"count":2,"href":"https:\/\/agora.xtec.cat\/escolataularodona\/wp-json\/wp\/v2\/posts\/9358\/revisions"}],"predecessor-version":[{"id":9369,"href":"https:\/\/agora.xtec.cat\/escolataularodona\/wp-json\/wp\/v2\/posts\/9358\/revisions\/9369"}],"wp:featuredmedia":[{"embeddable":true,"href":"https:\/\/agora.xtec.cat\/escolataularodona\/wp-json\/wp\/v2\/media\/9359"}],"wp:attachment":[{"href":"https:\/\/agora.xtec.cat\/escolataularodona\/wp-json\/wp\/v2\/media?parent=9358"}],"wp:term":[{"taxonomy":"category","embeddable":true,"href":"https:\/\/agora.xtec.cat\/escolataularodona\/wp-json\/wp\/v2\/categories?post=9358"},{"taxonomy":"post_tag","embeddable":true,"href":"https:\/\/agora.xtec.cat\/escolataularodona\/wp-json\/wp\/v2\/tags?post=9358"}],"curies":[{"name":"wp","href":"https:\/\/api.w.org\/{rel}","templated":true}]}}