{"id":9241,"date":"2024-03-01T10:39:13","date_gmt":"2024-03-01T09:39:13","guid":{"rendered":"https:\/\/agora.xtec.cat\/escolataularodona\/?p=9241"},"modified":"2024-03-05T13:19:47","modified_gmt":"2024-03-05T12:19:47","slug":"looking-through-different-eyes-mirades","status":"publish","type":"post","link":"https:\/\/agora.xtec.cat\/escolataularodona\/general\/looking-through-different-eyes-mirades\/","title":{"rendered":"LOOKING THROUGH DIFFERENT EYES &#8220;MIRADES&#8221;"},"content":{"rendered":"<p><img loading=\"lazy\" decoding=\"async\" class=\"alignnone size-medium wp-image-9244 aligncenter\" src=\"https:\/\/agora.xtec.cat\/escolataularodona\/wp-content\/uploads\/usu722\/2024\/02\/EYES-11-1-300x198.png\" alt=\"\" width=\"300\" height=\"198\" srcset=\"https:\/\/agora.xtec.cat\/escolataularodona\/wp-content\/uploads\/usu722\/2024\/02\/EYES-11-1-300x198.png 300w, https:\/\/agora.xtec.cat\/escolataularodona\/wp-content\/uploads\/usu722\/2024\/02\/EYES-11-1.png 586w\" sizes=\"auto, (max-width: 300px) 100vw, 300px\" \/><\/p>\n<p><strong>LOOKING THROUGH DIFFERENT EYES\u00a0<\/strong><span style=\"font-weight: 400\">\u201c<\/span><b>MIRADES<\/b><span style=\"font-weight: 400\">\u201d<\/span><\/p>\n<p><span style=\"font-weight: 400\">\u2026.. I va arribar el moment de pensar com seria el nostre personatge, era hora de deixar volar aix\u00f2 que tant ens agrada, la nostra imaginaci\u00f3; i vam imaginar com seria, d\u2019on vindria, la seva cultura, tradicions\u2026 i el vam identificar amb una cara personalitzada. Ens acab\u00e0vem de convertir en uns aut\u00e8ntics artistes, fent l\u2019esb\u00f3s del nostre propi personatge.<\/span><\/p>\n<p><img loading=\"lazy\" decoding=\"async\" class=\"alignnone size-medium wp-image-9247\" src=\"https:\/\/agora.xtec.cat\/escolataularodona\/wp-content\/uploads\/usu722\/2024\/03\/eye-5-237x300.png\" alt=\"\" width=\"237\" height=\"300\" srcset=\"https:\/\/agora.xtec.cat\/escolataularodona\/wp-content\/uploads\/usu722\/2024\/03\/eye-5-237x300.png 237w, https:\/\/agora.xtec.cat\/escolataularodona\/wp-content\/uploads\/usu722\/2024\/03\/eye-5.png 251w\" sizes=\"auto, (max-width: 237px) 100vw, 237px\" \/>\u00a0 \u00a0 \u00a0 \u00a0 \u00a0 <img loading=\"lazy\" decoding=\"async\" class=\"alignnone size-medium wp-image-9252\" src=\"https:\/\/agora.xtec.cat\/escolataularodona\/wp-content\/uploads\/usu722\/2024\/03\/eye-10-227x300.png\" alt=\"\" width=\"227\" height=\"300\" srcset=\"https:\/\/agora.xtec.cat\/escolataularodona\/wp-content\/uploads\/usu722\/2024\/03\/eye-10-227x300.png 227w, https:\/\/agora.xtec.cat\/escolataularodona\/wp-content\/uploads\/usu722\/2024\/03\/eye-10.png 372w\" sizes=\"auto, (max-width: 227px) 100vw, 227px\" \/><\/p>\n<p><span style=\"font-weight: 400\">Durant el proc\u00e9s de creaci\u00f3 vam identificar la nostra figura imagin\u00e0ria amb una emoci\u00f3. Aquesta feina no va ser del tot f\u00e0cil, ja que hav\u00edem de posar un context real, una situaci\u00f3 viscuda i dissenyar la MIRADA de la nostra creaci\u00f3. Per fer-ho vam fer servir fustes, realitzar c\u00e0lculs i aplicar t\u00e8cniques art\u00edstiques. Va quedar espectacular!!<\/span><\/p>\n<p><img loading=\"lazy\" decoding=\"async\" class=\"alignnone size-medium wp-image-9248\" src=\"https:\/\/agora.xtec.cat\/escolataularodona\/wp-content\/uploads\/usu722\/2024\/03\/eye-6-228x300.png\" alt=\"\" width=\"228\" height=\"300\" srcset=\"https:\/\/agora.xtec.cat\/escolataularodona\/wp-content\/uploads\/usu722\/2024\/03\/eye-6-228x300.png 228w, https:\/\/agora.xtec.cat\/escolataularodona\/wp-content\/uploads\/usu722\/2024\/03\/eye-6.png 393w\" sizes=\"auto, (max-width: 228px) 100vw, 228px\" \/>\u00a0 \u00a0 \u00a0 \u00a0 <img loading=\"lazy\" decoding=\"async\" class=\"alignnone size-medium wp-image-9249\" src=\"https:\/\/agora.xtec.cat\/escolataularodona\/wp-content\/uploads\/usu722\/2024\/03\/eye-8-227x300.png\" alt=\"\" width=\"227\" height=\"300\" srcset=\"https:\/\/agora.xtec.cat\/escolataularodona\/wp-content\/uploads\/usu722\/2024\/03\/eye-8-227x300.png 227w, https:\/\/agora.xtec.cat\/escolataularodona\/wp-content\/uploads\/usu722\/2024\/03\/eye-8.png 389w\" sizes=\"auto, (max-width: 227px) 100vw, 227px\" \/><\/p>\n<p><span style=\"font-weight: 400\">A continuaci\u00f3, en un exercici d\u2019empatia, ens hav\u00edem de posar a la seva pell i, des d\u2019aquella perspectiva, buscar un quadre art\u00edstic que transmet\u00e9s aquella mateixa emoci\u00f3 i descriure\u2019l en llengua anglesa. Ara, ja nom\u00e9s quedava comunicar oralment l\u2019obra d\u2019art escollida als nostres companys i companyes identificada amb la mirada del personatge que hav\u00edem creat inicialment.<\/span><\/p>\n<p><img loading=\"lazy\" decoding=\"async\" class=\"alignnone size-medium wp-image-9250\" src=\"https:\/\/agora.xtec.cat\/escolataularodona\/wp-content\/uploads\/usu722\/2024\/03\/eye-9-229x300.png\" alt=\"\" width=\"229\" height=\"300\" srcset=\"https:\/\/agora.xtec.cat\/escolataularodona\/wp-content\/uploads\/usu722\/2024\/03\/eye-9-229x300.png 229w, https:\/\/agora.xtec.cat\/escolataularodona\/wp-content\/uploads\/usu722\/2024\/03\/eye-9.png 342w\" sizes=\"auto, (max-width: 229px) 100vw, 229px\" \/> <img loading=\"lazy\" decoding=\"async\" class=\"alignnone size-medium wp-image-9254\" src=\"https:\/\/agora.xtec.cat\/escolataularodona\/wp-content\/uploads\/usu722\/2024\/03\/text-1-300x178.png\" alt=\"\" width=\"300\" height=\"178\" srcset=\"https:\/\/agora.xtec.cat\/escolataularodona\/wp-content\/uploads\/usu722\/2024\/03\/text-1-300x178.png 300w, https:\/\/agora.xtec.cat\/escolataularodona\/wp-content\/uploads\/usu722\/2024\/03\/text-1.png 464w\" sizes=\"auto, (max-width: 300px) 100vw, 300px\" \/><\/p>\n<p><img loading=\"lazy\" decoding=\"async\" class=\"alignnone size-medium wp-image-9255 aligncenter\" src=\"https:\/\/agora.xtec.cat\/escolataularodona\/wp-content\/uploads\/usu722\/2024\/03\/text-2-300x188.png\" alt=\"\" width=\"300\" height=\"188\" srcset=\"https:\/\/agora.xtec.cat\/escolataularodona\/wp-content\/uploads\/usu722\/2024\/03\/text-2-300x188.png 300w, https:\/\/agora.xtec.cat\/escolataularodona\/wp-content\/uploads\/usu722\/2024\/03\/text-2.png 448w\" sizes=\"auto, (max-width: 300px) 100vw, 300px\" \/><\/p>\n<p>5th LEVEL STUDENTS<\/p>\n","protected":false},"excerpt":{"rendered":"<p>LOOKING THROUGH DIFFERENT EYES\u00a0\u201cMIRADES\u201d<br \/>\n\u2026.. I va arribar el moment de pensar com seria el nostre personatge, era hora de deixar volar aix\u00f2 que tant ens agrada, la nostra imaginaci\u00f3; i vam imaginar com seria, d\u2019on vindria, la seva cultura, tradicions\u2026 i el vam identificar amb&hellip;  <a href=\"https:\/\/agora.xtec.cat\/escolataularodona\/general\/looking-through-different-eyes-mirades\/\" title=\"Read LOOKING THROUGH DIFFERENT EYES &#8220;MIRADES&#8221;\">Llegeix m\u00e9s\u00bb<\/a><\/p>\n","protected":false},"author":18,"featured_media":9243,"comment_status":"closed","ping_status":"closed","sticky":false,"template":"","format":"standard","meta":{"_bbp_topic_count":0,"_bbp_reply_count":0,"_bbp_total_topic_count":0,"_bbp_total_reply_count":0,"_bbp_voice_count":0,"_bbp_anonymous_reply_count":0,"_bbp_topic_count_hidden":0,"_bbp_reply_count_hidden":0,"_bbp_forum_subforum_count":0,"footnotes":""},"categories":[14,70,68,1],"tags":[182],"class_list":["post-9241","post","type-post","status-publish","format-standard","has-post-thumbnail","hentry","category-5e","category-arts","category-english","category-general","tag-2023-2024"],"post_mailing_queue_ids":[],"_links":{"self":[{"href":"https:\/\/agora.xtec.cat\/escolataularodona\/wp-json\/wp\/v2\/posts\/9241","targetHints":{"allow":["GET"]}}],"collection":[{"href":"https:\/\/agora.xtec.cat\/escolataularodona\/wp-json\/wp\/v2\/posts"}],"about":[{"href":"https:\/\/agora.xtec.cat\/escolataularodona\/wp-json\/wp\/v2\/types\/post"}],"author":[{"embeddable":true,"href":"https:\/\/agora.xtec.cat\/escolataularodona\/wp-json\/wp\/v2\/users\/18"}],"replies":[{"embeddable":true,"href":"https:\/\/agora.xtec.cat\/escolataularodona\/wp-json\/wp\/v2\/comments?post=9241"}],"version-history":[{"count":6,"href":"https:\/\/agora.xtec.cat\/escolataularodona\/wp-json\/wp\/v2\/posts\/9241\/revisions"}],"predecessor-version":[{"id":9256,"href":"https:\/\/agora.xtec.cat\/escolataularodona\/wp-json\/wp\/v2\/posts\/9241\/revisions\/9256"}],"wp:featuredmedia":[{"embeddable":true,"href":"https:\/\/agora.xtec.cat\/escolataularodona\/wp-json\/wp\/v2\/media\/9243"}],"wp:attachment":[{"href":"https:\/\/agora.xtec.cat\/escolataularodona\/wp-json\/wp\/v2\/media?parent=9241"}],"wp:term":[{"taxonomy":"category","embeddable":true,"href":"https:\/\/agora.xtec.cat\/escolataularodona\/wp-json\/wp\/v2\/categories?post=9241"},{"taxonomy":"post_tag","embeddable":true,"href":"https:\/\/agora.xtec.cat\/escolataularodona\/wp-json\/wp\/v2\/tags?post=9241"}],"curies":[{"name":"wp","href":"https:\/\/api.w.org\/{rel}","templated":true}]}}