{"id":9016,"date":"2023-06-22T21:37:25","date_gmt":"2023-06-22T19:37:25","guid":{"rendered":"https:\/\/agora.xtec.cat\/escolataularodona\/?p=9016"},"modified":"2024-03-05T13:22:50","modified_gmt":"2024-03-05T12:22:50","slug":"english-day","status":"publish","type":"post","link":"https:\/\/agora.xtec.cat\/escolataularodona\/english\/english-day\/","title":{"rendered":"ENGLISH DAY!"},"content":{"rendered":"<p><img loading=\"lazy\" decoding=\"async\" class=\"size-medium wp-image-9017 aligncenter\" src=\"https:\/\/agora.xtec.cat\/escolataularodona\/wp-content\/uploads\/usu722\/2023\/06\/Captura-de-pantalla-2023-06-22-131057-300x155.png\" alt=\"\" width=\"300\" height=\"155\" srcset=\"https:\/\/agora.xtec.cat\/escolataularodona\/wp-content\/uploads\/usu722\/2023\/06\/Captura-de-pantalla-2023-06-22-131057-300x155.png 300w, https:\/\/agora.xtec.cat\/escolataularodona\/wp-content\/uploads\/usu722\/2023\/06\/Captura-de-pantalla-2023-06-22-131057.png 747w\" sizes=\"auto, (max-width: 300px) 100vw, 300px\" \/><\/p>\n<p>L\u2019escola Taula Rodona aposta pel pluriling\u00fcisme i \u00e9s per aix\u00f2 que vam celebrar la primera jornada <strong>English Day el divendres 16 de juny<\/strong>.<\/p>\n<p>Aquesta jornada \u00e9s una iniciativa valuosa per fomentar l&#8217;\u00fas de l&#8217;angl\u00e8s, promoure la compet\u00e8ncia ling\u00fc\u00edstica entre els estudiants i fomentar la consci\u00e8ncia i l&#8217;apreciaci\u00f3 de les diferents cultures de parla anglesa.<\/p>\n<p>A la vegada, volem crear un entorn d&#8217;immersi\u00f3 en angl\u00e8s durant tot el dia que ajudi a enfortir la confian\u00e7a dels estudiants en aquest idioma, faciliti la comunicaci\u00f3 oral en angl\u00e8s entre l\u2019alumnat i tamb\u00e9, entre el professorat, animant-los a prendre riscos i superar les barreres ling\u00fc\u00edstiques.<\/p>\n<p>Per aquesta ocasi\u00f3 vam apostar per una din\u00e0mica d\u2019activitats ambientada en diferents pa\u00efsos de parla anglesa: <strong>SOUTH AFRICA, IRELAND, INDIA, NEW ZEALAND, USA &amp; UK<\/strong>.<\/p>\n<p>Les activitats van ser presentades amb un v\u00eddeo on se\u2019ls va introduir els diferents pa\u00efsos a treballar i van aprendre aspectes interessants del pa\u00eds escollit. A continuaci\u00f3 ens vam despla\u00e7ar al pati per practicar un joc t\u00edpic del pa\u00eds i finalment vam practicar diferents danses caracter\u00edstiques de cada pa\u00eds.<\/p>\n<p>Els nens i nenes d\u2019educaci\u00f3 infantil tamb\u00e9 van gaudir d\u2019un espectacle teatral de l\u2019obra <strong>\u201cLittle Red Riding Hoot\u201d<\/strong> . Va ser una activitat molt divertida i engrescadora per als infants, els quals finalment tamb\u00e9 van poder gaudir de les danses amb l\u2019alumnat de prim\u00e0ria.<\/p>\n<p>Va ser un dia amenitzat per un seguit d&#8217;activitats que els nostres alumnes van haver de portar a terme utilitzant la llengua anglesa. En un ambient molt am\u00e8 i dist\u00e8s treballant en equip on sortia la motivaci\u00f3 d&#8217;aconseguir monedes de reconeixement per l&#8217;\u00fas de la llengua anglesa entre els infants.<\/p>\n<p>L&#8217;objectiu d&#8217;aquesta jornada \u00e9s gaudir realitzant diferents activitats en angl\u00e8s i donar un impuls a la llengua, i veient \u00a0la resposta dels nostres alumnes envers les activitats dutes a terme durant l&#8217;English Day, creiem que es va assolir satisfact\u00f2riament aquest objectiu.<\/p>\n<p>We\u00a0enjoyed\u00a0it\u00a0a lot!<\/p>\n<p>Educaci\u00f3 Infantil <a href=\"https:\/\/agora.xtec.cat\/escolataularodona\/fotografies-e-i-3-anys\/\" target=\"_blank\" rel=\"noopener\">I3<\/a> &#8211;<a href=\"https:\/\/agora.xtec.cat\/escolataularodona\/fotografies-e-i-4-anys\/\" target=\"_blank\" rel=\"noopener\"> I4<\/a> &#8211;<a href=\"https:\/\/agora.xtec.cat\/escolataularodona\/fotografies-e-i-5-anys\/\" target=\"_blank\" rel=\"noopener\"> I5<\/a><\/p>\n<p>Educaci\u00f3 Prim\u00e0ria <a href=\"https:\/\/agora.xtec.cat\/escolataularodona\/fotografies-c-i-primer\/\" target=\"_blank\" rel=\"noopener\">1r<\/a> &#8211;<a href=\"https:\/\/agora.xtec.cat\/escolataularodona\/fotografies-c-i-segon\/\" target=\"_blank\" rel=\"noopener\"> 2n<\/a> &#8211; <a href=\"https:\/\/agora.xtec.cat\/escolataularodona\/fotografies-ciclemitja\/\" target=\"_blank\" rel=\"noopener\">cicle mitj\u00e0<\/a> &#8211; <a href=\"https:\/\/agora.xtec.cat\/escolataularodona\/fotografies-cicle-superior\/\" target=\"_blank\" rel=\"noopener\">cicle superior<\/a><\/p>\n","protected":false},"excerpt":{"rendered":"<p>L\u2019escola Taula Rodona aposta pel pluriling\u00fcisme i \u00e9s per aix\u00f2 que vam celebrar la primera jornada English Day el divendres 16 de juny.<br \/>\nAquesta jornada \u00e9s una iniciativa valuosa per fomentar l&#8217;\u00fas de l&#8217;angl\u00e8s, promoure la compet\u00e8ncia ling\u00fc\u00edstica entre els estudiants i fomentar la consci\u00e8ncia i&hellip;  <a href=\"https:\/\/agora.xtec.cat\/escolataularodona\/english\/english-day\/\" title=\"Read ENGLISH DAY!\">Llegeix m\u00e9s\u00bb<\/a><\/p>\n","protected":false},"author":18,"featured_media":9017,"comment_status":"closed","ping_status":"closed","sticky":false,"template":"","format":"standard","meta":{"_bbp_topic_count":0,"_bbp_reply_count":0,"_bbp_total_topic_count":0,"_bbp_total_reply_count":0,"_bbp_voice_count":0,"_bbp_anonymous_reply_count":0,"_bbp_topic_count_hidden":0,"_bbp_reply_count_hidden":0,"_bbp_forum_subforum_count":0,"footnotes":""},"categories":[68,176],"tags":[175],"class_list":["post-9016","post","type-post","status-publish","format-standard","has-post-thumbnail","hentry","category-english","category-gep","tag-2022-2023"],"post_mailing_queue_ids":[],"_links":{"self":[{"href":"https:\/\/agora.xtec.cat\/escolataularodona\/wp-json\/wp\/v2\/posts\/9016","targetHints":{"allow":["GET"]}}],"collection":[{"href":"https:\/\/agora.xtec.cat\/escolataularodona\/wp-json\/wp\/v2\/posts"}],"about":[{"href":"https:\/\/agora.xtec.cat\/escolataularodona\/wp-json\/wp\/v2\/types\/post"}],"author":[{"embeddable":true,"href":"https:\/\/agora.xtec.cat\/escolataularodona\/wp-json\/wp\/v2\/users\/18"}],"replies":[{"embeddable":true,"href":"https:\/\/agora.xtec.cat\/escolataularodona\/wp-json\/wp\/v2\/comments?post=9016"}],"version-history":[{"count":3,"href":"https:\/\/agora.xtec.cat\/escolataularodona\/wp-json\/wp\/v2\/posts\/9016\/revisions"}],"predecessor-version":[{"id":9021,"href":"https:\/\/agora.xtec.cat\/escolataularodona\/wp-json\/wp\/v2\/posts\/9016\/revisions\/9021"}],"wp:featuredmedia":[{"embeddable":true,"href":"https:\/\/agora.xtec.cat\/escolataularodona\/wp-json\/wp\/v2\/media\/9017"}],"wp:attachment":[{"href":"https:\/\/agora.xtec.cat\/escolataularodona\/wp-json\/wp\/v2\/media?parent=9016"}],"wp:term":[{"taxonomy":"category","embeddable":true,"href":"https:\/\/agora.xtec.cat\/escolataularodona\/wp-json\/wp\/v2\/categories?post=9016"},{"taxonomy":"post_tag","embeddable":true,"href":"https:\/\/agora.xtec.cat\/escolataularodona\/wp-json\/wp\/v2\/tags?post=9016"}],"curies":[{"name":"wp","href":"https:\/\/api.w.org\/{rel}","templated":true}]}}