{"id":8998,"date":"2023-06-21T14:53:00","date_gmt":"2023-06-21T12:53:00","guid":{"rendered":"https:\/\/agora.xtec.cat\/escolataularodona\/?p=8998"},"modified":"2024-03-05T13:23:03","modified_gmt":"2024-03-05T12:23:03","slug":"comiat-mural-sise-promocio-2014-2023","status":"publish","type":"post","link":"https:\/\/agora.xtec.cat\/escolataularodona\/arts\/comiat-mural-sise-promocio-2014-2023\/","title":{"rendered":"COMIAT MURAL SIS\u00c8: PROMOCI\u00d3 2014- 2023"},"content":{"rendered":"<p>&nbsp;<\/p>\n<p><img loading=\"lazy\" decoding=\"async\" class=\"size-medium wp-image-9010 aligncenter\" src=\"https:\/\/agora.xtec.cat\/escolataularodona\/wp-content\/uploads\/usu722\/2023\/06\/Captura-de-pantalla-2023-06-21-144048-300x171.png\" alt=\"\" width=\"300\" height=\"171\" srcset=\"https:\/\/agora.xtec.cat\/escolataularodona\/wp-content\/uploads\/usu722\/2023\/06\/Captura-de-pantalla-2023-06-21-144048-300x171.png 300w, https:\/\/agora.xtec.cat\/escolataularodona\/wp-content\/uploads\/usu722\/2023\/06\/Captura-de-pantalla-2023-06-21-144048.png 746w\" sizes=\"auto, (max-width: 300px) 100vw, 300px\" \/><\/p>\n<p>Aquest mural est\u00e0 fet pels infants de sis\u00e8 de prim\u00e0ria amb la finalitat de recordar aquests nou anys que han estat a l&#8217;escola acompanyats per un dels seus tutors, el <span class=\"hiddenSpellError\">Javier<\/span>, que els ha guiat en la creaci\u00f3 tan m\u00e0gica i particular d&#8217;aquest mural!<\/p>\n<p>Aquesta obra art\u00edstica t\u00e9 un significat molt bonic!\u00a0<span class=\"hiddenGrammarError\">&#8220;<\/span>La hist\u00f2ria comen\u00e7a a la panxa de la nostra mare, on cadasc\u00fa de nosaltres va n\u00e9ixer, tot seguit ens fem una mica grans i \u00e9s on comen\u00e7a el nostre cicle de la vida. Des de I3 passem per moltes persones que ens han ajudat, aprenent i gaudint junts, fins aquest moment. Un curs en el qual ens emportem molt bons records, experi\u00e8ncies i en el que tamb\u00e9 hem posat molt d&#8217;esfor\u00e7.<\/p>\n<p>A partir d&#8217;aqu\u00ed ens espera una nova aventura, on cadasc\u00fa de nosaltres agafar\u00e0 un cam\u00ed diferent, alguns ens separarem, altres ens distanciarem&#8230; per\u00f2 ser\u00e0 aquest mural l&#8217;empremta que deixarem a l&#8217;escola Taula Rodona, la nostra escola!!<\/p>\n<p>Redactat per l&#8217;alumnat de sis\u00e8.<\/p>\n<p><img loading=\"lazy\" decoding=\"async\" class=\"alignnone size-medium wp-image-9005\" src=\"https:\/\/agora.xtec.cat\/escolataularodona\/wp-content\/uploads\/usu722\/2023\/06\/PHOTO-2023-06-21-12-13-49-300x168.jpg\" alt=\"\" width=\"300\" height=\"168\" srcset=\"https:\/\/agora.xtec.cat\/escolataularodona\/wp-content\/uploads\/usu722\/2023\/06\/PHOTO-2023-06-21-12-13-49-300x168.jpg 300w, https:\/\/agora.xtec.cat\/escolataularodona\/wp-content\/uploads\/usu722\/2023\/06\/PHOTO-2023-06-21-12-13-49-1024x575.jpg 1024w, https:\/\/agora.xtec.cat\/escolataularodona\/wp-content\/uploads\/usu722\/2023\/06\/PHOTO-2023-06-21-12-13-49-768x431.jpg 768w, https:\/\/agora.xtec.cat\/escolataularodona\/wp-content\/uploads\/usu722\/2023\/06\/PHOTO-2023-06-21-12-13-49-1536x863.jpg 1536w, https:\/\/agora.xtec.cat\/escolataularodona\/wp-content\/uploads\/usu722\/2023\/06\/PHOTO-2023-06-21-12-13-49.jpg 2048w\" sizes=\"auto, (max-width: 300px) 100vw, 300px\" \/> <img loading=\"lazy\" decoding=\"async\" class=\"alignnone size-medium wp-image-9006\" src=\"https:\/\/agora.xtec.cat\/escolataularodona\/wp-content\/uploads\/usu722\/2023\/06\/PHOTO-2023-06-21-12-13-48-3-300x168.jpg\" alt=\"\" width=\"300\" height=\"168\" srcset=\"https:\/\/agora.xtec.cat\/escolataularodona\/wp-content\/uploads\/usu722\/2023\/06\/PHOTO-2023-06-21-12-13-48-3-300x168.jpg 300w, https:\/\/agora.xtec.cat\/escolataularodona\/wp-content\/uploads\/usu722\/2023\/06\/PHOTO-2023-06-21-12-13-48-3-1024x575.jpg 1024w, https:\/\/agora.xtec.cat\/escolataularodona\/wp-content\/uploads\/usu722\/2023\/06\/PHOTO-2023-06-21-12-13-48-3-768x431.jpg 768w, https:\/\/agora.xtec.cat\/escolataularodona\/wp-content\/uploads\/usu722\/2023\/06\/PHOTO-2023-06-21-12-13-48-3-1536x863.jpg 1536w, https:\/\/agora.xtec.cat\/escolataularodona\/wp-content\/uploads\/usu722\/2023\/06\/PHOTO-2023-06-21-12-13-48-3.jpg 2048w\" sizes=\"auto, (max-width: 300px) 100vw, 300px\" \/> <img loading=\"lazy\" decoding=\"async\" class=\"alignnone size-medium wp-image-9007\" src=\"https:\/\/agora.xtec.cat\/escolataularodona\/wp-content\/uploads\/usu722\/2023\/06\/PHOTO-2023-06-21-12-13-48-1-300x168.jpg\" alt=\"\" width=\"300\" height=\"168\" srcset=\"https:\/\/agora.xtec.cat\/escolataularodona\/wp-content\/uploads\/usu722\/2023\/06\/PHOTO-2023-06-21-12-13-48-1-300x168.jpg 300w, https:\/\/agora.xtec.cat\/escolataularodona\/wp-content\/uploads\/usu722\/2023\/06\/PHOTO-2023-06-21-12-13-48-1-1024x575.jpg 1024w, https:\/\/agora.xtec.cat\/escolataularodona\/wp-content\/uploads\/usu722\/2023\/06\/PHOTO-2023-06-21-12-13-48-1-768x431.jpg 768w, https:\/\/agora.xtec.cat\/escolataularodona\/wp-content\/uploads\/usu722\/2023\/06\/PHOTO-2023-06-21-12-13-48-1-1536x863.jpg 1536w, https:\/\/agora.xtec.cat\/escolataularodona\/wp-content\/uploads\/usu722\/2023\/06\/PHOTO-2023-06-21-12-13-48-1.jpg 2048w\" sizes=\"auto, (max-width: 300px) 100vw, 300px\" \/> <img loading=\"lazy\" decoding=\"async\" class=\"alignnone size-medium wp-image-9008\" src=\"https:\/\/agora.xtec.cat\/escolataularodona\/wp-content\/uploads\/usu722\/2023\/06\/PHOTO-2023-06-21-12-13-48-300x167.jpg\" alt=\"\" width=\"300\" height=\"167\" srcset=\"https:\/\/agora.xtec.cat\/escolataularodona\/wp-content\/uploads\/usu722\/2023\/06\/PHOTO-2023-06-21-12-13-48-300x167.jpg 300w, https:\/\/agora.xtec.cat\/escolataularodona\/wp-content\/uploads\/usu722\/2023\/06\/PHOTO-2023-06-21-12-13-48-1024x568.jpg 1024w, https:\/\/agora.xtec.cat\/escolataularodona\/wp-content\/uploads\/usu722\/2023\/06\/PHOTO-2023-06-21-12-13-48-768x426.jpg 768w, https:\/\/agora.xtec.cat\/escolataularodona\/wp-content\/uploads\/usu722\/2023\/06\/PHOTO-2023-06-21-12-13-48-1536x853.jpg 1536w, https:\/\/agora.xtec.cat\/escolataularodona\/wp-content\/uploads\/usu722\/2023\/06\/PHOTO-2023-06-21-12-13-48.jpg 1695w\" sizes=\"auto, (max-width: 300px) 100vw, 300px\" \/><\/p>\n","protected":false},"excerpt":{"rendered":"<p>&nbsp;<\/p>\n<p>Aquest mural est\u00e0 fet pels infants de sis\u00e8 de prim\u00e0ria amb la finalitat de recordar aquests nou anys que han estat a l&#8217;escola acompanyats per un dels seus tutors, el Javier, que els ha guiat en la creaci\u00f3 tan m\u00e0gica i particular d&#8217;aquest mural!<br \/>\nAquesta obra&hellip;  <a href=\"https:\/\/agora.xtec.cat\/escolataularodona\/arts\/comiat-mural-sise-promocio-2014-2023\/\" title=\"Read COMIAT MURAL SIS\u00c8: PROMOCI\u00d3 2014- 2023\">Llegeix m\u00e9s\u00bb<\/a><\/p>\n","protected":false},"author":18,"featured_media":9010,"comment_status":"closed","ping_status":"closed","sticky":false,"template":"","format":"standard","meta":{"_bbp_topic_count":0,"_bbp_reply_count":0,"_bbp_total_topic_count":0,"_bbp_total_reply_count":0,"_bbp_voice_count":0,"_bbp_anonymous_reply_count":0,"_bbp_topic_count_hidden":0,"_bbp_reply_count_hidden":0,"_bbp_forum_subforum_count":0,"footnotes":""},"categories":[70],"tags":[175],"class_list":["post-8998","post","type-post","status-publish","format-standard","has-post-thumbnail","hentry","category-arts","tag-2022-2023"],"post_mailing_queue_ids":[],"_links":{"self":[{"href":"https:\/\/agora.xtec.cat\/escolataularodona\/wp-json\/wp\/v2\/posts\/8998","targetHints":{"allow":["GET"]}}],"collection":[{"href":"https:\/\/agora.xtec.cat\/escolataularodona\/wp-json\/wp\/v2\/posts"}],"about":[{"href":"https:\/\/agora.xtec.cat\/escolataularodona\/wp-json\/wp\/v2\/types\/post"}],"author":[{"embeddable":true,"href":"https:\/\/agora.xtec.cat\/escolataularodona\/wp-json\/wp\/v2\/users\/18"}],"replies":[{"embeddable":true,"href":"https:\/\/agora.xtec.cat\/escolataularodona\/wp-json\/wp\/v2\/comments?post=8998"}],"version-history":[{"count":3,"href":"https:\/\/agora.xtec.cat\/escolataularodona\/wp-json\/wp\/v2\/posts\/8998\/revisions"}],"predecessor-version":[{"id":9012,"href":"https:\/\/agora.xtec.cat\/escolataularodona\/wp-json\/wp\/v2\/posts\/8998\/revisions\/9012"}],"wp:featuredmedia":[{"embeddable":true,"href":"https:\/\/agora.xtec.cat\/escolataularodona\/wp-json\/wp\/v2\/media\/9010"}],"wp:attachment":[{"href":"https:\/\/agora.xtec.cat\/escolataularodona\/wp-json\/wp\/v2\/media?parent=8998"}],"wp:term":[{"taxonomy":"category","embeddable":true,"href":"https:\/\/agora.xtec.cat\/escolataularodona\/wp-json\/wp\/v2\/categories?post=8998"},{"taxonomy":"post_tag","embeddable":true,"href":"https:\/\/agora.xtec.cat\/escolataularodona\/wp-json\/wp\/v2\/tags?post=8998"}],"curies":[{"name":"wp","href":"https:\/\/api.w.org\/{rel}","templated":true}]}}