{"id":8971,"date":"2023-06-21T14:25:51","date_gmt":"2023-06-21T12:25:51","guid":{"rendered":"https:\/\/agora.xtec.cat\/escolataularodona\/?p=8971"},"modified":"2024-03-05T13:16:27","modified_gmt":"2024-03-05T12:16:27","slug":"land-art-2","status":"publish","type":"post","link":"https:\/\/agora.xtec.cat\/escolataularodona\/english\/land-art-2\/","title":{"rendered":"LAND ART!"},"content":{"rendered":"<p><img loading=\"lazy\" decoding=\"async\" class=\"size-medium wp-image-8979 aligncenter\" src=\"https:\/\/agora.xtec.cat\/escolataularodona\/wp-content\/uploads\/usu722\/2023\/06\/Captura-de-pantalla-2023-06-21-133011-300x229.png\" alt=\"\" width=\"300\" height=\"229\" srcset=\"https:\/\/agora.xtec.cat\/escolataularodona\/wp-content\/uploads\/usu722\/2023\/06\/Captura-de-pantalla-2023-06-21-133011-300x229.png 300w, https:\/\/agora.xtec.cat\/escolataularodona\/wp-content\/uploads\/usu722\/2023\/06\/Captura-de-pantalla-2023-06-21-133011.png 748w\" sizes=\"auto, (max-width: 300px) 100vw, 300px\" \/><\/p>\n<p>L&#8217;alumnat de prim\u00e0ria de la nostra escola vol compartir amb vosaltres un projecte art\u00edstic inspirat amb la t\u00e8cnica de <strong>LAND ART<\/strong>. Un projecte on el nostre alumnat ha de portar a terme creacions i produccions art\u00edstiques mitjan\u00e7ant elements que provenen de la natura.<\/p>\n<p><img loading=\"lazy\" decoding=\"async\" class=\"alignnone size-medium wp-image-8981\" src=\"https:\/\/agora.xtec.cat\/escolataularodona\/wp-content\/uploads\/usu722\/2023\/06\/Captura-de-pantalla-1-300x173.png\" alt=\"\" width=\"300\" height=\"173\" srcset=\"https:\/\/agora.xtec.cat\/escolataularodona\/wp-content\/uploads\/usu722\/2023\/06\/Captura-de-pantalla-1-300x173.png 300w, https:\/\/agora.xtec.cat\/escolataularodona\/wp-content\/uploads\/usu722\/2023\/06\/Captura-de-pantalla-1.png 737w\" sizes=\"auto, (max-width: 300px) 100vw, 300px\" \/>\u00a0 \u00a0 \u00a0 \u00a0 \u00a0 \u00a0 \u00a0 <img loading=\"lazy\" decoding=\"async\" class=\"alignnone size-medium wp-image-8982\" src=\"https:\/\/agora.xtec.cat\/escolataularodona\/wp-content\/uploads\/usu722\/2023\/06\/Captura-de-pantalla-2-226x300.png\" alt=\"\" width=\"226\" height=\"300\" srcset=\"https:\/\/agora.xtec.cat\/escolataularodona\/wp-content\/uploads\/usu722\/2023\/06\/Captura-de-pantalla-2-226x300.png 226w, https:\/\/agora.xtec.cat\/escolataularodona\/wp-content\/uploads\/usu722\/2023\/06\/Captura-de-pantalla-2.png 332w\" sizes=\"auto, (max-width: 226px) 100vw, 226px\" \/><\/p>\n<p>Ja fa dos cursos que des de l&#8217;\u00e0rea d&#8217;art treballem aquest moviment art\u00edstic on el paisatge i l&#8217;obra es troben inextricablement relacionats, on les produccions art\u00edstiques ens permeten estar estretament connectats amb la natura i l&#8217;entorn pr\u00f2xim per tal aix\u00ed d&#8217;empoderar-nos en creativitat i originalitat.<\/p>\n<p>\u00c9s aix\u00ed com durant aquest curs hem treballat en els diferents cicles:<\/p>\n<p>PRIMER CICLE: S&#8217;ha fet un aprenentatge de l\u00ednies i colors en llengua anglesa mitjan\u00e7ant la decoraci\u00f3 de perxes de fusta. Una vegada finalitzades vam decidir regalar-les al professorat i personal PAS de la nostra escola.<\/p>\n<p>SEGON CICLE: Hem fet un treball molt extens de recerca i investigaci\u00f3 sobre diferents artistes en grups heterogenis. Ha sigut un treball cooperatiu on l&#8217;alumnat ha desenvolupat la compet\u00e8ncia digital treballant de manera interactiva i familiaritzant-se amb aplicacions com CANVA per con\u00e8ixer l\u2019artista.<\/p>\n<p>Una vegada aquesta feina ha sigut enllestida han passat a dissenyar cadires divertides inspirades en cadascun dels seus artistes. Ha sigut una feina molt maca!<\/p>\n<p><img loading=\"lazy\" decoding=\"async\" class=\"alignnone size-medium wp-image-8992\" src=\"https:\/\/agora.xtec.cat\/escolataularodona\/wp-content\/uploads\/usu722\/2023\/06\/Captura-de-pantalla-2023-06-21-134959-300x194.png\" alt=\"\" width=\"300\" height=\"194\" srcset=\"https:\/\/agora.xtec.cat\/escolataularodona\/wp-content\/uploads\/usu722\/2023\/06\/Captura-de-pantalla-2023-06-21-134959-300x194.png 300w, https:\/\/agora.xtec.cat\/escolataularodona\/wp-content\/uploads\/usu722\/2023\/06\/Captura-de-pantalla-2023-06-21-134959.png 382w\" sizes=\"auto, (max-width: 300px) 100vw, 300px\" \/>\u00a0 \u00a0 \u00a0 <img loading=\"lazy\" decoding=\"async\" class=\"alignnone size-medium wp-image-8991\" src=\"https:\/\/agora.xtec.cat\/escolataularodona\/wp-content\/uploads\/usu722\/2023\/06\/99-225x300.jpg\" alt=\"\" width=\"225\" height=\"300\" srcset=\"https:\/\/agora.xtec.cat\/escolataularodona\/wp-content\/uploads\/usu722\/2023\/06\/99-225x300.jpg 225w, https:\/\/agora.xtec.cat\/escolataularodona\/wp-content\/uploads\/usu722\/2023\/06\/99-768x1024.jpg 768w, https:\/\/agora.xtec.cat\/escolataularodona\/wp-content\/uploads\/usu722\/2023\/06\/99-rotated.jpg 1000w\" sizes=\"auto, (max-width: 225px) 100vw, 225px\" \/>\u00a0 <img loading=\"lazy\" decoding=\"async\" class=\"alignnone size-medium wp-image-8990\" src=\"https:\/\/agora.xtec.cat\/escolataularodona\/wp-content\/uploads\/usu722\/2023\/06\/88-225x300.jpg\" alt=\"\" width=\"225\" height=\"300\" srcset=\"https:\/\/agora.xtec.cat\/escolataularodona\/wp-content\/uploads\/usu722\/2023\/06\/88-225x300.jpg 225w, https:\/\/agora.xtec.cat\/escolataularodona\/wp-content\/uploads\/usu722\/2023\/06\/88-768x1024.jpg 768w, https:\/\/agora.xtec.cat\/escolataularodona\/wp-content\/uploads\/usu722\/2023\/06\/88-rotated.jpg 1000w\" sizes=\"auto, (max-width: 225px) 100vw, 225px\" \/><\/p>\n<p>TERCER CICLE: Ha fet una elaboraci\u00f3 d&#8217;un pot de vidre amb elements que han representat cada lloc, ciutat o pa\u00eds escollit pels infants. Ha sigut un treball per parelles on tamb\u00e9 han documentat la feina feta digitalment.<\/p>\n<p>A continuaci\u00f3 us animem a visualitzar part de les nostres creacions, esperem que us agradin!!<\/p>\n<p><img loading=\"lazy\" decoding=\"async\" class=\"alignnone size-medium wp-image-8993\" src=\"https:\/\/agora.xtec.cat\/escolataularodona\/wp-content\/uploads\/usu722\/2023\/06\/Captura-de-pantalla-2023-06-21-135030-222x300.png\" alt=\"\" width=\"222\" height=\"300\" srcset=\"https:\/\/agora.xtec.cat\/escolataularodona\/wp-content\/uploads\/usu722\/2023\/06\/Captura-de-pantalla-2023-06-21-135030-222x300.png 222w, https:\/\/agora.xtec.cat\/escolataularodona\/wp-content\/uploads\/usu722\/2023\/06\/Captura-de-pantalla-2023-06-21-135030.png 287w\" sizes=\"auto, (max-width: 222px) 100vw, 222px\" \/>\u00a0 <img loading=\"lazy\" decoding=\"async\" class=\"alignnone size-medium wp-image-8989\" src=\"https:\/\/agora.xtec.cat\/escolataularodona\/wp-content\/uploads\/usu722\/2023\/06\/77-225x300.jpg\" alt=\"\" width=\"225\" height=\"300\" srcset=\"https:\/\/agora.xtec.cat\/escolataularodona\/wp-content\/uploads\/usu722\/2023\/06\/77-225x300.jpg 225w, https:\/\/agora.xtec.cat\/escolataularodona\/wp-content\/uploads\/usu722\/2023\/06\/77-768x1024.jpg 768w, https:\/\/agora.xtec.cat\/escolataularodona\/wp-content\/uploads\/usu722\/2023\/06\/77-rotated.jpg 1000w\" sizes=\"auto, (max-width: 225px) 100vw, 225px\" \/>\u00a0 \u00a0 <img loading=\"lazy\" decoding=\"async\" class=\"alignnone size-medium wp-image-8988\" src=\"https:\/\/agora.xtec.cat\/escolataularodona\/wp-content\/uploads\/usu722\/2023\/06\/66-225x300.jpg\" alt=\"\" width=\"225\" height=\"300\" srcset=\"https:\/\/agora.xtec.cat\/escolataularodona\/wp-content\/uploads\/usu722\/2023\/06\/66-225x300.jpg 225w, https:\/\/agora.xtec.cat\/escolataularodona\/wp-content\/uploads\/usu722\/2023\/06\/66-768x1024.jpg 768w, https:\/\/agora.xtec.cat\/escolataularodona\/wp-content\/uploads\/usu722\/2023\/06\/66-rotated.jpg 1000w\" sizes=\"auto, (max-width: 225px) 100vw, 225px\" \/>\u00a0 \u00a0 \u00a0 \u00a0 \u00a0 \u00a0 \u00a0 \u00a0 \u00a0 \u00a0 \u00a0 \u00a0 \u00a0 \u00a0 \u00a0 \u00a0 \u00a0 \u00a0 \u00a0 \u00a0 \u00a0 \u00a0 \u00a0 \u00a0 <img loading=\"lazy\" decoding=\"async\" class=\"alignnone size-medium wp-image-8985\" src=\"https:\/\/agora.xtec.cat\/escolataularodona\/wp-content\/uploads\/usu722\/2023\/06\/33-225x300.jpg\" alt=\"\" width=\"225\" height=\"300\" srcset=\"https:\/\/agora.xtec.cat\/escolataularodona\/wp-content\/uploads\/usu722\/2023\/06\/33-225x300.jpg 225w, https:\/\/agora.xtec.cat\/escolataularodona\/wp-content\/uploads\/usu722\/2023\/06\/33-768x1024.jpg 768w, https:\/\/agora.xtec.cat\/escolataularodona\/wp-content\/uploads\/usu722\/2023\/06\/33-rotated.jpg 1000w\" sizes=\"auto, (max-width: 225px) 100vw, 225px\" \/>\u00a0 \u00a0 \u00a0 \u00a0 \u00a0 \u00a0 \u00a0 \u00a0 \u00a0 \u00a0 \u00a0 \u00a0 \u00a0 \u00a0 \u00a0 \u00a0 <img loading=\"lazy\" decoding=\"async\" class=\"alignnone size-medium wp-image-8984\" src=\"https:\/\/agora.xtec.cat\/escolataularodona\/wp-content\/uploads\/usu722\/2023\/06\/22-225x300.jpg\" alt=\"\" width=\"225\" height=\"300\" srcset=\"https:\/\/agora.xtec.cat\/escolataularodona\/wp-content\/uploads\/usu722\/2023\/06\/22-225x300.jpg 225w, https:\/\/agora.xtec.cat\/escolataularodona\/wp-content\/uploads\/usu722\/2023\/06\/22-768x1024.jpg 768w, https:\/\/agora.xtec.cat\/escolataularodona\/wp-content\/uploads\/usu722\/2023\/06\/22-rotated.jpg 1000w\" sizes=\"auto, (max-width: 225px) 100vw, 225px\" \/><\/p>\n<p><img loading=\"lazy\" decoding=\"async\" class=\"alignnone size-medium wp-image-8986\" src=\"https:\/\/agora.xtec.cat\/escolataularodona\/wp-content\/uploads\/usu722\/2023\/06\/44-225x300.jpg\" alt=\"\" width=\"225\" height=\"300\" srcset=\"https:\/\/agora.xtec.cat\/escolataularodona\/wp-content\/uploads\/usu722\/2023\/06\/44-225x300.jpg 225w, https:\/\/agora.xtec.cat\/escolataularodona\/wp-content\/uploads\/usu722\/2023\/06\/44-768x1024.jpg 768w, https:\/\/agora.xtec.cat\/escolataularodona\/wp-content\/uploads\/usu722\/2023\/06\/44-rotated.jpg 1000w\" sizes=\"auto, (max-width: 225px) 100vw, 225px\" \/>\u00a0 \u00a0 <img loading=\"lazy\" decoding=\"async\" class=\"alignnone size-medium wp-image-8988\" src=\"https:\/\/agora.xtec.cat\/escolataularodona\/wp-content\/uploads\/usu722\/2023\/06\/66-225x300.jpg\" alt=\"\" width=\"225\" height=\"300\" srcset=\"https:\/\/agora.xtec.cat\/escolataularodona\/wp-content\/uploads\/usu722\/2023\/06\/66-225x300.jpg 225w, https:\/\/agora.xtec.cat\/escolataularodona\/wp-content\/uploads\/usu722\/2023\/06\/66-768x1024.jpg 768w, https:\/\/agora.xtec.cat\/escolataularodona\/wp-content\/uploads\/usu722\/2023\/06\/66-rotated.jpg 1000w\" sizes=\"auto, (max-width: 225px) 100vw, 225px\" \/>\u00a0 \u00a0 <img loading=\"lazy\" decoding=\"async\" class=\"alignnone size-medium wp-image-8987\" src=\"https:\/\/agora.xtec.cat\/escolataularodona\/wp-content\/uploads\/usu722\/2023\/06\/55-225x300.jpg\" alt=\"\" width=\"225\" height=\"300\" srcset=\"https:\/\/agora.xtec.cat\/escolataularodona\/wp-content\/uploads\/usu722\/2023\/06\/55-225x300.jpg 225w, https:\/\/agora.xtec.cat\/escolataularodona\/wp-content\/uploads\/usu722\/2023\/06\/55-768x1024.jpg 768w, https:\/\/agora.xtec.cat\/escolataularodona\/wp-content\/uploads\/usu722\/2023\/06\/55-rotated.jpg 1000w\" sizes=\"auto, (max-width: 225px) 100vw, 225px\" \/><\/p>\n<p>Pots veure m\u00e9s fotos en els seg\u00fcents enlla\u00e7os:<\/p>\n<p><a href=\"https:\/\/agora.xtec.cat\/escolataularodona\/fotografies-c-i-primer\/\" target=\"_blank\" rel=\"noopener\">1r<\/a> &#8211; <a href=\"https:\/\/agora.xtec.cat\/escolataularodona\/fotografies-c-i-segon\/\" target=\"_blank\" rel=\"noopener\">2n<\/a> &#8211; <a href=\"https:\/\/agora.xtec.cat\/escolataularodona\/fotografies-ciclemitja\/\" target=\"_blank\" rel=\"noopener\">3r<\/a> &#8211; <a href=\"https:\/\/agora.xtec.cat\/escolataularodona\/fotografies-ciclemitja\/\" target=\"_blank\" rel=\"noopener\">4rt<\/a> &#8211; <a href=\"https:\/\/agora.xtec.cat\/escolataularodona\/fotografies-cicle-superior\/\" target=\"_blank\" rel=\"noopener\">5\u00e8<\/a>&#8211; <a href=\"https:\/\/agora.xtec.cat\/escolataularodona\/fotografies-cicle-superior\/\" target=\"_blank\" rel=\"noopener\">6\u00e8<\/a><\/p>\n","protected":false},"excerpt":{"rendered":"<p>L&#8217;alumnat de prim\u00e0ria de la nostra escola vol compartir amb vosaltres un projecte art\u00edstic inspirat amb la t\u00e8cnica de LAND ART. Un projecte on el nostre alumnat ha de portar a terme creacions i produccions art\u00edstiques mitjan\u00e7ant elements que provenen de la natura.<br \/>\n\u00a0 \u00a0 \u00a0&hellip;  <a href=\"https:\/\/agora.xtec.cat\/escolataularodona\/english\/land-art-2\/\" title=\"Read LAND ART!\">Llegeix m\u00e9s\u00bb<\/a><\/p>\n","protected":false},"author":18,"featured_media":8979,"comment_status":"closed","ping_status":"closed","sticky":false,"template":"","format":"standard","meta":{"_bbp_topic_count":0,"_bbp_reply_count":0,"_bbp_total_topic_count":0,"_bbp_total_reply_count":0,"_bbp_voice_count":0,"_bbp_anonymous_reply_count":0,"_bbp_topic_count_hidden":0,"_bbp_reply_count_hidden":0,"_bbp_forum_subforum_count":0,"footnotes":""},"categories":[68],"tags":[175],"class_list":["post-8971","post","type-post","status-publish","format-standard","has-post-thumbnail","hentry","category-english","tag-2022-2023"],"post_mailing_queue_ids":[],"_links":{"self":[{"href":"https:\/\/agora.xtec.cat\/escolataularodona\/wp-json\/wp\/v2\/posts\/8971","targetHints":{"allow":["GET"]}}],"collection":[{"href":"https:\/\/agora.xtec.cat\/escolataularodona\/wp-json\/wp\/v2\/posts"}],"about":[{"href":"https:\/\/agora.xtec.cat\/escolataularodona\/wp-json\/wp\/v2\/types\/post"}],"author":[{"embeddable":true,"href":"https:\/\/agora.xtec.cat\/escolataularodona\/wp-json\/wp\/v2\/users\/18"}],"replies":[{"embeddable":true,"href":"https:\/\/agora.xtec.cat\/escolataularodona\/wp-json\/wp\/v2\/comments?post=8971"}],"version-history":[{"count":4,"href":"https:\/\/agora.xtec.cat\/escolataularodona\/wp-json\/wp\/v2\/posts\/8971\/revisions"}],"predecessor-version":[{"id":9014,"href":"https:\/\/agora.xtec.cat\/escolataularodona\/wp-json\/wp\/v2\/posts\/8971\/revisions\/9014"}],"wp:featuredmedia":[{"embeddable":true,"href":"https:\/\/agora.xtec.cat\/escolataularodona\/wp-json\/wp\/v2\/media\/8979"}],"wp:attachment":[{"href":"https:\/\/agora.xtec.cat\/escolataularodona\/wp-json\/wp\/v2\/media?parent=8971"}],"wp:term":[{"taxonomy":"category","embeddable":true,"href":"https:\/\/agora.xtec.cat\/escolataularodona\/wp-json\/wp\/v2\/categories?post=8971"},{"taxonomy":"post_tag","embeddable":true,"href":"https:\/\/agora.xtec.cat\/escolataularodona\/wp-json\/wp\/v2\/tags?post=8971"}],"curies":[{"name":"wp","href":"https:\/\/api.w.org\/{rel}","templated":true}]}}