{"id":8937,"date":"2023-06-06T09:20:32","date_gmt":"2023-06-06T07:20:32","guid":{"rendered":"https:\/\/agora.xtec.cat\/escolataularodona\/?p=8937"},"modified":"2024-03-05T13:24:41","modified_gmt":"2024-03-05T12:24:41","slug":"sortida-parc-guell","status":"publish","type":"post","link":"https:\/\/agora.xtec.cat\/escolataularodona\/prim\/sortida-parc-guell\/","title":{"rendered":"SORTIDA PARC G\u00dcELL!"},"content":{"rendered":"<p><img loading=\"lazy\" decoding=\"async\" class=\"size-medium wp-image-8939 aligncenter\" src=\"https:\/\/agora.xtec.cat\/escolataularodona\/wp-content\/uploads\/usu722\/2023\/06\/Captura-de-pantalla-2023-06-04-161235-300x135.png\" alt=\"\" width=\"300\" height=\"135\" srcset=\"https:\/\/agora.xtec.cat\/escolataularodona\/wp-content\/uploads\/usu722\/2023\/06\/Captura-de-pantalla-2023-06-04-161235-300x135.png 300w, https:\/\/agora.xtec.cat\/escolataularodona\/wp-content\/uploads\/usu722\/2023\/06\/Captura-de-pantalla-2023-06-04-161235.png 583w\" sizes=\"auto, (max-width: 300px) 100vw, 300px\" \/><\/p>\n<p>&nbsp;<\/p>\n<p>L&#8217;alumnat de primer i segon cicle de l&#8217;escola ha fet una visita al Parc G\u00fcell de Barcelona. Ha estat una estada de tot un dia on mitjan\u00e7ant una visita guiada han pogut observar totes les produccions dissenyades per l&#8217;artista aix\u00ed com part dels aspectes m\u00e9s peculiars de la seva vida.<\/p>\n<p><img loading=\"lazy\" decoding=\"async\" class=\"alignnone size-medium wp-image-8945\" src=\"https:\/\/agora.xtec.cat\/escolataularodona\/wp-content\/uploads\/usu722\/2023\/06\/Captura-de-pantalla-2023-06-04-221902-300x197.png\" alt=\"\" width=\"300\" height=\"197\" srcset=\"https:\/\/agora.xtec.cat\/escolataularodona\/wp-content\/uploads\/usu722\/2023\/06\/Captura-de-pantalla-2023-06-04-221902-300x197.png 300w, https:\/\/agora.xtec.cat\/escolataularodona\/wp-content\/uploads\/usu722\/2023\/06\/Captura-de-pantalla-2023-06-04-221902-1024x674.png 1024w, https:\/\/agora.xtec.cat\/escolataularodona\/wp-content\/uploads\/usu722\/2023\/06\/Captura-de-pantalla-2023-06-04-221902-768x506.png 768w, https:\/\/agora.xtec.cat\/escolataularodona\/wp-content\/uploads\/usu722\/2023\/06\/Captura-de-pantalla-2023-06-04-221902.png 1144w\" sizes=\"auto, (max-width: 300px) 100vw, 300px\" \/> \u00a0\u00a0\u00a0\u00a0\u00a0\u00a0\u00a0\u00a0\u00a0\u00a0\u00a0\u00a0\u00a0\u00a0\u00a0\u00a0\u00a0\u00a0\u00a0\u00a0\u00a0\u00a0\u00a0\u00a0\u00a0\u00a0\u00a0 <img loading=\"lazy\" decoding=\"async\" class=\"alignnone size-medium wp-image-8946\" src=\"https:\/\/agora.xtec.cat\/escolataularodona\/wp-content\/uploads\/usu722\/2023\/06\/IMG_4079-300x225.jpg\" alt=\"\" width=\"300\" height=\"225\" srcset=\"https:\/\/agora.xtec.cat\/escolataularodona\/wp-content\/uploads\/usu722\/2023\/06\/IMG_4079-300x225.jpg 300w, https:\/\/agora.xtec.cat\/escolataularodona\/wp-content\/uploads\/usu722\/2023\/06\/IMG_4079-768x576.jpg 768w, https:\/\/agora.xtec.cat\/escolataularodona\/wp-content\/uploads\/usu722\/2023\/06\/IMG_4079-200x150.jpg 200w, https:\/\/agora.xtec.cat\/escolataularodona\/wp-content\/uploads\/usu722\/2023\/06\/IMG_4079.jpg 1000w\" sizes=\"auto, (max-width: 300px) 100vw, 300px\" \/><\/p>\n<p>L&#8217;hem trobat molt interessant, ja que ha sigut amb llengua anglesa i a m\u00e9s a m\u00e9s molt divertit perqu\u00e8 all\u00e0 han pogut veure a mida real les produccions realitzades a l&#8217;escola aix\u00ed com la import\u00e0ncia de la seva t\u00e8cnica basada en el trencad\u00eds de les fa\u00e7anes de les cases i de l&#8217;inconfusible llangardaix!<\/p>\n<p><img loading=\"lazy\" decoding=\"async\" class=\"size-medium wp-image-8938 aligncenter\" src=\"https:\/\/agora.xtec.cat\/escolataularodona\/wp-content\/uploads\/usu722\/2023\/06\/Captura-de-pantalla-2023-06-04-161020-300x192.png\" alt=\"\" width=\"300\" height=\"192\" srcset=\"https:\/\/agora.xtec.cat\/escolataularodona\/wp-content\/uploads\/usu722\/2023\/06\/Captura-de-pantalla-2023-06-04-161020-300x192.png 300w, https:\/\/agora.xtec.cat\/escolataularodona\/wp-content\/uploads\/usu722\/2023\/06\/Captura-de-pantalla-2023-06-04-161020-768x491.png 768w, https:\/\/agora.xtec.cat\/escolataularodona\/wp-content\/uploads\/usu722\/2023\/06\/Captura-de-pantalla-2023-06-04-161020.png 808w\" sizes=\"auto, (max-width: 300px) 100vw, 300px\" \/><\/p>\n<p>A continuaci\u00f3 compartim amb vosaltres imatges del tot el nostre proc\u00e9s. <a href=\"https:\/\/agora.xtec.cat\/escolataularodona\/fotografies-c-i-primer\/\">1r<\/a> &#8211; <a href=\"https:\/\/agora.xtec.cat\/escolataularodona\/fotografies-c-i-segon\/\">2n<\/a><\/p>\n","protected":false},"excerpt":{"rendered":"<p>&nbsp;<br \/>\nL&#8217;alumnat de primer i segon cicle de l&#8217;escola ha fet una visita al Parc G\u00fcell de Barcelona. Ha estat una estada de tot un dia on mitjan\u00e7ant una visita guiada han pogut observar totes les produccions dissenyades per l&#8217;artista aix\u00ed com part dels aspectes m\u00e9s&hellip;  <a href=\"https:\/\/agora.xtec.cat\/escolataularodona\/prim\/sortida-parc-guell\/\" title=\"Read SORTIDA PARC G\u00dcELL!\">Llegeix m\u00e9s\u00bb<\/a><\/p>\n","protected":false},"author":18,"featured_media":8939,"comment_status":"closed","ping_status":"closed","sticky":false,"template":"","format":"standard","meta":{"_bbp_topic_count":0,"_bbp_reply_count":0,"_bbp_total_topic_count":0,"_bbp_total_reply_count":0,"_bbp_voice_count":0,"_bbp_anonymous_reply_count":0,"_bbp_topic_count_hidden":0,"_bbp_reply_count_hidden":0,"_bbp_forum_subforum_count":0,"footnotes":""},"categories":[76],"tags":[175],"class_list":["post-8937","post","type-post","status-publish","format-standard","has-post-thumbnail","hentry","category-prim","tag-2022-2023"],"post_mailing_queue_ids":[],"_links":{"self":[{"href":"https:\/\/agora.xtec.cat\/escolataularodona\/wp-json\/wp\/v2\/posts\/8937","targetHints":{"allow":["GET"]}}],"collection":[{"href":"https:\/\/agora.xtec.cat\/escolataularodona\/wp-json\/wp\/v2\/posts"}],"about":[{"href":"https:\/\/agora.xtec.cat\/escolataularodona\/wp-json\/wp\/v2\/types\/post"}],"author":[{"embeddable":true,"href":"https:\/\/agora.xtec.cat\/escolataularodona\/wp-json\/wp\/v2\/users\/18"}],"replies":[{"embeddable":true,"href":"https:\/\/agora.xtec.cat\/escolataularodona\/wp-json\/wp\/v2\/comments?post=8937"}],"version-history":[{"count":3,"href":"https:\/\/agora.xtec.cat\/escolataularodona\/wp-json\/wp\/v2\/posts\/8937\/revisions"}],"predecessor-version":[{"id":8957,"href":"https:\/\/agora.xtec.cat\/escolataularodona\/wp-json\/wp\/v2\/posts\/8937\/revisions\/8957"}],"wp:featuredmedia":[{"embeddable":true,"href":"https:\/\/agora.xtec.cat\/escolataularodona\/wp-json\/wp\/v2\/media\/8939"}],"wp:attachment":[{"href":"https:\/\/agora.xtec.cat\/escolataularodona\/wp-json\/wp\/v2\/media?parent=8937"}],"wp:term":[{"taxonomy":"category","embeddable":true,"href":"https:\/\/agora.xtec.cat\/escolataularodona\/wp-json\/wp\/v2\/categories?post=8937"},{"taxonomy":"post_tag","embeddable":true,"href":"https:\/\/agora.xtec.cat\/escolataularodona\/wp-json\/wp\/v2\/tags?post=8937"}],"curies":[{"name":"wp","href":"https:\/\/api.w.org\/{rel}","templated":true}]}}