{"id":8903,"date":"2023-05-30T13:14:36","date_gmt":"2023-05-30T11:14:36","guid":{"rendered":"https:\/\/agora.xtec.cat\/escolataularodona\/?p=8903"},"modified":"2024-03-05T13:25:22","modified_gmt":"2024-03-05T12:25:22","slug":"visita-de-la-veterinaria","status":"publish","type":"post","link":"https:\/\/agora.xtec.cat\/escolataularodona\/ei5\/visita-de-la-veterinaria\/","title":{"rendered":"Visita de la Veterin\u00e0ria"},"content":{"rendered":"<p>La Lidia Renedo, mama de la Cl\u00e0udia, va venir a l&#8217;escola a fer una xerrada sobre els gats a I5A ja que s\u00f3n la classe de les gatetes i els gatets. Va explicar moltes coses interessants i vam veure la necessitat de poder fer extensible aquesta informaci\u00f3, aleshores, es va proposar fer una s\u00e8rie de xerrades a I3, I4 i la resta d&#8217;I5.<\/p>\n<p>Gr\u00e0cies a ella hem pogut veure la import\u00e0ncia d&#8217;entendre com es comuniquen els gats i els gossos. Vam aprendre de quina manera ens podem apropar a ells nom\u00e9s observant-los.<\/p>\n<p><a href=\"https:\/\/agora.xtec.cat\/escolataularodona\/fotografies-e-i-5-anys\/\" target=\"_blank\" rel=\"noopener\">Aqu\u00ed teniu les fotos<\/a> d&#8217;aquells dies i tamb\u00e9 l&#8217;enlla\u00e7 al <a href=\"https:\/\/docs.google.com\/presentation\/d\/1vwvwYunVUkE1HDkC2KWaXhp01TKkl8sv\/edit?usp=sharing&amp;ouid=114000734236940051201&amp;rtpof=true&amp;sd=true\">PowerPoint<\/a> amb les explicacions que va fer.<\/p>\n<p>&nbsp;<\/p>\n<p><img loading=\"lazy\" decoding=\"async\" class=\"size-medium wp-image-8904\" style=\"font-weight: bold; font-family: inherit; font-size: 1em;\" src=\"https:\/\/agora.xtec.cat\/escolataularodona\/wp-content\/uploads\/usu722\/2023\/05\/perro-y-gato-amigos-9_44d53344_230307211742_1280x800-300x188.jpg\" alt=\"\" width=\"300\" height=\"188\" srcset=\"https:\/\/agora.xtec.cat\/escolataularodona\/wp-content\/uploads\/usu722\/2023\/05\/perro-y-gato-amigos-9_44d53344_230307211742_1280x800-300x188.jpg 300w, https:\/\/agora.xtec.cat\/escolataularodona\/wp-content\/uploads\/usu722\/2023\/05\/perro-y-gato-amigos-9_44d53344_230307211742_1280x800-1024x640.jpg 1024w, https:\/\/agora.xtec.cat\/escolataularodona\/wp-content\/uploads\/usu722\/2023\/05\/perro-y-gato-amigos-9_44d53344_230307211742_1280x800-768x480.jpg 768w, https:\/\/agora.xtec.cat\/escolataularodona\/wp-content\/uploads\/usu722\/2023\/05\/perro-y-gato-amigos-9_44d53344_230307211742_1280x800.jpg 1280w\" sizes=\"auto, (max-width: 300px) 100vw, 300px\" \/><\/p>\n","protected":false},"excerpt":{"rendered":"<p>La Lidia Renedo, mama de la Cl\u00e0udia, va venir a l&#8217;escola a fer una xerrada sobre els gats a I5A ja que s\u00f3n la classe de les gatetes i els gatets. Va explicar moltes coses interessants i vam veure la necessitat de poder fer extensible&hellip;  <a href=\"https:\/\/agora.xtec.cat\/escolataularodona\/ei5\/visita-de-la-veterinaria\/\" title=\"Read Visita de la Veterin\u00e0ria\">Llegeix m\u00e9s\u00bb<\/a><\/p>\n","protected":false},"author":18,"featured_media":8904,"comment_status":"closed","ping_status":"closed","sticky":false,"template":"","format":"standard","meta":{"_bbp_topic_count":0,"_bbp_reply_count":0,"_bbp_total_topic_count":0,"_bbp_total_reply_count":0,"_bbp_voice_count":0,"_bbp_anonymous_reply_count":0,"_bbp_topic_count_hidden":0,"_bbp_reply_count_hidden":0,"_bbp_forum_subforum_count":0,"footnotes":""},"categories":[9,77],"tags":[175],"class_list":["post-8903","post","type-post","status-publish","format-standard","has-post-thumbnail","hentry","category-ei5","category-inf","tag-2022-2023"],"post_mailing_queue_ids":[],"_links":{"self":[{"href":"https:\/\/agora.xtec.cat\/escolataularodona\/wp-json\/wp\/v2\/posts\/8903","targetHints":{"allow":["GET"]}}],"collection":[{"href":"https:\/\/agora.xtec.cat\/escolataularodona\/wp-json\/wp\/v2\/posts"}],"about":[{"href":"https:\/\/agora.xtec.cat\/escolataularodona\/wp-json\/wp\/v2\/types\/post"}],"author":[{"embeddable":true,"href":"https:\/\/agora.xtec.cat\/escolataularodona\/wp-json\/wp\/v2\/users\/18"}],"replies":[{"embeddable":true,"href":"https:\/\/agora.xtec.cat\/escolataularodona\/wp-json\/wp\/v2\/comments?post=8903"}],"version-history":[{"count":3,"href":"https:\/\/agora.xtec.cat\/escolataularodona\/wp-json\/wp\/v2\/posts\/8903\/revisions"}],"predecessor-version":[{"id":8929,"href":"https:\/\/agora.xtec.cat\/escolataularodona\/wp-json\/wp\/v2\/posts\/8903\/revisions\/8929"}],"wp:featuredmedia":[{"embeddable":true,"href":"https:\/\/agora.xtec.cat\/escolataularodona\/wp-json\/wp\/v2\/media\/8904"}],"wp:attachment":[{"href":"https:\/\/agora.xtec.cat\/escolataularodona\/wp-json\/wp\/v2\/media?parent=8903"}],"wp:term":[{"taxonomy":"category","embeddable":true,"href":"https:\/\/agora.xtec.cat\/escolataularodona\/wp-json\/wp\/v2\/categories?post=8903"},{"taxonomy":"post_tag","embeddable":true,"href":"https:\/\/agora.xtec.cat\/escolataularodona\/wp-json\/wp\/v2\/tags?post=8903"}],"curies":[{"name":"wp","href":"https:\/\/api.w.org\/{rel}","templated":true}]}}