{"id":8878,"date":"2023-05-10T13:01:21","date_gmt":"2023-05-10T11:01:21","guid":{"rendered":"https:\/\/agora.xtec.cat\/escolataularodona\/?p=8878"},"modified":"2024-03-05T13:25:43","modified_gmt":"2024-03-05T12:25:43","slug":"ampliant-les-identitats-de-genere-ei4","status":"publish","type":"post","link":"https:\/\/agora.xtec.cat\/escolataularodona\/inf\/ampliant-les-identitats-de-genere-ei4\/","title":{"rendered":"Ampliant les identitats de g\u00e8nere. EI4"},"content":{"rendered":"<p>Els infants d&#8217;EI4 han realitzat aquest taller d&#8217;educaci\u00f3 afectiva i sexual a l&#8217;aula.Es tracta d&#8217;un projecte d\u2019acompanyament respectu\u00f3s dels 3 als 6 anys. Hem fet una sessi\u00f3 d&#8217;1 hora de durada. La J\u00falia S\u00e1nchez Andreo ha estat qui ens ha impartit el taller. Est\u00e0 especialitzada en educaci\u00f3 afectiva i sexual integral i \u00e9s la Creadora de La Ciranda des del 2009. Ha preparat una part de rotllana i di\u00e0leg i una part de manualitats i exercicis pr\u00e0ctics.<a href=\"https:\/\/agora.xtec.cat\/escolataularodona\/fotografies-e-i-4-anys\/\" target=\"_blank\" rel=\"noopener\"> Aqu\u00ed teniu un recull de fotos.<\/a><\/p>\n<p>&nbsp;<\/p>\n<p><img loading=\"lazy\" decoding=\"async\" class=\"\" src=\"https:\/\/laciranda.com\/wp-content\/uploads\/2023\/01\/logos-la-ciranda.png\" width=\"299\" height=\"230\" \/><\/p>\n","protected":false},"excerpt":{"rendered":"<p>Els infants d&#8217;EI4 han realitzat aquest taller d&#8217;educaci\u00f3 afectiva i sexual a l&#8217;aula.Es tracta d&#8217;un projecte d\u2019acompanyament respectu\u00f3s dels 3 als 6 anys. Hem fet una sessi\u00f3 d&#8217;1 hora de durada. La J\u00falia S\u00e1nchez Andreo ha estat qui ens ha impartit el taller. Est\u00e0 especialitzada&hellip;  <a href=\"https:\/\/agora.xtec.cat\/escolataularodona\/inf\/ampliant-les-identitats-de-genere-ei4\/\" title=\"Read Ampliant les identitats de g\u00e8nere. EI4\">Llegeix m\u00e9s\u00bb<\/a><\/p>\n","protected":false},"author":18,"featured_media":8880,"comment_status":"closed","ping_status":"closed","sticky":false,"template":"","format":"standard","meta":{"_bbp_topic_count":0,"_bbp_reply_count":0,"_bbp_total_topic_count":0,"_bbp_total_reply_count":0,"_bbp_voice_count":0,"_bbp_anonymous_reply_count":0,"_bbp_topic_count_hidden":0,"_bbp_reply_count_hidden":0,"_bbp_forum_subforum_count":0,"footnotes":""},"categories":[77],"tags":[175],"class_list":["post-8878","post","type-post","status-publish","format-standard","has-post-thumbnail","hentry","category-inf","tag-2022-2023"],"post_mailing_queue_ids":[],"_links":{"self":[{"href":"https:\/\/agora.xtec.cat\/escolataularodona\/wp-json\/wp\/v2\/posts\/8878","targetHints":{"allow":["GET"]}}],"collection":[{"href":"https:\/\/agora.xtec.cat\/escolataularodona\/wp-json\/wp\/v2\/posts"}],"about":[{"href":"https:\/\/agora.xtec.cat\/escolataularodona\/wp-json\/wp\/v2\/types\/post"}],"author":[{"embeddable":true,"href":"https:\/\/agora.xtec.cat\/escolataularodona\/wp-json\/wp\/v2\/users\/18"}],"replies":[{"embeddable":true,"href":"https:\/\/agora.xtec.cat\/escolataularodona\/wp-json\/wp\/v2\/comments?post=8878"}],"version-history":[{"count":2,"href":"https:\/\/agora.xtec.cat\/escolataularodona\/wp-json\/wp\/v2\/posts\/8878\/revisions"}],"predecessor-version":[{"id":8924,"href":"https:\/\/agora.xtec.cat\/escolataularodona\/wp-json\/wp\/v2\/posts\/8878\/revisions\/8924"}],"wp:featuredmedia":[{"embeddable":true,"href":"https:\/\/agora.xtec.cat\/escolataularodona\/wp-json\/wp\/v2\/media\/8880"}],"wp:attachment":[{"href":"https:\/\/agora.xtec.cat\/escolataularodona\/wp-json\/wp\/v2\/media?parent=8878"}],"wp:term":[{"taxonomy":"category","embeddable":true,"href":"https:\/\/agora.xtec.cat\/escolataularodona\/wp-json\/wp\/v2\/categories?post=8878"},{"taxonomy":"post_tag","embeddable":true,"href":"https:\/\/agora.xtec.cat\/escolataularodona\/wp-json\/wp\/v2\/tags?post=8878"}],"curies":[{"name":"wp","href":"https:\/\/api.w.org\/{rel}","templated":true}]}}