{"id":8860,"date":"2023-05-16T13:59:55","date_gmt":"2023-05-16T11:59:55","guid":{"rendered":"https:\/\/agora.xtec.cat\/escolataularodona\/?p=8860"},"modified":"2024-03-05T13:26:27","modified_gmt":"2024-03-05T12:26:27","slug":"printing-with-light","status":"publish","type":"post","link":"https:\/\/agora.xtec.cat\/escolataularodona\/english\/printing-with-light\/","title":{"rendered":"PRINTING WITH LIGHT!"},"content":{"rendered":"<p><img loading=\"lazy\" decoding=\"async\" class=\"alignnone size-medium wp-image-8868 aligncenter\" src=\"https:\/\/agora.xtec.cat\/escolataularodona\/wp-content\/uploads\/usu722\/2023\/05\/Captura-de-pantalla-2023-05-08-102504-300x166.png\" alt=\"\" width=\"300\" height=\"166\" srcset=\"https:\/\/agora.xtec.cat\/escolataularodona\/wp-content\/uploads\/usu722\/2023\/05\/Captura-de-pantalla-2023-05-08-102504-300x166.png 300w, https:\/\/agora.xtec.cat\/escolataularodona\/wp-content\/uploads\/usu722\/2023\/05\/Captura-de-pantalla-2023-05-08-102504.png 762w\" sizes=\"auto, (max-width: 300px) 100vw, 300px\" \/><\/p>\n<p><strong>FOTOGRAFIA SENSE C\u00c0MERA<\/strong><br \/>\n<strong>FEM CIANOT\u00cdPIA<\/strong><\/p>\n<p><span class=\"hiddenSpellError\">Hello<\/span>\u00a0fam\u00edlies,<\/p>\n<p>En aquest taller ens endinsarem en la m\u00e0gia de la fotografia, a trav\u00e9s de l&#8217;experimentaci\u00f3 amb un dels procediments fotogr\u00e0fics m\u00e9s antics i creatius, la <strong>CIANOT\u00cdPIA<\/strong>. Ens aproparem aix\u00ed als or\u00edgens de la fotografia i veurem els seus principis fonamentals, com ara la fotosensibilitat, l&#8217;exposici\u00f3 a la llum, les reaccions qu\u00edmiques i el revelatge.<\/p>\n<p>La Cianot\u00edpia \u00e9s un procediment fotogr\u00e0fic inventat a mitjans del s. XIX que funciona per contacte directe de l&#8217;objecte original amb el suport fotosensible, sense la necessitat d&#8217;una c\u00e0mera, i que dona com a resultat una c\u00f2pia \u00fanica en tons blaus o cian -d&#8217;aqu\u00ed el seu nom- per mitj\u00e0 de l&#8217;acci\u00f3 fotoqu\u00edmica de la llum solar sobre el suport pr\u00e8viament sensibilitzat.<\/p>\n<p>\u00c9s aix\u00ed com mitjan\u00e7ant aquesta t\u00e8cnica hem creat les nostres cianot\u00edpies disposant tota mena d&#8217;objectes damunt el suport fotosensible, tenint en compte el seu proc\u00e9s d&#8217;exposici\u00f3 i de revelatge.<\/p>\n<p>Va ser un taller molt entretingut que es va realitzar en llengua anglesa on l&#8217;alumnat de quart de prim\u00e0ria va gaudir d&#8217;una t\u00e8cnica art\u00edstica d&#8217;impressi\u00f3 amb llum.<\/p>\n<p>En primer lloc, van fer una composici\u00f3 amb diferents materials del nostre entorn. En segon lloc, van dipositar les seves creacions al sol on van estar exposades gaireb\u00e9 durant 10 minuts i a continuaci\u00f3 van retirar els elements i; finalment va venir el moment m\u00e9s desitjat per elles i ells&#8230; la transformaci\u00f3 de color! Les composicions van estar submergides durant diversos temps en contacte amb aigua i aigua barrejada amb aigua oxigenada i \u00e9s aix\u00ed com el paper va agafar diferents tonalitats de blaus.<\/p>\n<p><img loading=\"lazy\" decoding=\"async\" class=\"alignnone size-medium wp-image-8866\" src=\"https:\/\/agora.xtec.cat\/escolataularodona\/wp-content\/uploads\/usu722\/2023\/05\/IMG_1709-225x300.jpg\" alt=\"\" width=\"225\" height=\"300\" srcset=\"https:\/\/agora.xtec.cat\/escolataularodona\/wp-content\/uploads\/usu722\/2023\/05\/IMG_1709-225x300.jpg 225w, https:\/\/agora.xtec.cat\/escolataularodona\/wp-content\/uploads\/usu722\/2023\/05\/IMG_1709-768x1024.jpg 768w, https:\/\/agora.xtec.cat\/escolataularodona\/wp-content\/uploads\/usu722\/2023\/05\/IMG_1709-1152x1536.jpg 1152w, https:\/\/agora.xtec.cat\/escolataularodona\/wp-content\/uploads\/usu722\/2023\/05\/IMG_1709-1536x2048.jpg 1536w, https:\/\/agora.xtec.cat\/escolataularodona\/wp-content\/uploads\/usu722\/2023\/05\/IMG_1709-scaled.jpg 1920w\" sizes=\"auto, (max-width: 225px) 100vw, 225px\" \/> \u00a0\u00a0 \u00a0 \u00a0 <img loading=\"lazy\" decoding=\"async\" class=\"alignnone size-medium wp-image-8867\" src=\"https:\/\/agora.xtec.cat\/escolataularodona\/wp-content\/uploads\/usu722\/2023\/05\/IMG_1759-225x300.jpg\" alt=\"\" width=\"225\" height=\"300\" srcset=\"https:\/\/agora.xtec.cat\/escolataularodona\/wp-content\/uploads\/usu722\/2023\/05\/IMG_1759-225x300.jpg 225w, https:\/\/agora.xtec.cat\/escolataularodona\/wp-content\/uploads\/usu722\/2023\/05\/IMG_1759-768x1024.jpg 768w, https:\/\/agora.xtec.cat\/escolataularodona\/wp-content\/uploads\/usu722\/2023\/05\/IMG_1759-1152x1536.jpg 1152w, https:\/\/agora.xtec.cat\/escolataularodona\/wp-content\/uploads\/usu722\/2023\/05\/IMG_1759-1536x2048.jpg 1536w, https:\/\/agora.xtec.cat\/escolataularodona\/wp-content\/uploads\/usu722\/2023\/05\/IMG_1759-scaled.jpg 1920w\" sizes=\"auto, (max-width: 225px) 100vw, 225px\" \/>\u00a0 \u00a0 <img loading=\"lazy\" decoding=\"async\" class=\"alignnone size-medium wp-image-8865\" src=\"https:\/\/agora.xtec.cat\/escolataularodona\/wp-content\/uploads\/usu722\/2023\/05\/Captura-de-pantalla-2023-05-08-101954-300x171.png\" alt=\"\" width=\"300\" height=\"171\" srcset=\"https:\/\/agora.xtec.cat\/escolataularodona\/wp-content\/uploads\/usu722\/2023\/05\/Captura-de-pantalla-2023-05-08-101954-300x171.png 300w, https:\/\/agora.xtec.cat\/escolataularodona\/wp-content\/uploads\/usu722\/2023\/05\/Captura-de-pantalla-2023-05-08-101954-1024x584.png 1024w, https:\/\/agora.xtec.cat\/escolataularodona\/wp-content\/uploads\/usu722\/2023\/05\/Captura-de-pantalla-2023-05-08-101954-768x438.png 768w, https:\/\/agora.xtec.cat\/escolataularodona\/wp-content\/uploads\/usu722\/2023\/05\/Captura-de-pantalla-2023-05-08-101954.png 1031w\" sizes=\"auto, (max-width: 300px) 100vw, 300px\" \/><\/p>\n<p>A continuaci\u00f3 compartim amb vosaltres diferents imatges perqu\u00e8 us pugueu endinsar una mica m\u00e9s en l&#8217;activitat! <a href=\"https:\/\/agora.xtec.cat\/escolataularodona\/fotografies-ciclemitja\/\" target=\"_blank\" rel=\"noopener\">Fes clic aqu\u00ed.<\/a><\/p>\n<p>Esperem que us agradi!<\/p>\n","protected":false},"excerpt":{"rendered":"<p>FOTOGRAFIA SENSE C\u00c0MERA<br \/>\nFEM CIANOT\u00cdPIA<br \/>\nHello\u00a0fam\u00edlies,<br \/>\nEn aquest taller ens endinsarem en la m\u00e0gia de la fotografia, a trav\u00e9s de l&#8217;experimentaci\u00f3 amb un dels procediments fotogr\u00e0fics m\u00e9s antics i creatius, la CIANOT\u00cdPIA. Ens aproparem aix\u00ed als or\u00edgens de la fotografia i veurem els seus principis fonamentals, com ara&hellip;  <a href=\"https:\/\/agora.xtec.cat\/escolataularodona\/english\/printing-with-light\/\" title=\"Read PRINTING WITH LIGHT!\">Llegeix m\u00e9s\u00bb<\/a><\/p>\n","protected":false},"author":18,"featured_media":8868,"comment_status":"closed","ping_status":"closed","sticky":false,"template":"","format":"standard","meta":{"_bbp_topic_count":0,"_bbp_reply_count":0,"_bbp_total_topic_count":0,"_bbp_total_reply_count":0,"_bbp_voice_count":0,"_bbp_anonymous_reply_count":0,"_bbp_topic_count_hidden":0,"_bbp_reply_count_hidden":0,"_bbp_forum_subforum_count":0,"footnotes":""},"categories":[68,176],"tags":[175],"class_list":["post-8860","post","type-post","status-publish","format-standard","has-post-thumbnail","hentry","category-english","category-gep","tag-2022-2023"],"post_mailing_queue_ids":[],"_links":{"self":[{"href":"https:\/\/agora.xtec.cat\/escolataularodona\/wp-json\/wp\/v2\/posts\/8860","targetHints":{"allow":["GET"]}}],"collection":[{"href":"https:\/\/agora.xtec.cat\/escolataularodona\/wp-json\/wp\/v2\/posts"}],"about":[{"href":"https:\/\/agora.xtec.cat\/escolataularodona\/wp-json\/wp\/v2\/types\/post"}],"author":[{"embeddable":true,"href":"https:\/\/agora.xtec.cat\/escolataularodona\/wp-json\/wp\/v2\/users\/18"}],"replies":[{"embeddable":true,"href":"https:\/\/agora.xtec.cat\/escolataularodona\/wp-json\/wp\/v2\/comments?post=8860"}],"version-history":[{"count":3,"href":"https:\/\/agora.xtec.cat\/escolataularodona\/wp-json\/wp\/v2\/posts\/8860\/revisions"}],"predecessor-version":[{"id":8901,"href":"https:\/\/agora.xtec.cat\/escolataularodona\/wp-json\/wp\/v2\/posts\/8860\/revisions\/8901"}],"wp:featuredmedia":[{"embeddable":true,"href":"https:\/\/agora.xtec.cat\/escolataularodona\/wp-json\/wp\/v2\/media\/8868"}],"wp:attachment":[{"href":"https:\/\/agora.xtec.cat\/escolataularodona\/wp-json\/wp\/v2\/media?parent=8860"}],"wp:term":[{"taxonomy":"category","embeddable":true,"href":"https:\/\/agora.xtec.cat\/escolataularodona\/wp-json\/wp\/v2\/categories?post=8860"},{"taxonomy":"post_tag","embeddable":true,"href":"https:\/\/agora.xtec.cat\/escolataularodona\/wp-json\/wp\/v2\/tags?post=8860"}],"curies":[{"name":"wp","href":"https:\/\/api.w.org\/{rel}","templated":true}]}}