{"id":8848,"date":"2023-04-28T13:41:32","date_gmt":"2023-04-28T11:41:32","guid":{"rendered":"https:\/\/agora.xtec.cat\/escolataularodona\/?p=8848"},"modified":"2024-03-05T13:26:53","modified_gmt":"2024-03-05T12:26:53","slug":"sortida-al-museu-de-les-titelles-mit","status":"publish","type":"post","link":"https:\/\/agora.xtec.cat\/escolataularodona\/inf\/sortida-al-museu-de-les-titelles-mit\/","title":{"rendered":"Sortida al Museu de les Titelles MIT"},"content":{"rendered":"<p>Hem anat a visitar el Museu Internacional de les Titelles a Palau-solit\u00e0 i Plegamans.<\/p>\n<p>La visita ha estat molt amena i hem gaudit de les explicacions de la T\u00e8ia i en Miquel. Despr\u00e9s hem jugat al parc plegats. Hem tingut un dia fant\u00e0stic!<\/p>\n<p><a href=\"https:\/\/agora.xtec.cat\/escolataularodona\/fotografies-e-i-5-anys\/\" target=\"_blank\" rel=\"noopener\">Us compartim les fotos!<\/a><\/p>\n<p><img loading=\"lazy\" decoding=\"async\" class=\"alignnone size-medium wp-image-8849\" src=\"https:\/\/agora.xtec.cat\/escolataularodona\/wp-content\/uploads\/usu722\/2023\/05\/Logo-negre-1024x341-1-300x100.png\" alt=\"\" width=\"300\" height=\"100\" srcset=\"https:\/\/agora.xtec.cat\/escolataularodona\/wp-content\/uploads\/usu722\/2023\/05\/Logo-negre-1024x341-1-300x100.png 300w, https:\/\/agora.xtec.cat\/escolataularodona\/wp-content\/uploads\/usu722\/2023\/05\/Logo-negre-1024x341-1-768x256.png 768w, https:\/\/agora.xtec.cat\/escolataularodona\/wp-content\/uploads\/usu722\/2023\/05\/Logo-negre-1024x341-1.png 1024w\" sizes=\"auto, (max-width: 300px) 100vw, 300px\" \/><\/p>\n","protected":false},"excerpt":{"rendered":"<p>Hem anat a visitar el Museu Internacional de les Titelles a Palau-solit\u00e0 i Plegamans.<br \/>\nLa visita ha estat molt amena i hem gaudit de les explicacions de la T\u00e8ia i en Miquel. Despr\u00e9s hem jugat al parc plegats. Hem tingut un dia fant\u00e0stic!<br \/>\n<a href=\"https:\/\/agora.xtec.cat\/escolataularodona\/fotografies-e-i-5-anys\/\" target=\"_blank\" rel=\"noopener\">Us&hellip;  <a href=\"https:\/\/agora.xtec.cat\/escolataularodona\/inf\/sortida-al-museu-de-les-titelles-mit\/\" title=\"Read Sortida al Museu de les Titelles MIT\">Llegeix m\u00e9s\u00bb<\/a><\/p>\n","protected":false},"author":18,"featured_media":8849,"comment_status":"closed","ping_status":"closed","sticky":false,"template":"","format":"standard","meta":{"_bbp_topic_count":0,"_bbp_reply_count":0,"_bbp_total_topic_count":0,"_bbp_total_reply_count":0,"_bbp_voice_count":0,"_bbp_anonymous_reply_count":0,"_bbp_topic_count_hidden":0,"_bbp_reply_count_hidden":0,"_bbp_forum_subforum_count":0,"footnotes":""},"categories":[77],"tags":[175],"class_list":["post-8848","post","type-post","status-publish","format-standard","has-post-thumbnail","hentry","category-inf","tag-2022-2023"],"post_mailing_queue_ids":[],"_links":{"self":[{"href":"https:\/\/agora.xtec.cat\/escolataularodona\/wp-json\/wp\/v2\/posts\/8848","targetHints":{"allow":["GET"]}}],"collection":[{"href":"https:\/\/agora.xtec.cat\/escolataularodona\/wp-json\/wp\/v2\/posts"}],"about":[{"href":"https:\/\/agora.xtec.cat\/escolataularodona\/wp-json\/wp\/v2\/types\/post"}],"author":[{"embeddable":true,"href":"https:\/\/agora.xtec.cat\/escolataularodona\/wp-json\/wp\/v2\/users\/18"}],"replies":[{"embeddable":true,"href":"https:\/\/agora.xtec.cat\/escolataularodona\/wp-json\/wp\/v2\/comments?post=8848"}],"version-history":[{"count":2,"href":"https:\/\/agora.xtec.cat\/escolataularodona\/wp-json\/wp\/v2\/posts\/8848\/revisions"}],"predecessor-version":[{"id":8894,"href":"https:\/\/agora.xtec.cat\/escolataularodona\/wp-json\/wp\/v2\/posts\/8848\/revisions\/8894"}],"wp:featuredmedia":[{"embeddable":true,"href":"https:\/\/agora.xtec.cat\/escolataularodona\/wp-json\/wp\/v2\/media\/8849"}],"wp:attachment":[{"href":"https:\/\/agora.xtec.cat\/escolataularodona\/wp-json\/wp\/v2\/media?parent=8848"}],"wp:term":[{"taxonomy":"category","embeddable":true,"href":"https:\/\/agora.xtec.cat\/escolataularodona\/wp-json\/wp\/v2\/categories?post=8848"},{"taxonomy":"post_tag","embeddable":true,"href":"https:\/\/agora.xtec.cat\/escolataularodona\/wp-json\/wp\/v2\/tags?post=8848"}],"curies":[{"name":"wp","href":"https:\/\/api.w.org\/{rel}","templated":true}]}}