{"id":8845,"date":"2023-04-27T13:38:47","date_gmt":"2023-04-27T11:38:47","guid":{"rendered":"https:\/\/agora.xtec.cat\/escolataularodona\/?p=8845"},"modified":"2024-03-05T13:27:09","modified_gmt":"2024-03-05T12:27:09","slug":"racons-daprenentatge-ei5-2","status":"publish","type":"post","link":"https:\/\/agora.xtec.cat\/escolataularodona\/inf\/racons-daprenentatge-ei5-2\/","title":{"rendered":"Racons d&#8217;aprenentatge EI5"},"content":{"rendered":"<p>El treball per racons permet donar <strong>resposta<\/strong> a les <strong>difer\u00e8ncies, interessos i ritmes d\u2019aprenentatge<\/strong> de cada nen i nena. L\u2019objectiu, \u00e9s treballar continguts espec\u00edfics de diferents \u00e0rees de <strong>manera l\u00fadica<\/strong> i <strong>aut\u00f2noma.<\/strong><\/p>\n<p>\u00c9s una metodologia que consisteix a organitzar l\u2019aula en diversos espais on els alumnes, distribu\u00efts en petits grups, realitzen <strong>activitats simult\u00e0nies de manera aut\u00f2noma<\/strong>. El\/la mestre\/a actua com a guia i <strong>l\u2019alumne\/a participa activament en el seu aprenentatge i adquireix responsabilitats.<\/strong><\/p>\n<p><a href=\"https:\/\/agora.xtec.cat\/escolataularodona\/fotografies-e-i-5-anys\/\" target=\"_blank\" rel=\"noopener\">Us deixem aqu\u00ed les fotos de les propostes que hem dut a terme al llarg del trimestre.<\/a><\/p>\n<p><img loading=\"lazy\" decoding=\"async\" class=\"alignnone size-medium wp-image-8619\" src=\"https:\/\/agora.xtec.cat\/escolataularodona\/wp-content\/uploads\/usu722\/2022\/12\/Pastel-Rainbow-Welcome-to-Our-Classroom-Poster-212x300.jpg\" alt=\"\" width=\"212\" height=\"300\" srcset=\"https:\/\/agora.xtec.cat\/escolataularodona\/wp-content\/uploads\/usu722\/2022\/12\/Pastel-Rainbow-Welcome-to-Our-Classroom-Poster-212x300.jpg 212w, https:\/\/agora.xtec.cat\/escolataularodona\/wp-content\/uploads\/usu722\/2022\/12\/Pastel-Rainbow-Welcome-to-Our-Classroom-Poster-724x1024.jpg 724w, https:\/\/agora.xtec.cat\/escolataularodona\/wp-content\/uploads\/usu722\/2022\/12\/Pastel-Rainbow-Welcome-to-Our-Classroom-Poster-768x1086.jpg 768w, https:\/\/agora.xtec.cat\/escolataularodona\/wp-content\/uploads\/usu722\/2022\/12\/Pastel-Rainbow-Welcome-to-Our-Classroom-Poster.jpg 992w\" sizes=\"auto, (max-width: 212px) 100vw, 212px\" \/><\/p>\n","protected":false},"excerpt":{"rendered":"<p>El treball per racons permet donar resposta a les difer\u00e8ncies, interessos i ritmes d\u2019aprenentatge de cada nen i nena. L\u2019objectiu, \u00e9s treballar continguts espec\u00edfics de diferents \u00e0rees de manera l\u00fadica i aut\u00f2noma.<br \/>\n\u00c9s una metodologia que consisteix a organitzar l\u2019aula en diversos espais on els alumnes,&hellip;  <a href=\"https:\/\/agora.xtec.cat\/escolataularodona\/inf\/racons-daprenentatge-ei5-2\/\" title=\"Read Racons d&#8217;aprenentatge EI5\">Llegeix m\u00e9s\u00bb<\/a><\/p>\n","protected":false},"author":18,"featured_media":8891,"comment_status":"closed","ping_status":"closed","sticky":false,"template":"","format":"standard","meta":{"_bbp_topic_count":0,"_bbp_reply_count":0,"_bbp_total_topic_count":0,"_bbp_total_reply_count":0,"_bbp_voice_count":0,"_bbp_anonymous_reply_count":0,"_bbp_topic_count_hidden":0,"_bbp_reply_count_hidden":0,"_bbp_forum_subforum_count":0,"footnotes":""},"categories":[77],"tags":[175],"class_list":["post-8845","post","type-post","status-publish","format-standard","has-post-thumbnail","hentry","category-inf","tag-2022-2023"],"post_mailing_queue_ids":[],"_links":{"self":[{"href":"https:\/\/agora.xtec.cat\/escolataularodona\/wp-json\/wp\/v2\/posts\/8845","targetHints":{"allow":["GET"]}}],"collection":[{"href":"https:\/\/agora.xtec.cat\/escolataularodona\/wp-json\/wp\/v2\/posts"}],"about":[{"href":"https:\/\/agora.xtec.cat\/escolataularodona\/wp-json\/wp\/v2\/types\/post"}],"author":[{"embeddable":true,"href":"https:\/\/agora.xtec.cat\/escolataularodona\/wp-json\/wp\/v2\/users\/18"}],"replies":[{"embeddable":true,"href":"https:\/\/agora.xtec.cat\/escolataularodona\/wp-json\/wp\/v2\/comments?post=8845"}],"version-history":[{"count":2,"href":"https:\/\/agora.xtec.cat\/escolataularodona\/wp-json\/wp\/v2\/posts\/8845\/revisions"}],"predecessor-version":[{"id":8892,"href":"https:\/\/agora.xtec.cat\/escolataularodona\/wp-json\/wp\/v2\/posts\/8845\/revisions\/8892"}],"wp:featuredmedia":[{"embeddable":true,"href":"https:\/\/agora.xtec.cat\/escolataularodona\/wp-json\/wp\/v2\/media\/8891"}],"wp:attachment":[{"href":"https:\/\/agora.xtec.cat\/escolataularodona\/wp-json\/wp\/v2\/media?parent=8845"}],"wp:term":[{"taxonomy":"category","embeddable":true,"href":"https:\/\/agora.xtec.cat\/escolataularodona\/wp-json\/wp\/v2\/categories?post=8845"},{"taxonomy":"post_tag","embeddable":true,"href":"https:\/\/agora.xtec.cat\/escolataularodona\/wp-json\/wp\/v2\/tags?post=8845"}],"curies":[{"name":"wp","href":"https:\/\/api.w.org\/{rel}","templated":true}]}}