{"id":8826,"date":"2023-04-27T13:32:47","date_gmt":"2023-04-27T11:32:47","guid":{"rendered":"https:\/\/agora.xtec.cat\/escolataularodona\/?p=8826"},"modified":"2024-03-05T13:27:24","modified_gmt":"2024-03-05T12:27:24","slug":"marato-de-contes-a-i5","status":"publish","type":"post","link":"https:\/\/agora.xtec.cat\/escolataularodona\/inf\/marato-de-contes-a-i5\/","title":{"rendered":"Marat\u00f3 de contes a I5"},"content":{"rendered":"<p>Gr\u00e0cies a la col\u00b7laboraci\u00f3 de les fam\u00edlies hem tornat a gaudir unes contacontes molt especials en qu\u00e8 mames i \u00e0vies han vingut a les nostres aules per compartir uns contes amb nosaltres.<\/p>\n<p><a href=\"https:\/\/agora.xtec.cat\/escolataularodona\/fotografies-e-i-5-anys\/\" target=\"_blank\" rel=\"noopener\">Aqu\u00ed teniu les fotos d&#8217;aquests dies.<\/a><\/p>\n<p><img loading=\"lazy\" decoding=\"async\" class=\"alignnone size-medium wp-image-8827\" src=\"https:\/\/agora.xtec.cat\/escolataularodona\/wp-content\/uploads\/usu722\/2023\/04\/sopa-de-pedres-768x429-1-300x168.jpg\" alt=\"\" width=\"300\" height=\"168\" srcset=\"https:\/\/agora.xtec.cat\/escolataularodona\/wp-content\/uploads\/usu722\/2023\/04\/sopa-de-pedres-768x429-1-300x168.jpg 300w, https:\/\/agora.xtec.cat\/escolataularodona\/wp-content\/uploads\/usu722\/2023\/04\/sopa-de-pedres-768x429-1.jpg 768w\" sizes=\"auto, (max-width: 300px) 100vw, 300px\" \/> <img loading=\"lazy\" decoding=\"async\" class=\"alignnone wp-image-8828\" src=\"https:\/\/agora.xtec.cat\/escolataularodona\/wp-content\/uploads\/usu722\/2023\/04\/IMG_2049-300x225-1.jpg\" alt=\"\" width=\"223\" height=\"167\" srcset=\"https:\/\/agora.xtec.cat\/escolataularodona\/wp-content\/uploads\/usu722\/2023\/04\/IMG_2049-300x225-1.jpg 300w, https:\/\/agora.xtec.cat\/escolataularodona\/wp-content\/uploads\/usu722\/2023\/04\/IMG_2049-300x225-1-200x150.jpg 200w\" sizes=\"auto, (max-width: 223px) 100vw, 223px\" \/><\/p>\n","protected":false},"excerpt":{"rendered":"<p>Gr\u00e0cies a la col\u00b7laboraci\u00f3 de les fam\u00edlies hem tornat a gaudir unes contacontes molt especials en qu\u00e8 mames i \u00e0vies han vingut a les nostres aules per compartir uns contes amb nosaltres.<br \/>\n<a href=\"https:\/\/agora.xtec.cat\/escolataularodona\/fotografies-e-i-5-anys\/\" target=\"_blank\" rel=\"noopener\">Aqu\u00ed teniu les fotos d&#8217;aquests dies.<\/a><\/p>\n","protected":false},"author":18,"featured_media":0,"comment_status":"closed","ping_status":"closed","sticky":false,"template":"","format":"standard","meta":{"_bbp_topic_count":0,"_bbp_reply_count":0,"_bbp_total_topic_count":0,"_bbp_total_reply_count":0,"_bbp_voice_count":0,"_bbp_anonymous_reply_count":0,"_bbp_topic_count_hidden":0,"_bbp_reply_count_hidden":0,"_bbp_forum_subforum_count":0,"footnotes":""},"categories":[77],"tags":[175],"class_list":["post-8826","post","type-post","status-publish","format-standard","hentry","category-inf","tag-2022-2023"],"post_mailing_queue_ids":[],"_links":{"self":[{"href":"https:\/\/agora.xtec.cat\/escolataularodona\/wp-json\/wp\/v2\/posts\/8826","targetHints":{"allow":["GET"]}}],"collection":[{"href":"https:\/\/agora.xtec.cat\/escolataularodona\/wp-json\/wp\/v2\/posts"}],"about":[{"href":"https:\/\/agora.xtec.cat\/escolataularodona\/wp-json\/wp\/v2\/types\/post"}],"author":[{"embeddable":true,"href":"https:\/\/agora.xtec.cat\/escolataularodona\/wp-json\/wp\/v2\/users\/18"}],"replies":[{"embeddable":true,"href":"https:\/\/agora.xtec.cat\/escolataularodona\/wp-json\/wp\/v2\/comments?post=8826"}],"version-history":[{"count":2,"href":"https:\/\/agora.xtec.cat\/escolataularodona\/wp-json\/wp\/v2\/posts\/8826\/revisions"}],"predecessor-version":[{"id":8888,"href":"https:\/\/agora.xtec.cat\/escolataularodona\/wp-json\/wp\/v2\/posts\/8826\/revisions\/8888"}],"wp:attachment":[{"href":"https:\/\/agora.xtec.cat\/escolataularodona\/wp-json\/wp\/v2\/media?parent=8826"}],"wp:term":[{"taxonomy":"category","embeddable":true,"href":"https:\/\/agora.xtec.cat\/escolataularodona\/wp-json\/wp\/v2\/categories?post=8826"},{"taxonomy":"post_tag","embeddable":true,"href":"https:\/\/agora.xtec.cat\/escolataularodona\/wp-json\/wp\/v2\/tags?post=8826"}],"curies":[{"name":"wp","href":"https:\/\/api.w.org\/{rel}","templated":true}]}}