{"id":8819,"date":"2023-04-26T20:23:46","date_gmt":"2023-04-26T18:23:46","guid":{"rendered":"https:\/\/agora.xtec.cat\/escolataularodona\/?p=8819"},"modified":"2024-03-05T13:27:31","modified_gmt":"2024-03-05T12:27:31","slug":"visita-al-mnactec-ei4","status":"publish","type":"post","link":"https:\/\/agora.xtec.cat\/escolataularodona\/inf\/visita-al-mnactec-ei4\/","title":{"rendered":"Visita al MNACTEC. EI4"},"content":{"rendered":"<p>Avui les nenes i els nens d&#8217;EI4 hem anat a visitar el Museu Nacional de la ci\u00e8ncia i la T\u00e8cnica de Catalunya, ubicat a Terrassa. Hem gaudit de l&#8217;espai Explora 0-6. On hem jugat amb diversos materials i aparells per experimentar en els \u00e0mbits cient\u00edfic i t\u00e8cnic. Aquest espai del MNACTEC es proposa despertar la curiositat dels infants d\u2019una manera propera i engrescadora per contribuir al seu aprenentatge.<\/p>\n<p>Explora 0-6 \u00e9s una sala di\u00e0fana en qu\u00e8 els nens i les nenes, acompanyats d\u2019un adult, poden participar i explorar lliurement a trav\u00e9s de diverses propostes:<\/p>\n<ul>\n<li>Sorral: en un gran recinte amb sorra, els infants trobaran instruments diversos per a fer transvasaments o transmetre moviments com rodes de mol\u00ed, balances o politges.<\/li>\n<li>Espai aeri: els infants, pedalant en unes bicicletes, podran fer moure un helic\u00f2pter de grans dimensions que volta pel sostre.<\/li>\n<li>Maqueta de transports: un espai habilitat amb vies de tren i carreteres, per on poden circular manualment diversos camions i vagons, que es poden carregar i descarregar.<\/li>\n<li>Espai de llum i miralls..<\/li>\n<li>Propostes diverses distribu\u00efdes per tot l\u2019espai: magnetisme, llum, so, engranatges, espai fosc, etc.<\/li>\n<\/ul>\n<p><a href=\"https:\/\/agora.xtec.cat\/escolataularodona\/fotografies-e-i-4-anys\/\" target=\"_blank\" rel=\"noopener\">Podeu clicar aqu\u00ed per veure que b\u00e9 ens ho hem passat.<\/a><\/p>\n","protected":false},"excerpt":{"rendered":"<p>Avui les nenes i els nens d&#8217;EI4 hem anat a visitar el Museu Nacional de la ci\u00e8ncia i la T\u00e8cnica de Catalunya, ubicat a Terrassa. Hem gaudit de l&#8217;espai Explora 0-6. On hem jugat amb diversos materials i aparells per experimentar en els \u00e0mbits cient\u00edfic&hellip;  <a href=\"https:\/\/agora.xtec.cat\/escolataularodona\/inf\/visita-al-mnactec-ei4\/\" title=\"Read Visita al MNACTEC. EI4\">Llegeix m\u00e9s\u00bb<\/a><\/p>\n","protected":false},"author":18,"featured_media":8822,"comment_status":"closed","ping_status":"closed","sticky":false,"template":"","format":"standard","meta":{"_bbp_topic_count":0,"_bbp_reply_count":0,"_bbp_total_topic_count":0,"_bbp_total_reply_count":0,"_bbp_voice_count":0,"_bbp_anonymous_reply_count":0,"_bbp_topic_count_hidden":0,"_bbp_reply_count_hidden":0,"_bbp_forum_subforum_count":0,"footnotes":""},"categories":[77],"tags":[175],"class_list":["post-8819","post","type-post","status-publish","format-standard","has-post-thumbnail","hentry","category-inf","tag-2022-2023"],"post_mailing_queue_ids":[],"_links":{"self":[{"href":"https:\/\/agora.xtec.cat\/escolataularodona\/wp-json\/wp\/v2\/posts\/8819","targetHints":{"allow":["GET"]}}],"collection":[{"href":"https:\/\/agora.xtec.cat\/escolataularodona\/wp-json\/wp\/v2\/posts"}],"about":[{"href":"https:\/\/agora.xtec.cat\/escolataularodona\/wp-json\/wp\/v2\/types\/post"}],"author":[{"embeddable":true,"href":"https:\/\/agora.xtec.cat\/escolataularodona\/wp-json\/wp\/v2\/users\/18"}],"replies":[{"embeddable":true,"href":"https:\/\/agora.xtec.cat\/escolataularodona\/wp-json\/wp\/v2\/comments?post=8819"}],"version-history":[{"count":3,"href":"https:\/\/agora.xtec.cat\/escolataularodona\/wp-json\/wp\/v2\/posts\/8819\/revisions"}],"predecessor-version":[{"id":8838,"href":"https:\/\/agora.xtec.cat\/escolataularodona\/wp-json\/wp\/v2\/posts\/8819\/revisions\/8838"}],"wp:featuredmedia":[{"embeddable":true,"href":"https:\/\/agora.xtec.cat\/escolataularodona\/wp-json\/wp\/v2\/media\/8822"}],"wp:attachment":[{"href":"https:\/\/agora.xtec.cat\/escolataularodona\/wp-json\/wp\/v2\/media?parent=8819"}],"wp:term":[{"taxonomy":"category","embeddable":true,"href":"https:\/\/agora.xtec.cat\/escolataularodona\/wp-json\/wp\/v2\/categories?post=8819"},{"taxonomy":"post_tag","embeddable":true,"href":"https:\/\/agora.xtec.cat\/escolataularodona\/wp-json\/wp\/v2\/tags?post=8819"}],"curies":[{"name":"wp","href":"https:\/\/api.w.org\/{rel}","templated":true}]}}