{"id":8810,"date":"2022-10-21T10:27:25","date_gmt":"2022-10-21T08:27:25","guid":{"rendered":"https:\/\/agora.xtec.cat\/escolataularodona\/?p=8810"},"modified":"2023-04-21T10:38:46","modified_gmt":"2023-04-21T08:38:46","slug":"generacio-plurilingue-gep","status":"publish","type":"post","link":"https:\/\/agora.xtec.cat\/escolataularodona\/general\/generacio-plurilingue-gep\/","title":{"rendered":"Generaci\u00f3 Pluriling\u00fce (GEP)"},"content":{"rendered":"<p><img loading=\"lazy\" decoding=\"async\" class=\"size-medium wp-image-8575 aligncenter\" src=\"https:\/\/agora.xtec.cat\/escolataularodona\/wp-content\/uploads\/usu722\/2022\/11\/Captura-300x183.png\" alt=\"\" width=\"300\" height=\"183\" srcset=\"https:\/\/agora.xtec.cat\/escolataularodona\/wp-content\/uploads\/usu722\/2022\/11\/Captura-300x183.png 300w, https:\/\/agora.xtec.cat\/escolataularodona\/wp-content\/uploads\/usu722\/2022\/11\/Captura.png 404w\" sizes=\"auto, (max-width: 300px) 100vw, 300px\" \/><\/p>\n<p>El curs\u00a0<strong>2021-2022<\/strong>\u00a0l\u2019escola va comen\u00e7ar a formar part del programa d\u2019innovaci\u00f3 pedag\u00f2gica\u00a0<strong>Generaci\u00f3 Pluriling\u00fce (GEP)<\/strong>\u00a0iniciant un projecte ling\u00fc\u00edstic pluriling\u00fce propi. Aquest programa d\u2019innovaci\u00f3 t\u00e9 una durada de tres cursos escolars i, durant aquest temps, mestres de la nostra escola reben formaci\u00f3 sobre enfocaments\u00a0<strong><span class=\"hiddenSpellError\">CLIL<\/span>\u00a0(aprenentatge integrat de contingut i llengua estrangera en angl\u00e8s).<\/strong><\/p>\n<p>La finalitat d\u2019aquest programa \u00e9s millorar la compet\u00e8ncia en lleng\u00fces estrangeres de l\u2019alumnat, afavorint el seu creixement acad\u00e8mic, capacitant-lo per interactuar amb el m\u00f3n en diverses lleng\u00fces i de manera cr\u00edtica. Les accions del programa GEP van adre\u00e7ades a incrementar el temps d\u2019exposici\u00f3 de l\u2019alumnat a la llengua anglesa.<\/p>\n<p>A m\u00e9s d\u2019impartir l\u2019\u00e0rea d\u2019educaci\u00f3 pl\u00e0stica i visual en llengua anglesa durant tota la prim\u00e0ria i \u201c<span class=\"hiddenSpellError\">science<\/span>\u201d a cicle inicial, s\u2019inclouen en l\u2019aula una \u00e0mplia varietat de pr\u00e0ctiques seguint els principis del programa GEP en moments de:<\/p>\n<p>-Tallers: Aquest any amb la introducci\u00f3 dels tallers de descoberta, s\u2019han incl\u00f2s tallers en llengua anglesa a cicle mitj\u00e0 i cicle inicial.<\/p>\n<p>-Altres recursos: Durant aquest curs 22-23, l\u2019escola disposa d\u2019una auxiliar de conversa, adre\u00e7ada a cicle mitj\u00e0 i cicle superior realitzant din\u00e0miques de comprensi\u00f3 i expressi\u00f3 oral i activitats en petits grups.<\/p>\n<p>-Estrat\u00e8gies d\u2019aprenentatge cooperatiu, basat en projectes i amb din\u00e0miques vivencials i significatives per a l\u2019alumnat.<\/p>\n<p><img loading=\"lazy\" decoding=\"async\" class=\"alignnone wp-image-8580\" src=\"https:\/\/agora.xtec.cat\/escolataularodona\/wp-content\/uploads\/usu722\/2022\/11\/Captura-9-300x248.png\" alt=\"\" width=\"190\" height=\"157\" srcset=\"https:\/\/agora.xtec.cat\/escolataularodona\/wp-content\/uploads\/usu722\/2022\/11\/Captura-9-300x250.png 300w, https:\/\/agora.xtec.cat\/escolataularodona\/wp-content\/uploads\/usu722\/2022\/11\/Captura-9.png 615w\" sizes=\"auto, (max-width: 190px) 100vw, 190px\" \/> <img loading=\"lazy\" decoding=\"async\" class=\"alignnone wp-image-8581\" src=\"https:\/\/agora.xtec.cat\/escolataularodona\/wp-content\/uploads\/usu722\/2022\/11\/Captura-3-300x267.png\" alt=\"\" width=\"179\" height=\"159\" srcset=\"https:\/\/agora.xtec.cat\/escolataularodona\/wp-content\/uploads\/usu722\/2022\/11\/Captura-3-300x267.png 300w, https:\/\/agora.xtec.cat\/escolataularodona\/wp-content\/uploads\/usu722\/2022\/11\/Captura-3.png 570w\" sizes=\"auto, (max-width: 179px) 100vw, 179px\" \/> <img loading=\"lazy\" decoding=\"async\" class=\"alignnone wp-image-8582\" src=\"https:\/\/agora.xtec.cat\/escolataularodona\/wp-content\/uploads\/usu722\/2022\/11\/Captura-1-300x233.png\" alt=\"\" width=\"206\" height=\"160\" srcset=\"https:\/\/agora.xtec.cat\/escolataularodona\/wp-content\/uploads\/usu722\/2022\/11\/Captura-1-300x233.png 300w, https:\/\/agora.xtec.cat\/escolataularodona\/wp-content\/uploads\/usu722\/2022\/11\/Captura-1.png 671w\" sizes=\"auto, (max-width: 206px) 100vw, 206px\" \/><\/p>\n","protected":false},"excerpt":{"rendered":"<p>El curs\u00a02021-2022\u00a0l\u2019escola va comen\u00e7ar a formar part del programa d\u2019innovaci\u00f3 pedag\u00f2gica\u00a0Generaci\u00f3 Pluriling\u00fce (GEP)\u00a0iniciant un projecte ling\u00fc\u00edstic pluriling\u00fce propi. Aquest programa d\u2019innovaci\u00f3 t\u00e9 una durada de tres cursos escolars i, durant aquest temps, mestres de la nostra escola reben formaci\u00f3 sobre enfocaments\u00a0CLIL\u00a0(aprenentatge integrat de contingut i&hellip;  <a href=\"https:\/\/agora.xtec.cat\/escolataularodona\/general\/generacio-plurilingue-gep\/\" title=\"Read Generaci\u00f3 Pluriling\u00fce (GEP)\">Llegeix m\u00e9s\u00bb<\/a><\/p>\n","protected":false},"author":1,"featured_media":8575,"comment_status":"closed","ping_status":"closed","sticky":false,"template":"","format":"standard","meta":{"_bbp_topic_count":0,"_bbp_reply_count":0,"_bbp_total_topic_count":0,"_bbp_total_reply_count":0,"_bbp_voice_count":0,"_bbp_anonymous_reply_count":0,"_bbp_topic_count_hidden":0,"_bbp_reply_count_hidden":0,"_bbp_forum_subforum_count":0,"footnotes":""},"categories":[68,176,1],"tags":[],"class_list":["post-8810","post","type-post","status-publish","format-standard","has-post-thumbnail","hentry","category-english","category-gep","category-general"],"post_mailing_queue_ids":[],"_links":{"self":[{"href":"https:\/\/agora.xtec.cat\/escolataularodona\/wp-json\/wp\/v2\/posts\/8810","targetHints":{"allow":["GET"]}}],"collection":[{"href":"https:\/\/agora.xtec.cat\/escolataularodona\/wp-json\/wp\/v2\/posts"}],"about":[{"href":"https:\/\/agora.xtec.cat\/escolataularodona\/wp-json\/wp\/v2\/types\/post"}],"author":[{"embeddable":true,"href":"https:\/\/agora.xtec.cat\/escolataularodona\/wp-json\/wp\/v2\/users\/1"}],"replies":[{"embeddable":true,"href":"https:\/\/agora.xtec.cat\/escolataularodona\/wp-json\/wp\/v2\/comments?post=8810"}],"version-history":[{"count":1,"href":"https:\/\/agora.xtec.cat\/escolataularodona\/wp-json\/wp\/v2\/posts\/8810\/revisions"}],"predecessor-version":[{"id":8811,"href":"https:\/\/agora.xtec.cat\/escolataularodona\/wp-json\/wp\/v2\/posts\/8810\/revisions\/8811"}],"wp:featuredmedia":[{"embeddable":true,"href":"https:\/\/agora.xtec.cat\/escolataularodona\/wp-json\/wp\/v2\/media\/8575"}],"wp:attachment":[{"href":"https:\/\/agora.xtec.cat\/escolataularodona\/wp-json\/wp\/v2\/media?parent=8810"}],"wp:term":[{"taxonomy":"category","embeddable":true,"href":"https:\/\/agora.xtec.cat\/escolataularodona\/wp-json\/wp\/v2\/categories?post=8810"},{"taxonomy":"post_tag","embeddable":true,"href":"https:\/\/agora.xtec.cat\/escolataularodona\/wp-json\/wp\/v2\/tags?post=8810"}],"curies":[{"name":"wp","href":"https:\/\/api.w.org\/{rel}","templated":true}]}}