{"id":8792,"date":"2023-04-18T13:08:06","date_gmt":"2023-04-18T11:08:06","guid":{"rendered":"https:\/\/agora.xtec.cat\/escolataularodona\/?p=8792"},"modified":"2024-03-05T13:54:45","modified_gmt":"2024-03-05T12:54:45","slug":"sant-georges-day","status":"publish","type":"post","link":"https:\/\/agora.xtec.cat\/escolataularodona\/english\/sant-georges-day\/","title":{"rendered":"SANT GEORGE&#8217;S DAY!"},"content":{"rendered":"<p>&nbsp;<\/p>\n<p><img loading=\"lazy\" decoding=\"async\" class=\"size-medium wp-image-8796 aligncenter\" src=\"https:\/\/agora.xtec.cat\/escolataularodona\/wp-content\/uploads\/usu722\/2023\/04\/Captura-de-pantalla-2023-04-11-133338-1-300x268.png\" alt=\"\" width=\"300\" height=\"268\" srcset=\"https:\/\/agora.xtec.cat\/escolataularodona\/wp-content\/uploads\/usu722\/2023\/04\/Captura-de-pantalla-2023-04-11-133338-1-300x268.png 300w, https:\/\/agora.xtec.cat\/escolataularodona\/wp-content\/uploads\/usu722\/2023\/04\/Captura-de-pantalla-2023-04-11-133338-1.png 312w\" sizes=\"auto, (max-width: 300px) 100vw, 300px\" \/><\/p>\n<p>Hello,<\/p>\n<p>L&#8217;alumnat de cinqu\u00e8 de prim\u00e0ria ha\u00a0 portat a terme activitats audiovisuals i d&#8217;expressi\u00f3 oral en llengua anglesa amb l&#8217;auxiliar de conversa del nostre centre.<\/p>\n<p><img loading=\"lazy\" decoding=\"async\" class=\"alignnone size-medium wp-image-8797\" src=\"https:\/\/agora.xtec.cat\/escolataularodona\/wp-content\/uploads\/usu722\/2023\/04\/1-168x300.jpg\" alt=\"\" width=\"168\" height=\"300\" srcset=\"https:\/\/agora.xtec.cat\/escolataularodona\/wp-content\/uploads\/usu722\/2023\/04\/1-168x300.jpg 168w, https:\/\/agora.xtec.cat\/escolataularodona\/wp-content\/uploads\/usu722\/2023\/04\/1-575x1024.jpg 575w, https:\/\/agora.xtec.cat\/escolataularodona\/wp-content\/uploads\/usu722\/2023\/04\/1.jpg 750w\" sizes=\"auto, (max-width: 168px) 100vw, 168px\" \/> <img loading=\"lazy\" decoding=\"async\" class=\"alignnone size-medium wp-image-8798\" src=\"https:\/\/agora.xtec.cat\/escolataularodona\/wp-content\/uploads\/usu722\/2023\/04\/2-168x300.jpg\" alt=\"\" width=\"168\" height=\"300\" srcset=\"https:\/\/agora.xtec.cat\/escolataularodona\/wp-content\/uploads\/usu722\/2023\/04\/2-168x300.jpg 168w, https:\/\/agora.xtec.cat\/escolataularodona\/wp-content\/uploads\/usu722\/2023\/04\/2-575x1024.jpg 575w, https:\/\/agora.xtec.cat\/escolataularodona\/wp-content\/uploads\/usu722\/2023\/04\/2.jpg 750w\" sizes=\"auto, (max-width: 168px) 100vw, 168px\" \/> <img loading=\"lazy\" decoding=\"async\" class=\"alignnone size-medium wp-image-8799\" src=\"https:\/\/agora.xtec.cat\/escolataularodona\/wp-content\/uploads\/usu722\/2023\/04\/3-225x300.jpg\" alt=\"\" width=\"225\" height=\"300\" srcset=\"https:\/\/agora.xtec.cat\/escolataularodona\/wp-content\/uploads\/usu722\/2023\/04\/3-225x300.jpg 225w, https:\/\/agora.xtec.cat\/escolataularodona\/wp-content\/uploads\/usu722\/2023\/04\/3-rotated.jpg 750w\" sizes=\"auto, (max-width: 225px) 100vw, 225px\" \/> <img loading=\"lazy\" decoding=\"async\" class=\"alignnone size-medium wp-image-8800\" src=\"https:\/\/agora.xtec.cat\/escolataularodona\/wp-content\/uploads\/usu722\/2023\/04\/3-1-225x300.jpg\" alt=\"\" width=\"225\" height=\"300\" srcset=\"https:\/\/agora.xtec.cat\/escolataularodona\/wp-content\/uploads\/usu722\/2023\/04\/3-1-225x300.jpg 225w, https:\/\/agora.xtec.cat\/escolataularodona\/wp-content\/uploads\/usu722\/2023\/04\/3-1-rotated.jpg 750w\" sizes=\"auto, (max-width: 225px) 100vw, 225px\" \/><\/p>\n<p>&nbsp;<\/p>\n<p>El prop\u00f2sit d&#8217;aquesta din\u00e0mica ha sigut con\u00e8ixer i compartir la llegenda de Sant Jordi fent activitats m\u00e9s din\u00e0miques amb els nostres infants.<\/p>\n<p>Hem gaudit treballant en tauletes en equip!<\/p>\n<p>A continuaci\u00f3 us adjuntem unes fotos perqu\u00e8 observeu qu\u00e8 tal ens ha anat. Les podeu veure fent clic <a href=\"https:\/\/agora.xtec.cat\/escolataularodona\/fotografies-cicle-superior\/\">aqu\u00ed<\/a>.<\/p>\n<p>&nbsp;<\/p>\n<p>&nbsp;<\/p>\n","protected":false},"excerpt":{"rendered":"<p>&nbsp;<\/p>\n<p>Hello,<br \/>\nL&#8217;alumnat de cinqu\u00e8 de prim\u00e0ria ha\u00a0 portat a terme activitats audiovisuals i d&#8217;expressi\u00f3 oral en llengua anglesa amb l&#8217;auxiliar de conversa del nostre centre.<\/p>\n<p>&nbsp;<br \/>\nEl prop\u00f2sit d&#8217;aquesta din\u00e0mica ha sigut con\u00e8ixer i compartir la llegenda de Sant Jordi fent activitats m\u00e9s din\u00e0miques amb&hellip;  <a href=\"https:\/\/agora.xtec.cat\/escolataularodona\/english\/sant-georges-day\/\" title=\"Read SANT GEORGE&#8217;S DAY!\">Llegeix m\u00e9s\u00bb<\/a><\/p>\n","protected":false},"author":18,"featured_media":8796,"comment_status":"closed","ping_status":"closed","sticky":false,"template":"","format":"standard","meta":{"_bbp_topic_count":0,"_bbp_reply_count":0,"_bbp_total_topic_count":0,"_bbp_total_reply_count":0,"_bbp_voice_count":0,"_bbp_anonymous_reply_count":0,"_bbp_topic_count_hidden":0,"_bbp_reply_count_hidden":0,"_bbp_forum_subforum_count":0,"footnotes":""},"categories":[70,68,176],"tags":[175],"class_list":["post-8792","post","type-post","status-publish","format-standard","has-post-thumbnail","hentry","category-arts","category-english","category-gep","tag-2022-2023"],"post_mailing_queue_ids":[],"_links":{"self":[{"href":"https:\/\/agora.xtec.cat\/escolataularodona\/wp-json\/wp\/v2\/posts\/8792","targetHints":{"allow":["GET"]}}],"collection":[{"href":"https:\/\/agora.xtec.cat\/escolataularodona\/wp-json\/wp\/v2\/posts"}],"about":[{"href":"https:\/\/agora.xtec.cat\/escolataularodona\/wp-json\/wp\/v2\/types\/post"}],"author":[{"embeddable":true,"href":"https:\/\/agora.xtec.cat\/escolataularodona\/wp-json\/wp\/v2\/users\/18"}],"replies":[{"embeddable":true,"href":"https:\/\/agora.xtec.cat\/escolataularodona\/wp-json\/wp\/v2\/comments?post=8792"}],"version-history":[{"count":3,"href":"https:\/\/agora.xtec.cat\/escolataularodona\/wp-json\/wp\/v2\/posts\/8792\/revisions"}],"predecessor-version":[{"id":8804,"href":"https:\/\/agora.xtec.cat\/escolataularodona\/wp-json\/wp\/v2\/posts\/8792\/revisions\/8804"}],"wp:featuredmedia":[{"embeddable":true,"href":"https:\/\/agora.xtec.cat\/escolataularodona\/wp-json\/wp\/v2\/media\/8796"}],"wp:attachment":[{"href":"https:\/\/agora.xtec.cat\/escolataularodona\/wp-json\/wp\/v2\/media?parent=8792"}],"wp:term":[{"taxonomy":"category","embeddable":true,"href":"https:\/\/agora.xtec.cat\/escolataularodona\/wp-json\/wp\/v2\/categories?post=8792"},{"taxonomy":"post_tag","embeddable":true,"href":"https:\/\/agora.xtec.cat\/escolataularodona\/wp-json\/wp\/v2\/tags?post=8792"}],"curies":[{"name":"wp","href":"https:\/\/api.w.org\/{rel}","templated":true}]}}