{"id":8744,"date":"2023-02-26T19:53:40","date_gmt":"2023-02-26T18:53:40","guid":{"rendered":"https:\/\/agora.xtec.cat\/escolataularodona\/?p=8744"},"modified":"2024-03-05T13:29:35","modified_gmt":"2024-03-05T12:29:35","slug":"racons-daprenentatge-ei3-rotacio-2","status":"publish","type":"post","link":"https:\/\/agora.xtec.cat\/escolataularodona\/p3\/racons-daprenentatge-ei3-rotacio-2\/","title":{"rendered":"Racons d&#8217;aprenentatge EI3 (rotaci\u00f3 2)"},"content":{"rendered":"<p><strong>Rac\u00f3 de llenguatge: <\/strong>Cada nena i nen ha identificat el seu nom. L\u2019ha repassat amb un pinzell i aigua i l\u2019han fet desapar\u00e8ixer. Despr\u00e9s, han repassat noms d\u2019altres companyes i companys.<\/p>\n<p><img loading=\"lazy\" decoding=\"async\" class=\"alignnone size-medium wp-image-8763\" src=\"https:\/\/agora.xtec.cat\/escolataularodona\/wp-content\/uploads\/usu722\/2023\/03\/IMG_2939-1-300x214.jpg\" alt=\"\" width=\"300\" height=\"214\" srcset=\"https:\/\/agora.xtec.cat\/escolataularodona\/wp-content\/uploads\/usu722\/2023\/03\/IMG_2939-1-300x214.jpg 300w, https:\/\/agora.xtec.cat\/escolataularodona\/wp-content\/uploads\/usu722\/2023\/03\/IMG_2939-1.jpg 562w\" sizes=\"auto, (max-width: 300px) 100vw, 300px\" \/><\/p>\n<p><strong>Rac\u00f3 de la vida pr\u00e0ctica: <\/strong>Aprofitem una activitat de la vida quotidiana com \u00e9s estendre la roba per treballar la psicomotricitat fina, la coordinaci\u00f3 oculo-manual i aparellar mitjons.<\/p>\n<p><img loading=\"lazy\" decoding=\"async\" class=\"alignnone size-medium wp-image-8765\" src=\"https:\/\/agora.xtec.cat\/escolataularodona\/wp-content\/uploads\/usu722\/2023\/03\/IMG_3974-1-300x213.jpg\" alt=\"\" width=\"300\" height=\"213\" srcset=\"https:\/\/agora.xtec.cat\/escolataularodona\/wp-content\/uploads\/usu722\/2023\/03\/IMG_3974-1-300x213.jpg 300w, https:\/\/agora.xtec.cat\/escolataularodona\/wp-content\/uploads\/usu722\/2023\/03\/IMG_3974-1.jpg 551w\" sizes=\"auto, (max-width: 300px) 100vw, 300px\" \/><\/p>\n<p><strong>Rac\u00f3 sensorial: <\/strong>Han gaudit de la textura de la neu artificial, feta amb bicarbonat i aigua. Han fet castells, boles de neu, sopes, gelats, joc simb\u00f2lic&#8230;<\/p>\n<p><img loading=\"lazy\" decoding=\"async\" class=\"alignnone size-medium wp-image-8762\" src=\"https:\/\/agora.xtec.cat\/escolataularodona\/wp-content\/uploads\/usu722\/2023\/03\/IMG_2936-1-300x222.jpg\" alt=\"\" width=\"300\" height=\"222\" srcset=\"https:\/\/agora.xtec.cat\/escolataularodona\/wp-content\/uploads\/usu722\/2023\/03\/IMG_2936-1-300x222.jpg 300w, https:\/\/agora.xtec.cat\/escolataularodona\/wp-content\/uploads\/usu722\/2023\/03\/IMG_2936-1.jpg 463w\" sizes=\"auto, (max-width: 300px) 100vw, 300px\" \/><\/p>\n<p><strong>Rac\u00f3 matem\u00e0tic: <\/strong>Han aparellat animals polars (els iguals, les mames o papes amb les seves cries\u2026)<\/p>\n<p><img loading=\"lazy\" decoding=\"async\" class=\"alignnone size-medium wp-image-8764\" src=\"https:\/\/agora.xtec.cat\/escolataularodona\/wp-content\/uploads\/usu722\/2023\/03\/IMG_3252-1-300x226.jpg\" alt=\"\" width=\"300\" height=\"226\" srcset=\"https:\/\/agora.xtec.cat\/escolataularodona\/wp-content\/uploads\/usu722\/2023\/03\/IMG_3252-1-300x226.jpg 300w, https:\/\/agora.xtec.cat\/escolataularodona\/wp-content\/uploads\/usu722\/2023\/03\/IMG_3252-1-200x150.jpg 200w, https:\/\/agora.xtec.cat\/escolataularodona\/wp-content\/uploads\/usu722\/2023\/03\/IMG_3252-1.jpg 689w\" sizes=\"auto, (max-width: 300px) 100vw, 300px\" \/><\/p>\n<p><a href=\"https:\/\/agora.xtec.cat\/escolataularodona\/fotografies-e-i-3-anys\/\" target=\"_blank\" rel=\"noopener\">Per veure les fotos cliqueu aqu\u00ed.<\/a><\/p>\n","protected":false},"excerpt":{"rendered":"<p>Rac\u00f3 de llenguatge: Cada nena i nen ha identificat el seu nom. L\u2019ha repassat amb un pinzell i aigua i l\u2019han fet desapar\u00e8ixer. Despr\u00e9s, han repassat noms d\u2019altres companyes i companys.<\/p>\n<p>Rac\u00f3 de la vida pr\u00e0ctica: Aprofitem una activitat de la vida quotidiana com \u00e9s estendre&hellip;  <a href=\"https:\/\/agora.xtec.cat\/escolataularodona\/p3\/racons-daprenentatge-ei3-rotacio-2\/\" title=\"Read Racons d&#8217;aprenentatge EI3 (rotaci\u00f3 2)\">Llegeix m\u00e9s\u00bb<\/a><\/p>\n","protected":false},"author":1,"featured_media":8762,"comment_status":"closed","ping_status":"closed","sticky":false,"template":"","format":"standard","meta":{"_bbp_topic_count":0,"_bbp_reply_count":0,"_bbp_total_topic_count":0,"_bbp_total_reply_count":0,"_bbp_voice_count":0,"_bbp_anonymous_reply_count":0,"_bbp_topic_count_hidden":0,"_bbp_reply_count_hidden":0,"_bbp_forum_subforum_count":0,"footnotes":""},"categories":[3,77],"tags":[175],"class_list":["post-8744","post","type-post","status-publish","format-standard","has-post-thumbnail","hentry","category-p3","category-inf","tag-2022-2023"],"post_mailing_queue_ids":[],"_links":{"self":[{"href":"https:\/\/agora.xtec.cat\/escolataularodona\/wp-json\/wp\/v2\/posts\/8744","targetHints":{"allow":["GET"]}}],"collection":[{"href":"https:\/\/agora.xtec.cat\/escolataularodona\/wp-json\/wp\/v2\/posts"}],"about":[{"href":"https:\/\/agora.xtec.cat\/escolataularodona\/wp-json\/wp\/v2\/types\/post"}],"author":[{"embeddable":true,"href":"https:\/\/agora.xtec.cat\/escolataularodona\/wp-json\/wp\/v2\/users\/1"}],"replies":[{"embeddable":true,"href":"https:\/\/agora.xtec.cat\/escolataularodona\/wp-json\/wp\/v2\/comments?post=8744"}],"version-history":[{"count":3,"href":"https:\/\/agora.xtec.cat\/escolataularodona\/wp-json\/wp\/v2\/posts\/8744\/revisions"}],"predecessor-version":[{"id":8766,"href":"https:\/\/agora.xtec.cat\/escolataularodona\/wp-json\/wp\/v2\/posts\/8744\/revisions\/8766"}],"wp:featuredmedia":[{"embeddable":true,"href":"https:\/\/agora.xtec.cat\/escolataularodona\/wp-json\/wp\/v2\/media\/8762"}],"wp:attachment":[{"href":"https:\/\/agora.xtec.cat\/escolataularodona\/wp-json\/wp\/v2\/media?parent=8744"}],"wp:term":[{"taxonomy":"category","embeddable":true,"href":"https:\/\/agora.xtec.cat\/escolataularodona\/wp-json\/wp\/v2\/categories?post=8744"},{"taxonomy":"post_tag","embeddable":true,"href":"https:\/\/agora.xtec.cat\/escolataularodona\/wp-json\/wp\/v2\/tags?post=8744"}],"curies":[{"name":"wp","href":"https:\/\/api.w.org\/{rel}","templated":true}]}}